{"id":35221,"date":"2025-07-09T13:18:54","date_gmt":"2025-07-09T17:18:54","guid":{"rendered":"https:\/\/noticiasveraces.com\/?p=35221"},"modified":"2025-07-09T13:18:54","modified_gmt":"2025-07-09T17:18:54","slug":"grecia-suspende-solicitudes-de-asilo-tras-oleada-de-llegadas-dw-09-07-2025","status":"publish","type":"post","link":"https:\/\/noticiasveraces.com\/?p=35221","title":{"rendered":"Grecia suspende solicitudes de asilo tras oleada de llegadas \u2013 DW \u2013 09\/07\/2025"},"content":{"rendered":"<p> \n<\/p>\n<div>\n<p>\u00abTras una larga operaci\u00f3n de b\u00fasqueda, alrededor de 520 extranjeros que se encontraban a bordo de un barco pesquero fueron rescatados a 17 millas n\u00e1uticas al sur de Gavdos\u00bb, indicaron los guardacostas italianos este mi\u00e9rcoles (09.07.2025) en un comunicado. El pesquero abarrotado de inmigrantes fue localizado por los guardacostas de Grecia a unas 17 millas na\u00faticas al sur de esa peque\u00f1a isla, situada al sur de Creta, y fueron rescatados por un buque que navegaba en la zona bajo bandera de Bahamas.<\/p>\n<p>Atenas hab\u00eda ya expresado su preocupaci\u00f3n por un \u00abflujo migratorio masivo\u00bb proveniente de Libia. M\u00e1s de dos mil migrantes fueron rescatados frente a las costas de Gavdos y Creta en los \u00faltimos d\u00edas por Frontex y la polic\u00eda portuaria griega, marcando un \u00abpico\u00bb en el n\u00famero de llegadas, seg\u00fan las autoridades griegas. \u00abEstamos hablando de un flujo migratorio masivo, continuo y creciente al sur de nuestro pa\u00eds\u00bb, subray\u00f3 el portavoz del gobierno, Pavlos Marinakis, ayer martes por la noche en televisi\u00f3n.<\/p>\n<p>El domingo m\u00e1s de 600 migrantes fueron rescatados en esa zona del Mediterr\u00e1neo oriental durante cuatro operaciones de salvamento distintas, seg\u00fan la polic\u00eda portuaria. Una imagen que se repite desde hace meses. Seg\u00fan las autoridades griegas m\u00e1s de 7.300 migrantes llegaron a Creta y Gavdos, que no cuentan con campos de acogida, desde principios de a\u00f1o, frente a los 4.935 en 2024. <\/p>\n<p><span data-slot-id=\"Article_InContent-1\" class=\"rich-text-ad\"\/><\/p>\n<h2>Atenas suspende asilo:\u00a0 \u00abEl paso a Grecia est\u00e1 cerrado\u00bb<\/h2>\n<p>Grecia suspender\u00e1 el examen de las solicitudes de asilo, anunci\u00f3 despu\u00e9s el primer ministro griego, Kyriakos Mitsotakis, ante el auge del flujo migratorio proveniente de Libia. \u00abInformaremos a la Uni\u00f3n Europea de nuestra decisi\u00f3n de suspender durante tres meses las solicitudes de asilo para los migrantes que lleguen a bordo de barcos procedentes del norte de \u00c1frica\u00bb, declar\u00f3 el jefe del Gobierno conservador en el Parlamento, al precisar que \u00abtodos los migrantes que entren ilegalmente ser\u00e1n detenidos y encarcelados\u00bb.<\/p>\n<p>\u00abEl paso a Grecia est\u00e1 cerrado\u00bb, afirm\u00f3 ante los diputados. \u00abLa situaci\u00f3n de emergencia requiere medidas de emergencia\u00bb, justific\u00f3 Mitsotakis, quien quiso enviar \u00abun mensaje de determinaci\u00f3n (&#8230;) les est\u00e1 transmitiendo a todos los traficantes y a sus clientes potenciales que el dinero que gastan podr\u00eda ser completamente desperdiciado\u00bb. \u00abLas fuerzas armadas griegas est\u00e1n dispuestas a cooperar con las autoridades libias para impedir que las embarcaciones abandonen la costa libia\u00bb, a\u00f1adi\u00f3.<\/p>\n<p>LGC (AFP, EFE)<\/p>\n<figure class=\"placeholder-image master_landscape big\"><img data-format=\"MASTER_LANDSCAPE\" data-id=\"73073876\" data-url=\"https:\/\/static.dw.com\/image\/73073876_${formatId}.jpg\" data-aspect-ratio=\"16\/9\" alt=\"El primer ministro griego se dirige a los medios tras la cumbre de la EU en Bruselas el pasado 26 de junio.\" style=\"padding-bottom: 56.25%; height: 0; max-height: 0;\"\/><figcaption class=\"img-caption\">Kyriakos Mitsotakis, en una imagen reciente.<small class=\"copyright\">Imagen: Dursun Aydemir\/Anadolu\/Picture Alliance<\/small><\/figcaption><\/figure>\n<\/div>\n\n","protected":false},"excerpt":{"rendered":"<p>\u00abTras una larga operaci\u00f3n de b\u00fasqueda, alrededor de 520 extranjeros que se encontraban a bordo de un barco pesquero fueron rescatados a 17 millas n\u00e1uticas al sur de Gavdos\u00bb, indicaron los guardacostas italianos este mi\u00e9rcoles (09.07.2025) en un comunicado. El pesquero abarrotado de inmigrantes fue localizado por los guardacostas de Grecia a unas 17 millas &hellip;<\/p>\n","protected":false},"author":1,"featured_media":35222,"comment_status":"open","ping_status":"open","sticky":false,"template":"","format":"standard","meta":{"fifu_image_url":"https:\/\/static.dw.com\/image\/73213366_6.jpg","fifu_image_alt":"","footnotes":""},"categories":[13],"tags":[],"class_list":["post-35221","post","type-post","status-publish","format-standard","has-post-thumbnail","","category-mundo"],"_links":{"self":[{"href":"https:\/\/noticiasveraces.com\/index.php?rest_route=\/wp\/v2\/posts\/35221","targetHints":{"allow":["GET"]}}],"collection":[{"href":"https:\/\/noticiasveraces.com\/index.php?rest_route=\/wp\/v2\/posts"}],"about":[{"href":"https:\/\/noticiasveraces.com\/index.php?rest_route=\/wp\/v2\/types\/post"}],"author":[{"embeddable":true,"href":"https:\/\/noticiasveraces.com\/index.php?rest_route=\/wp\/v2\/users\/1"}],"replies":[{"embeddable":true,"href":"https:\/\/noticiasveraces.com\/index.php?rest_route=%2Fwp%2Fv2%2Fcomments&post=35221"}],"version-history":[{"count":0,"href":"https:\/\/noticiasveraces.com\/index.php?rest_route=\/wp\/v2\/posts\/35221\/revisions"}],"wp:featuredmedia":[{"embeddable":true,"href":"https:\/\/noticiasveraces.com\/index.php?rest_route=\/wp\/v2\/media\/35222"}],"wp:attachment":[{"href":"https:\/\/noticiasveraces.com\/index.php?rest_route=%2Fwp%2Fv2%2Fmedia&parent=35221"}],"wp:term":[{"taxonomy":"category","embeddable":true,"href":"https:\/\/noticiasveraces.com\/index.php?rest_route=%2Fwp%2Fv2%2Fcategories&post=35221"},{"taxonomy":"post_tag","embeddable":true,"href":"https:\/\/noticiasveraces.com\/index.php?rest_route=%2Fwp%2Fv2%2Ftags&post=35221"}],"curies":[{"name":"wp","href":"https:\/\/api.w.org\/{rel}","templated":true}]}}