{"id":35218,"date":"2025-07-09T12:16:37","date_gmt":"2025-07-09T16:16:37","guid":{"rendered":"https:\/\/noticiasveraces.com\/?p=35218"},"modified":"2025-07-09T12:16:37","modified_gmt":"2025-07-09T16:16:37","slug":"sede-de-la-policia-de-la-policia-armada-de-la-sede-national-rally-en-paris-durante-la-investigacion-financiera","status":"publish","type":"post","link":"https:\/\/noticiasveraces.com\/?p=35218","title":{"rendered":"Sede de la Polic\u00eda de la Polic\u00eda Armada de la Sede National Rally en Par\u00eds durante la investigaci\u00f3n financiera"},"content":{"rendered":"<p> \n<\/p>\n<div>\n<div id=\"beyondwords-wrapper\" class=\"beyondwords-wrapper\">\n<p><span class=\"label-bg\">NUEVO<\/span>\u00a1Ahora puedes escuchar art\u00edculos de Fox News!\n  <\/p>\n<\/div>\n<p class=\"speakable\">La sede del Partido Nacional de Rally de la derecha francesa fue allanada el mi\u00e9rcoles por la ma\u00f1ana en Par\u00eds en lo que su l\u00edder est\u00e1 llamando una operaci\u00f3n de acoso \u00abespectacular y sin precedentes\u00bb. <\/p>\n<p class=\"speakable\">\u00abDesde las 8:50 de esta ma\u00f1ana, la sede de la manifestaci\u00f3n nacional, incluidas las oficinas de sus l\u00edderes, ha sido objeto de una b\u00fasqueda llevada a cabo por alrededor de veinte agentes de polic\u00eda de la brigada financiera, armados y con chalecos antibalas, acompa\u00f1ados por dos jueces investigadores,\u00bb Jordan Bardella, el presidente nacional del rally, dijo en un comunicado. <\/p>\n<p>\u00abEsta operaci\u00f3n espectacular y sin precedentes es claramente parte de una nueva operaci\u00f3n de acoso. Es un ataque grave contra el pluralismo y el cambio democr\u00e1tico\u00bb, agreg\u00f3. \u00abNunca un partido de oposici\u00f3n ha sufrido ataques tan implacables bajo la Quinta Rep\u00fablica\u00bb. <\/p>\n<p>Los fiscales dijeron que est\u00e1n investigando las acusaciones de financiamiento ilegal de la oferta presidencial de 2022 del l\u00edder del partido Marine Le Pen, y las campa\u00f1as parlamentarias y parlamentarias francesas del Parlamento Europeo del Partido, seg\u00fan Associated Press. <\/p>\n<p><strong>El l\u00edder franc\u00e9s de derecha Marine Le Pen declarado culpable de malversaci\u00f3n de fondos p\u00fablicos, prohibido que se postule para un cargo<\/strong><strong> <\/strong><\/p>\n<div class=\"image-ct inline\">\n<div class=\"m\"><picture><source media=\"(max-width: 767px)\" srcset=\"https:\/\/a57.foxnews.com\/static.foxnews.com\/foxnews.com\/content\/uploads\/2025\/07\/343\/192\/national-rally-france.jpg?ve=1&amp;tl=1, https:\/\/a57.foxnews.com\/static.foxnews.com\/foxnews.com\/content\/uploads\/2025\/07\/686\/384\/national-rally-france.jpg?ve=1&amp;tl=1 2x\" height=\"192\" width=\"343\"><source media=\"(min-width: 768px) and (max-width: 1023px)\" srcset=\"https:\/\/a57.foxnews.com\/static.foxnews.com\/foxnews.com\/content\/uploads\/2025\/07\/672\/378\/national-rally-france.jpg?ve=1&amp;tl=1, https:\/\/a57.foxnews.com\/static.foxnews.com\/foxnews.com\/content\/uploads\/2025\/07\/1344\/756\/national-rally-france.jpg?ve=1&amp;tl=1 2x\" height=\"378\" width=\"672\"><source media=\"(min-width: 1024px) and (max-width: 1279px)\" srcset=\"https:\/\/a57.foxnews.com\/static.foxnews.com\/foxnews.com\/content\/uploads\/2025\/07\/931\/523\/national-rally-france.jpg?ve=1&amp;tl=1, https:\/\/a57.foxnews.com\/static.foxnews.com\/foxnews.com\/content\/uploads\/2025\/07\/1862\/1046\/national-rally-france.jpg?ve=1&amp;tl=1 2x\" height=\"523\" width=\"931\"><source media=\"(min-width: 1280px)\" srcset=\"https:\/\/a57.foxnews.com\/static.foxnews.com\/foxnews.com\/content\/uploads\/2025\/07\/720\/405\/national-rally-france.jpg?ve=1&amp;tl=1, https:\/\/a57.foxnews.com\/static.foxnews.com\/foxnews.com\/content\/uploads\/2025\/07\/1440\/810\/national-rally-france.jpg?ve=1&amp;tl=1 2x\" height=\"405\" width=\"720\"><img loading=\"lazy\" decoding=\"async\" src=\"https:\/\/a57.foxnews.com\/static.foxnews.com\/foxnews.com\/content\/uploads\/2025\/07\/1200\/675\/national-rally-france.jpg?ve=1&amp;tl=1\" alt=\"Marine Le Pen y Jordan Bardella\" width=\"1200\" height=\"675\"\/><\/source><\/source><\/source><\/source><\/picture><\/div>\n<div class=\"info\">\n<div class=\"caption\">\n<p><span>Marine Le Pen, a la izquierda, y el presidente de National Rally, Jordan Bardella, durante una reuni\u00f3n pol\u00edtica el 2 de junio de 2024, en Par\u00eds.<\/span> <span>(AP\/Thomas Padilla)<\/span><\/p>\n<\/div>\n<\/div>\n<\/div>\n<p>\u00abTodos los correos electr\u00f3nicos, documentos y registros contables del partido de oposici\u00f3n l\u00edder han sido incautados, aunque a\u00fan no conocemos las quejas precisas que los subyacen\u00bb, dijo Bardella tambi\u00e9n. \u00abTodo lo que sabemos es que todos los archivos relacionados con las \u00faltimas campa\u00f1as regionales, presidenciales, legislativas y europeas, es decir, toda la actividad electoral del partido, ahora est\u00e1n en manos de los tribunales\u00bb. <\/p>\n<p>La Oficina del Fiscal de Par\u00eds dijo en un comunicado a la AP que las b\u00fasquedas se llevaron a cabo en la sede del Rally National, en la sede de empresas no identificadas y en las casas de personas liderando esas empresas. <\/p>\n<p>Las b\u00fasquedas fueron impulsadas por una investigaci\u00f3n judicial abierta hace un a\u00f1o en una serie de acusaciones, que incluyen fraude, lavado de dinero y falsificaci\u00f3n, dijo la oficina del fiscal. <\/p>\n<p>La investigaci\u00f3n tiene como objetivo determinar si la campa\u00f1a presidencial de Le Pen en 2022, y las campa\u00f1as del partido para el Parlamento Europeo en 2024 y las elecciones parlamentarias francesas en 2022, fueron financiadas por \u00abpr\u00e9stamos ilegales de individuos en beneficio del partido o candidatos de Rally National\u00bb, dijo el comunicado. <\/p>\n<p><strong>Notebook del reportero: r\u00e9plica de un &#8216;terremoto&#8217; pol\u00edtico como Le Pen prohibi\u00f3 la carrera presidencial en 2027<\/strong><strong> <\/strong><\/p>\n<div class=\"image-ct inline\">\n<div class=\"m\"><picture><source media=\"(max-width: 767px)\" srcset=\"https:\/\/a57.foxnews.com\/static.foxnews.com\/foxnews.com\/content\/uploads\/2025\/07\/343\/192\/france-police-officer.jpg?ve=1&amp;tl=1, https:\/\/a57.foxnews.com\/static.foxnews.com\/foxnews.com\/content\/uploads\/2025\/07\/686\/384\/france-police-officer.jpg?ve=1&amp;tl=1 2x\" height=\"192\" width=\"343\"><source media=\"(min-width: 768px) and (max-width: 1023px)\" srcset=\"https:\/\/a57.foxnews.com\/static.foxnews.com\/foxnews.com\/content\/uploads\/2025\/07\/672\/378\/france-police-officer.jpg?ve=1&amp;tl=1, https:\/\/a57.foxnews.com\/static.foxnews.com\/foxnews.com\/content\/uploads\/2025\/07\/1344\/756\/france-police-officer.jpg?ve=1&amp;tl=1 2x\" height=\"378\" width=\"672\"><source media=\"(min-width: 1024px) and (max-width: 1279px)\" srcset=\"https:\/\/a57.foxnews.com\/static.foxnews.com\/foxnews.com\/content\/uploads\/2025\/07\/931\/523\/france-police-officer.jpg?ve=1&amp;tl=1, https:\/\/a57.foxnews.com\/static.foxnews.com\/foxnews.com\/content\/uploads\/2025\/07\/1862\/1046\/france-police-officer.jpg?ve=1&amp;tl=1 2x\" height=\"523\" width=\"931\"><source media=\"(min-width: 1280px)\" srcset=\"https:\/\/a57.foxnews.com\/static.foxnews.com\/foxnews.com\/content\/uploads\/2025\/07\/720\/405\/france-police-officer.jpg?ve=1&amp;tl=1, https:\/\/a57.foxnews.com\/static.foxnews.com\/foxnews.com\/content\/uploads\/2025\/07\/1440\/810\/france-police-officer.jpg?ve=1&amp;tl=1 2x\" height=\"405\" width=\"720\"><img loading=\"lazy\" decoding=\"async\" src=\"https:\/\/a57.foxnews.com\/static.foxnews.com\/foxnews.com\/content\/uploads\/2025\/07\/1200\/675\/france-police-officer.jpg?ve=1&amp;tl=1\" alt=\"Oficial de polic\u00eda en Par\u00eds, Francia\" width=\"1200\" height=\"675\"\/><\/source><\/source><\/source><\/source><\/picture><\/div>\n<div class=\"info\">\n<div class=\"caption\">\n<p><span>Un oficial de polic\u00eda deja la sede del Rally Nacional en Par\u00eds, Francia, luego de las redadas policiales el mi\u00e9rcoles 9 de julio de 2025.<\/span> <span>(AP\/Michel Euler)<\/span><\/p>\n<\/div>\n<\/div>\n<\/div>\n<p>La investigaci\u00f3n tambi\u00e9n est\u00e1 investigando las acusaciones de que la concentraci\u00f3n nacional se super\u00f3 sobre los servicios o se factur\u00f3 por servicios ficticios para aumentar artificialmente la cantidad de ayuda estatal brindada al partido para sus campa\u00f1as electorales. <\/p>\n<p>Las autoridades allanaron la sede del Partido Nacional despu\u00e9s de que Le Pen, subcampe\u00f3n del presidente titular Emmanuel Macron en 2022, fuera condenado por malversaci\u00f3n de fondos en abril. Ella y otros 24 funcionarios del partido fueron acusados \u200b\u200bde haber usado dinero destinado a los ayudantes parlamentarios de la Uni\u00f3n Europea para pagar al personal que trabajaba para el partido entre 2004 y 2016, violando las regulaciones del bloque de 27 naciones. <\/p>\n<div class=\"image-ct inline\">\n<div class=\"m\"><picture><source media=\"(max-width: 767px)\" srcset=\"https:\/\/a57.foxnews.com\/static.foxnews.com\/foxnews.com\/content\/uploads\/2025\/07\/343\/192\/national-rally-member.jpg?ve=1&amp;tl=1, https:\/\/a57.foxnews.com\/static.foxnews.com\/foxnews.com\/content\/uploads\/2025\/07\/686\/384\/national-rally-member.jpg?ve=1&amp;tl=1 2x\" height=\"192\" width=\"343\"><source media=\"(min-width: 768px) and (max-width: 1023px)\" srcset=\"https:\/\/a57.foxnews.com\/static.foxnews.com\/foxnews.com\/content\/uploads\/2025\/07\/672\/378\/national-rally-member.jpg?ve=1&amp;tl=1, https:\/\/a57.foxnews.com\/static.foxnews.com\/foxnews.com\/content\/uploads\/2025\/07\/1344\/756\/national-rally-member.jpg?ve=1&amp;tl=1 2x\" height=\"378\" width=\"672\"><source media=\"(min-width: 1024px) and (max-width: 1279px)\" srcset=\"https:\/\/a57.foxnews.com\/static.foxnews.com\/foxnews.com\/content\/uploads\/2025\/07\/931\/523\/national-rally-member.jpg?ve=1&amp;tl=1, https:\/\/a57.foxnews.com\/static.foxnews.com\/foxnews.com\/content\/uploads\/2025\/07\/1862\/1046\/national-rally-member.jpg?ve=1&amp;tl=1 2x\" height=\"523\" width=\"931\"><source media=\"(min-width: 1280px)\" srcset=\"https:\/\/a57.foxnews.com\/static.foxnews.com\/foxnews.com\/content\/uploads\/2025\/07\/720\/405\/national-rally-member.jpg?ve=1&amp;tl=1, https:\/\/a57.foxnews.com\/static.foxnews.com\/foxnews.com\/content\/uploads\/2025\/07\/1440\/810\/national-rally-member.jpg?ve=1&amp;tl=1 2x\" height=\"405\" width=\"720\"><img loading=\"lazy\" decoding=\"async\" src=\"https:\/\/a57.foxnews.com\/static.foxnews.com\/foxnews.com\/content\/uploads\/2025\/07\/1200\/675\/national-rally-member.jpg?ve=1&amp;tl=1\" alt=\"Miembro del Rally Nacional del Parlamento Laurent Jacobelli\" width=\"1200\" height=\"675\"\/><\/source><\/source><\/source><\/source><\/picture><\/div>\n<div class=\"info\">\n<div class=\"caption\">\n<p><span>El miembro nacional de Rally del Parlamento Laurent Jacobelli responde a los periodistas cuando la polic\u00eda francesa allan\u00f3 la sede del partido de extrema derecha, incautando documentos y registros contables, dijo el l\u00edder del partido el mi\u00e9rcoles 9 de julio de 2025 en Par\u00eds.<\/span> <span>(AP\/Michel Euler)<\/span><\/p>\n<\/div>\n<\/div>\n<\/div>\n<p><strong>Haga clic aqu\u00ed para obtener la aplicaci\u00f3n Fox News<\/strong><strong> <\/strong><\/p>\n<p>La oficina del fiscal dijo que nadie ha sido acusado en el \u00faltimo caso, con el ex tesorero del partido Wallerand de Saint-solo decirle a los periodistas fuera de la sede \u00abque no hicimos nada malo\u00bb. \u2033. <\/p>\n<p><i>Associated Press contribuy\u00f3 a este informe. <\/i><\/p>\n<p> <!----> <\/p>\n<div class=\"article-meta\">\n<div class=\"author-bio\">\n<p>Greg Norman es reportero de Fox News Digital.<\/p>\n<\/div>\n<\/div>\n<\/div>\n\n","protected":false},"excerpt":{"rendered":"<p>NUEVO\u00a1Ahora puedes escuchar art\u00edculos de Fox News! La sede del Partido Nacional de Rally de la derecha francesa fue allanada el mi\u00e9rcoles por la ma\u00f1ana en Par\u00eds en lo que su l\u00edder est\u00e1 llamando una operaci\u00f3n de acoso \u00abespectacular y sin precedentes\u00bb. \u00abDesde las 8:50 de esta ma\u00f1ana, la sede de la manifestaci\u00f3n nacional, incluidas &hellip;<\/p>\n","protected":false},"author":1,"featured_media":35220,"comment_status":"open","ping_status":"open","sticky":false,"template":"","format":"standard","meta":{"fifu_image_url":"https:\/\/static.foxnews.com\/foxnews.com\/content\/uploads\/2025\/07\/national-rally-france.jpg","fifu_image_alt":"","footnotes":""},"categories":[13],"tags":[],"class_list":["post-35218","post","type-post","status-publish","format-standard","has-post-thumbnail","","category-mundo"],"_links":{"self":[{"href":"https:\/\/noticiasveraces.com\/index.php?rest_route=\/wp\/v2\/posts\/35218","targetHints":{"allow":["GET"]}}],"collection":[{"href":"https:\/\/noticiasveraces.com\/index.php?rest_route=\/wp\/v2\/posts"}],"about":[{"href":"https:\/\/noticiasveraces.com\/index.php?rest_route=\/wp\/v2\/types\/post"}],"author":[{"embeddable":true,"href":"https:\/\/noticiasveraces.com\/index.php?rest_route=\/wp\/v2\/users\/1"}],"replies":[{"embeddable":true,"href":"https:\/\/noticiasveraces.com\/index.php?rest_route=%2Fwp%2Fv2%2Fcomments&post=35218"}],"version-history":[{"count":0,"href":"https:\/\/noticiasveraces.com\/index.php?rest_route=\/wp\/v2\/posts\/35218\/revisions"}],"wp:featuredmedia":[{"embeddable":true,"href":"https:\/\/noticiasveraces.com\/index.php?rest_route=\/wp\/v2\/media\/35220"}],"wp:attachment":[{"href":"https:\/\/noticiasveraces.com\/index.php?rest_route=%2Fwp%2Fv2%2Fmedia&parent=35218"}],"wp:term":[{"taxonomy":"category","embeddable":true,"href":"https:\/\/noticiasveraces.com\/index.php?rest_route=%2Fwp%2Fv2%2Fcategories&post=35218"},{"taxonomy":"post_tag","embeddable":true,"href":"https:\/\/noticiasveraces.com\/index.php?rest_route=%2Fwp%2Fv2%2Ftags&post=35218"}],"curies":[{"name":"wp","href":"https:\/\/api.w.org\/{rel}","templated":true}]}}