{"id":35206,"date":"2025-07-09T10:14:51","date_gmt":"2025-07-09T14:14:51","guid":{"rendered":"https:\/\/noticiasveraces.com\/?p=35206"},"modified":"2025-07-09T10:14:51","modified_gmt":"2025-07-09T14:14:51","slug":"nadie-es-culpable-de-la-fractura-contra-psg-dw-09-07-2025","status":"publish","type":"post","link":"https:\/\/noticiasveraces.com\/?p=35206","title":{"rendered":"\u00abNadie es culpable\u00bb de la fractura contra PSG \u2013 DW \u2013 09\/07\/2025"},"content":{"rendered":"<p> \n<\/p>\n<div>\n<p>El mediapunta del Bayern M\u00fanich, Jamal Musiala, pidi\u00f3\u00a0que no se busque culpables por la grave lesi\u00f3n que sufri\u00f3 el fin de semana pasado en el partido del Mundial de Clubes contra el Paris Saint-Germain.<\/p>\n<p>\u00abNo hay nadie a quien culpar. Situaciones como esta ocurren\u00bb, declar\u00f3 el internacional alem\u00e1n Musiala en un breve v\u00eddeo en Instagram. Musiala sufri\u00f3 una fractura de peron\u00e9\u00a0y dislocaci\u00f3n del tobillo tras quedar con la pierna izquierda enredada\u00a0por el portero del PSG, Gianluigi Donnarumma, en una disputa por el bal\u00f3n al final de la primera parte de la victoria del PSG por 2-0 en cuartos de final el s\u00e1bado en Atlanta.<\/p>\n<h2>Cirug\u00eda exitosa<\/h2>\n<p>El jugador de 22 a\u00f1os se someti\u00f3 a una cirug\u00eda tras su regreso a Alemania y estar\u00e1 de baja durante meses. \u00abQuiero agradecerles todo el apoyo que recib\u00ed de todos ustedes. Significa mucho para m\u00ed. Es agradable ver que el mundo del f\u00fatbol se une en un momento como este y lo agradezco mucho\u00bb, declar\u00f3 Musiala.<\/p>\n<p>\u00abLa cirug\u00eda sali\u00f3 muy bien. Estoy en buen estado de salud\u00bb, a\u00f1adi\u00f3. \u00abVoy a aprovechar el pr\u00f3ximo tiempo para recuperar mi fuerza y \u200b\u200boptimismo\u00bb.<\/p>\n<blockquote class=\"instagram embed\" data-href=\"https:\/\/www.instagram.com\/jamalmusiala10\/reel\/DL4mzSjNxDE\/\"\/>\n<p>El capit\u00e1n y portero del M\u00fanich, Manuel Neuer, acus\u00f3 a Donnarumma de rudeza innecesaria contra Musiala y tambi\u00e9n lo critic\u00f3 por no acercarse inmediatamente a ver qu\u00e9 pasaba con el lesionado jugador del Bayern. El entrenador del PSG, Luis Enrique, declar\u00f3 antes de su semifinal contra el Real Madrid, que no quer\u00eda comentar las declaraciones de Neuer porque \u00abno quiero juzgar las declaraciones de otros\u00bb.<\/p>\n<p>Enrique afirm\u00f3 que Donnarumma se ha puesto en contacto con Musiala e insisti\u00f3 en que el guardameta italiano nunca lesionar\u00eda a un rival intencionadamente. \u00abCualquiera que conozca a Gianluigi sabe que es una buena persona\u00bb, declar\u00f3 Enrique. Enrique a\u00f1adi\u00f3 que todos en el PSG le desean a Musiala \u00abuna pronta recuperaci\u00f3n\u00bb, pero recalc\u00f3 que las lesiones son parte del negocio del f\u00fatbol.<\/p>\n<p>Donnarumma expres\u00f3 su pesar en Instagram poco despu\u00e9s del partido y tambi\u00e9n declar\u00f3 a la <em>Gazzetta Dello Sport<\/em> que estaba \u00abconmocionado por lo sucedido. Desde luego, no era mi intenci\u00f3n lesionar a Musiala\u00bb.<\/p>\n<p>(dpa, Instagram\/el)<\/p>\n<\/div>\n<p><script async src=\"\/\/www.instagram.com\/embed.js\"><\/script><br \/>\n<br \/>\n","protected":false},"excerpt":{"rendered":"<p>El mediapunta del Bayern M\u00fanich, Jamal Musiala, pidi\u00f3\u00a0que no se busque culpables por la grave lesi\u00f3n que sufri\u00f3 el fin de semana pasado en el partido del Mundial de Clubes contra el Paris Saint-Germain. \u00abNo hay nadie a quien culpar. Situaciones como esta ocurren\u00bb, declar\u00f3 el internacional alem\u00e1n Musiala en un breve v\u00eddeo en Instagram. &hellip;<\/p>\n","protected":false},"author":1,"featured_media":35207,"comment_status":"open","ping_status":"open","sticky":false,"template":"","format":"standard","meta":{"fifu_image_url":"https:\/\/static.dw.com\/image\/73184879_6.jpg","fifu_image_alt":"","footnotes":""},"categories":[13],"tags":[],"class_list":["post-35206","post","type-post","status-publish","format-standard","has-post-thumbnail","","category-mundo"],"_links":{"self":[{"href":"https:\/\/noticiasveraces.com\/index.php?rest_route=\/wp\/v2\/posts\/35206","targetHints":{"allow":["GET"]}}],"collection":[{"href":"https:\/\/noticiasveraces.com\/index.php?rest_route=\/wp\/v2\/posts"}],"about":[{"href":"https:\/\/noticiasveraces.com\/index.php?rest_route=\/wp\/v2\/types\/post"}],"author":[{"embeddable":true,"href":"https:\/\/noticiasveraces.com\/index.php?rest_route=\/wp\/v2\/users\/1"}],"replies":[{"embeddable":true,"href":"https:\/\/noticiasveraces.com\/index.php?rest_route=%2Fwp%2Fv2%2Fcomments&post=35206"}],"version-history":[{"count":0,"href":"https:\/\/noticiasveraces.com\/index.php?rest_route=\/wp\/v2\/posts\/35206\/revisions"}],"wp:featuredmedia":[{"embeddable":true,"href":"https:\/\/noticiasveraces.com\/index.php?rest_route=\/wp\/v2\/media\/35207"}],"wp:attachment":[{"href":"https:\/\/noticiasveraces.com\/index.php?rest_route=%2Fwp%2Fv2%2Fmedia&parent=35206"}],"wp:term":[{"taxonomy":"category","embeddable":true,"href":"https:\/\/noticiasveraces.com\/index.php?rest_route=%2Fwp%2Fv2%2Fcategories&post=35206"},{"taxonomy":"post_tag","embeddable":true,"href":"https:\/\/noticiasveraces.com\/index.php?rest_route=%2Fwp%2Fv2%2Ftags&post=35206"}],"curies":[{"name":"wp","href":"https:\/\/api.w.org\/{rel}","templated":true}]}}