{"id":35195,"date":"2025-07-09T07:42:34","date_gmt":"2025-07-09T11:42:34","guid":{"rendered":"https:\/\/noticiasveraces.com\/?p=35195"},"modified":"2025-07-09T07:42:34","modified_gmt":"2025-07-09T11:42:34","slug":"cantabria-impulsa-la-primera-ley-europea-para-proteger-los-neuroderechos-y-los-datos-cerebrales-sociedad","status":"publish","type":"post","link":"https:\/\/noticiasveraces.com\/?p=35195","title":{"rendered":"Cantabria impulsa la primera ley europea para proteger los neuroderechos y los datos cerebrales | Sociedad"},"content":{"rendered":"<p> \n<br \/><img decoding=\"async\" src=\"https:\/\/imagenes.elpais.com\/resizer\/v2\/HN5GSGLA5BHLXM6RE23VP4VP4M.jpg?auth=17de68e815ca755072b1f37e1adbc817fbc2a8ccd66a08deda55aa089e0326fb\" \/><\/p>\n<div data-dtm-region=\"articulo_cuerpo\">\n<p class=\"\">Durante pr\u00e1cticamente toda la historia de la humanidad, el cerebro ha sido el \u00faltimo reducto de la intimidad, un \u00e1mbito vedado al que nadie pod\u00eda acceder. Ese cerrojo empieza a abrirse. Tecnolog\u00edas cada vez m\u00e1s accesibles \u2014desde auriculares que monitorizan la actividad neuronal hasta diademas para controlar videojuegos\u2014 proliferan acumulando unos datos cuya protecci\u00f3n legal no est\u00e1 resuelta. Cantabria est\u00e1 cerca de convertirse en pionera europea, con una ley de salud digital que proteger\u00e1 los neuroderechos y los datos que emanen del cerebro.<\/p>\n<p class=\"\">El anteproyecto llegar\u00e1 al parlamento regional en septiembre, y su consejero de Salud, C\u00e9sar Pascual Fern\u00e1ndez (PP), espera que est\u00e9 lista en menos de un a\u00f1o. Seg\u00fan reconoce, la norma tiene una vocaci\u00f3n de convertirse en una referencia legislativa, la primera pieza que genere \u201cun efecto domin\u00f3\u201d que llegue al resto de Espa\u00f1a.<\/p>\n<p class=\"\">Hasta ahora, solo cinco territorios en todo el mundo cuentan con una legislaci\u00f3n similar, seg\u00fan cuenta Rafael Yuste, director del Centro de Neurotecnolog\u00eda de la Universidad de Columbia, uno de los expertos de referencia internacional en la materia, y que ha asesorado al Gobierno c\u00e1ntabro. El primer pa\u00eds fue Chile, que hizo una enmienda expresa a la Constituci\u00f3n en 2021. Lo siguieron el estado de R\u00edo Grande, en Brasil, y los de Colorado, California y Montana, en Estados Unidos. <\/p>\n<p class=\"\">La ley, entre otras cosas, define la neurotecnolog\u00eda, los dispositivos o m\u00e9todos que sirven o para medir la actividad cerebral o para cambiarla. Pueden presentarse en muchas formas: chips implantados en el cerebro; dispositivos magn\u00e9ticos que sirven como esc\u00e1neres cerebrales; ac\u00fasticos, que pueden estimular y medir la actividad cerebral; \u00f3pticos; nanopart\u00edculas. \u201cExiste una carrera tecnol\u00f3gica en todo el mundo para poder entender c\u00f3mo funciona el cerbero, diagnosticar y curar enfermedades cerebrales y poner bases para una futura industria de neurotecnolog\u00eda\u201d, se\u00f1ala Yuste, quien cree que los tel\u00e9fonos inteligentes del futuro pr\u00f3ximo estar\u00e1n implantados en el cerebro.<\/p>\n<p class=\"\">\u201cTodo eso genera una informaci\u00f3n que si se usa en contexto cl\u00ednico est\u00e1 protegida como datos m\u00e9dicos, pero con los dispositivos que se venden como electr\u00f3nica de consumo no tienen ninguna regulaci\u00f3n ni necesitan aprobaci\u00f3n para venderlos\u201d, se\u00f1ala Yuste. <\/p>\n<p class=\"\">Un estudio de 2024 de Neurorights Foundation, firmado por el investigador espa\u00f1ol, analiz\u00f3 30 compa\u00f1\u00edas neurotecnol\u00f3gicas y mostr\u00f3 que todas y cada una de ellas se apropian de los datos de los consumidores y la mayor\u00eda autorizan venderlas a terceras partes. A Yuste le preocupa c\u00f3mo la inteligencia artificial es capaz de descodificar cada vez con mayor precisi\u00f3n los datos que salen de estas tecnolog\u00edas: \u201cEstamos muy cerca productos comerciales para descodificar pensamientos y el lenguaje interno\u201d.<\/p>\n<p class=\"\">El prop\u00f3sito de la ley C\u00e1ntabra, que ha sido presentada este mi\u00e9rcoles en la sede de la Organizaci\u00f3n M\u00e9dica Colegial (OMC) en Madrid, es precisamente poner coto a estos usos y que los datos sean protegidos como informaci\u00f3n sanitaria. Solo aplicar\u00e1 a la peque\u00f1a regi\u00f3n de Cantabria, de menos de 600.000 habitantes, pero su consejero de salud cree que va m\u00e1s all\u00e1 y que puede ser algo \u201csimb\u00f3lico\u201d.<\/p>\n<p class=\"\">Pascual Fern\u00e1ndez ha defendido esta norma ante lo que ha denominado como un nuevo orden sanitario: \u201cEstamos en una encrucijada en el que la biolog\u00eda se confunde con algoritmos, nuestras neuronas dialogan con la nube y tenemos que proteger nuestra privacidad. La salud m\u00e1s all\u00e1 de un derecho se est\u00e1 convirtiendo en un servicio digital. Disponemos de m\u00e1s tecnolog\u00edas y m\u00e1s datos, pero la sanidad no traduce esos datos en mejores resultados para las personas\u201d.<\/p>\n<p class=\"\">Se trata de una ley \u201cverdaderamente \u00fatil\u201d, ha dicho Tom\u00e1s Cobo, presidente de la OMC, en la presentaci\u00f3n. Tambi\u00e9n ha participado mediante un v\u00eddeo Julio Mayol, catedr\u00e1tico de Cirug\u00eda de la Universidad Complutense de Madrid, quien ha subrayado que servir\u00e1 para \u201cgenerar confianza de pacientes y profesionales en la utilizaci\u00f3n de la tecnolog\u00eda digital y obtener mejores resultados\u201d. En este momento de disrupci\u00f3n, Pedro Carrascal, director de la Plataforma de Organizaciones de Pacientes, cree necesario regular los derechos digitales y ponerlos \u201cnegro sobre blanco\u201d. <\/p>\n<h3 class=\"\">M\u00e1s all\u00e1 de los neurodatos<\/h3>\n<p class=\"\">La ley va m\u00e1s all\u00e1 de los neuroderechos y los neurodatos. Tambi\u00e9n incluye la creaci\u00f3n de un registro auton\u00f3mico obligatorio para los sistemas de inteligencia artificial utilizados en salud, tanto en centros p\u00fablicos como privados. Deber\u00e1 incluir, entre otros datos, los algoritmos empleados, los responsables t\u00e9cnicos, los sesgos conocidos y los procedimientos de validaci\u00f3n. El objetivo es que la IA sanitaria opere bajo condiciones de \u201ctransparencia, explicabilidad y control humano\u201d, y que en ning\u00fan caso sustituya el juicio cl\u00ednico, que se blinda legalmente.<\/p>\n<p class=\"\">Los ciudadanos obtendr\u00e1n una bater\u00eda de nuevos derechos frente a decisiones automatizadas: podr\u00e1n solicitar explicaciones claras sobre c\u00f3mo ha intervenido un sistema de IA en su diagn\u00f3stico, rechazar su uso exclusivo y recurrir decisiones tomadas \u00fanicamente por m\u00e1quinas. Tambi\u00e9n se proh\u00edbe toda forma de discriminaci\u00f3n derivada de algoritmos.<\/p>\n<h3 class=\"\">Regulaci\u00f3n de los datos sint\u00e9ticos<\/h3>\n<p class=\"\">Adem\u00e1s, se regulan por primera vez los datos sint\u00e9ticos \u2014informaci\u00f3n generada por modelos computacionales a partir de patrones cl\u00ednicos reales\u2014, cuyo uso se permitir\u00e1 con fines de investigaci\u00f3n, innovaci\u00f3n o formaci\u00f3n, siempre que no puedan reidentificar a una persona. Esta figura, cada vez m\u00e1s utilizada para entrenar sistemas de IA sin poner en riesgo la privacidad, quedar\u00e1 sujeta a reglas de transparencia y validaci\u00f3n cient\u00edfica.<\/p>\n<p class=\"\">Otro de los pilares del anteproyecto es la gesti\u00f3n de los datos sanitarios. Se crea un Espacio Auton\u00f3mico de Datos de Salud que agrupar\u00e1 toda la informaci\u00f3n cl\u00ednica digital de los pacientes, tanto de centros p\u00fablicos como privados. Por primera vez, los profesionales que atiendan a un paciente podr\u00e1n consultar su historia cl\u00ednica electr\u00f3nica completa, independientemente del tipo de centro, durante el tiempo en que dure la atenci\u00f3n. Se fomentar\u00e1 adem\u00e1s el almacenamiento en la nube, en virtud del principio \u201c<i>Nube primero<\/i>\u201d, salvo que haya motivos t\u00e9cnicos que lo desaconsejen.<\/p>\n<p class=\"\">La norma refuerza tambi\u00e9n la seguridad jur\u00eddica en \u00e1reas como la teleasistencia \u2014que se define como \u201ccomplementaria, pero no sustitutiva\u201d de la atenci\u00f3n presencial\u2014, las aplicaciones m\u00f3viles de salud y la prescripci\u00f3n electr\u00f3nica de medicamentos. Estas \u00faltimas se consolidan como v\u00eda preferente, y se distinguen claramente de las <i>aplicaciones<\/i> de bienestar, para evitar confusiones y proteger al usuario.<\/p>\n<\/div>\n\n","protected":false},"excerpt":{"rendered":"<p>Durante pr\u00e1cticamente toda la historia de la humanidad, el cerebro ha sido el \u00faltimo reducto de la intimidad, un \u00e1mbito vedado al que nadie pod\u00eda acceder. Ese cerrojo empieza a abrirse. Tecnolog\u00edas cada vez m\u00e1s accesibles \u2014desde auriculares que monitorizan la actividad neuronal hasta diademas para controlar videojuegos\u2014 proliferan acumulando unos datos cuya protecci\u00f3n legal &hellip;<\/p>\n","protected":false},"author":1,"featured_media":35197,"comment_status":"open","ping_status":"open","sticky":false,"template":"","format":"standard","meta":{"fifu_image_url":"https:\/\/imagenes.elpais.com\/resizer\/v2\/HN5GSGLA5BHLXM6RE23VP4VP4M.jpg?auth=17de68e815ca755072b1f37e1adbc817fbc2a8ccd66a08deda55aa089e0326fb&width=1200","fifu_image_alt":"","footnotes":""},"categories":[11],"tags":[],"class_list":["post-35195","post","type-post","status-publish","format-standard","has-post-thumbnail","","category-viaje"],"_links":{"self":[{"href":"https:\/\/noticiasveraces.com\/index.php?rest_route=\/wp\/v2\/posts\/35195","targetHints":{"allow":["GET"]}}],"collection":[{"href":"https:\/\/noticiasveraces.com\/index.php?rest_route=\/wp\/v2\/posts"}],"about":[{"href":"https:\/\/noticiasveraces.com\/index.php?rest_route=\/wp\/v2\/types\/post"}],"author":[{"embeddable":true,"href":"https:\/\/noticiasveraces.com\/index.php?rest_route=\/wp\/v2\/users\/1"}],"replies":[{"embeddable":true,"href":"https:\/\/noticiasveraces.com\/index.php?rest_route=%2Fwp%2Fv2%2Fcomments&post=35195"}],"version-history":[{"count":0,"href":"https:\/\/noticiasveraces.com\/index.php?rest_route=\/wp\/v2\/posts\/35195\/revisions"}],"wp:featuredmedia":[{"embeddable":true,"href":"https:\/\/noticiasveraces.com\/index.php?rest_route=\/wp\/v2\/media\/35197"}],"wp:attachment":[{"href":"https:\/\/noticiasveraces.com\/index.php?rest_route=%2Fwp%2Fv2%2Fmedia&parent=35195"}],"wp:term":[{"taxonomy":"category","embeddable":true,"href":"https:\/\/noticiasveraces.com\/index.php?rest_route=%2Fwp%2Fv2%2Fcategories&post=35195"},{"taxonomy":"post_tag","embeddable":true,"href":"https:\/\/noticiasveraces.com\/index.php?rest_route=%2Fwp%2Fv2%2Ftags&post=35195"}],"curies":[{"name":"wp","href":"https:\/\/api.w.org\/{rel}","templated":true}]}}