{"id":35176,"date":"2025-07-09T06:00:18","date_gmt":"2025-07-09T10:00:18","guid":{"rendered":"https:\/\/noticiasveraces.com\/?p=35176"},"modified":"2025-07-09T06:00:18","modified_gmt":"2025-07-09T10:00:18","slug":"el-dr-amen-revela-11-formas-de-prevenir-la-enfermedad-de-alzheimer-antes-de-que-aparezcan-los-sintomas","status":"publish","type":"post","link":"https:\/\/noticiasveraces.com\/?p=35176","title":{"rendered":"El Dr. Amen revela 11 formas de prevenir la enfermedad de Alzheimer antes de que aparezcan los s\u00edntomas"},"content":{"rendered":"<p> \n<\/p>\n<div>\n<div id=\"beyondwords-wrapper\" class=\"beyondwords-wrapper\">\n<p><span class=\"label-bg\">NUEVO<\/span>\u00a1Ahora puedes escuchar art\u00edculos de Fox News!\n  <\/p>\n<\/div>\n<p class=\"speakable\">Los desarrollos de investigaci\u00f3n en la enfermedad de Alzheimer, incluidos los an\u00e1lisis de sangre reci\u00e9n aprobados para la detecci\u00f3n temprana, han ayudado a los pacientes a ser diagnosticados antes.<\/p>\n<p class=\"speakable\">Como la demencia com\u00fan ha aumentado entre las personas m\u00e1s j\u00f3venes, el centro de atenci\u00f3n est\u00e1 en formas de prevenir o ralentizar la enfermedad.<\/p>\n<p>El Dr. Daniel Amen, psiquiatra, m\u00e9dico de im\u00e1genes cerebrales y fundador de Amen Clinics en California, habl\u00f3 con Fox News Digital en una entrevista sobre el riesgo y la gesti\u00f3n de Alzheimer.<\/p>\n<p><strong>Primer an\u00e1lisis de sangre para el diagn\u00f3stico de Alzheimer despejado por la FDA<\/strong><\/p>\n<p>\u00abAlzheimer comienza en su cerebro d\u00e9cadas antes de tener alg\u00fan s\u00edntoma\u00bb, dijo. \u00abEntonces, una mujer de 59 a\u00f1os que diagnostic\u00e9 con la enfermedad de Alzheimer probablemente tuvo cambios negativos en el cerebro de los 20 a\u00f1os\u00bb.<\/p>\n<p>\u00abRealmente nunca es demasiado temprano para pensar en proteger su cerebro y su mente\u00bb.<\/p>\n<div class=\"image-ct inline\">\n<div class=\"m\"><picture><source media=\"(max-width: 767px)\" srcset=\"https:\/\/a57.foxnews.com\/static.foxnews.com\/foxnews.com\/content\/uploads\/2025\/07\/343\/192\/daniel-amen-alzheimers-split.jpg?ve=1&amp;tl=1, https:\/\/a57.foxnews.com\/static.foxnews.com\/foxnews.com\/content\/uploads\/2025\/07\/686\/384\/daniel-amen-alzheimers-split.jpg?ve=1&amp;tl=1 2x\" height=\"192\" width=\"343\"><source media=\"(min-width: 768px) and (max-width: 1023px)\" srcset=\"https:\/\/a57.foxnews.com\/static.foxnews.com\/foxnews.com\/content\/uploads\/2025\/07\/672\/378\/daniel-amen-alzheimers-split.jpg?ve=1&amp;tl=1, https:\/\/a57.foxnews.com\/static.foxnews.com\/foxnews.com\/content\/uploads\/2025\/07\/1344\/756\/daniel-amen-alzheimers-split.jpg?ve=1&amp;tl=1 2x\" height=\"378\" width=\"672\"><source media=\"(min-width: 1024px) and (max-width: 1279px)\" srcset=\"https:\/\/a57.foxnews.com\/static.foxnews.com\/foxnews.com\/content\/uploads\/2025\/07\/931\/523\/daniel-amen-alzheimers-split.jpg?ve=1&amp;tl=1, https:\/\/a57.foxnews.com\/static.foxnews.com\/foxnews.com\/content\/uploads\/2025\/07\/1862\/1046\/daniel-amen-alzheimers-split.jpg?ve=1&amp;tl=1 2x\" height=\"523\" width=\"931\"><source media=\"(min-width: 1280px)\" srcset=\"https:\/\/a57.foxnews.com\/static.foxnews.com\/foxnews.com\/content\/uploads\/2025\/07\/720\/405\/daniel-amen-alzheimers-split.jpg?ve=1&amp;tl=1, https:\/\/a57.foxnews.com\/static.foxnews.com\/foxnews.com\/content\/uploads\/2025\/07\/1440\/810\/daniel-amen-alzheimers-split.jpg?ve=1&amp;tl=1 2x\" height=\"405\" width=\"720\"><img loading=\"lazy\" decoding=\"async\" src=\"https:\/\/a57.foxnews.com\/static.foxnews.com\/foxnews.com\/content\/uploads\/2025\/07\/1200\/675\/daniel-amen-alzheimers-split.jpg?ve=1&amp;tl=1\" alt=\"Doctor examinando la imagen de un cerebro y dr. Daniel Amen Headshot\" width=\"1200\" height=\"675\"\/><\/source><\/source><\/source><\/source><\/picture><\/div>\n<div class=\"info\">\n<div class=\"caption\">\n<p><span>El Dr. Daniel Amen (se muestra a la derecha) es el fundador de Amen Clinics Brain Imaging Instituates en todo el pa\u00eds.<\/span> <span>(Istock; Katie Levine)<\/span><\/p>\n<\/div>\n<\/div>\n<\/div>\n<p>Amen, quien tambi\u00e9n fue autor del libro \u00abPrevenir el Alzheimer\u00bb, confirm\u00f3 que la mitad de los casos de Alzheimer se pueden prevenir, seg\u00fan hallazgos recientes.<\/p>\n<p>Esto se puede hacer mediante la crianza de la salud del cerebro y el tratamiento de los 11 factores de riesgo principales que \u00abroban su mente\u00bb, dijo.<\/p>\n<blockquote class=\"pull-quote\">\n<p class=\"quote-text\">\u00abRealmente nunca es demasiado temprano para pensar en proteger su cerebro y su mente\u00bb.<\/p>\n<p> <!----><\/p><\/blockquote>\n<p>Para recordar los factores que pueden ayudar a evitar el Alzheimer, Amen cre\u00f3 el acr\u00f3nimo \u00abBrightMinds\u00bb de la siguiente manera.<\/p>\n<h3>B- flujo sangu\u00edneo<\/h3>\n<p>El bajo flujo sangu\u00edneo es el predictor de im\u00e1genes cerebrales No. 1 de la enfermedad de Alzheimer, seg\u00fan el m\u00e9dico.<\/p>\n<p>El alcohol, la marihuana, la cafe\u00edna, la nicotina, el comportamiento sedentario y el exceso de peso u obesidad pueden disminuir el flujo sangu\u00edneo, por lo tanto, se debe evitar.<\/p>\n<div class=\"image-ct inline\">\n<div class=\"m\"><picture><source media=\"(max-width: 767px)\" srcset=\"https:\/\/a57.foxnews.com\/static.foxnews.com\/foxnews.com\/content\/uploads\/2024\/11\/343\/192\/istock-922562154.jpg?ve=1&amp;tl=1, https:\/\/a57.foxnews.com\/static.foxnews.com\/foxnews.com\/content\/uploads\/2024\/11\/686\/384\/istock-922562154.jpg?ve=1&amp;tl=1 2x\" height=\"192\" width=\"343\"><source media=\"(min-width: 768px) and (max-width: 1023px)\" srcset=\"https:\/\/a57.foxnews.com\/static.foxnews.com\/foxnews.com\/content\/uploads\/2024\/11\/672\/378\/istock-922562154.jpg?ve=1&amp;tl=1, https:\/\/a57.foxnews.com\/static.foxnews.com\/foxnews.com\/content\/uploads\/2024\/11\/1344\/756\/istock-922562154.jpg?ve=1&amp;tl=1 2x\" height=\"378\" width=\"672\"><source media=\"(min-width: 1024px) and (max-width: 1279px)\" srcset=\"https:\/\/a57.foxnews.com\/static.foxnews.com\/foxnews.com\/content\/uploads\/2024\/11\/931\/523\/istock-922562154.jpg?ve=1&amp;tl=1, https:\/\/a57.foxnews.com\/static.foxnews.com\/foxnews.com\/content\/uploads\/2024\/11\/1862\/1046\/istock-922562154.jpg?ve=1&amp;tl=1 2x\" height=\"523\" width=\"931\"><source media=\"(min-width: 1280px)\" srcset=\"https:\/\/a57.foxnews.com\/static.foxnews.com\/foxnews.com\/content\/uploads\/2024\/11\/720\/405\/istock-922562154.jpg?ve=1&amp;tl=1, https:\/\/a57.foxnews.com\/static.foxnews.com\/foxnews.com\/content\/uploads\/2024\/11\/1440\/810\/istock-922562154.jpg?ve=1&amp;tl=1 2x\" height=\"405\" width=\"720\"><img loading=\"lazy\" decoding=\"async\" src=\"https:\/\/a57.foxnews.com\/static.foxnews.com\/foxnews.com\/content\/uploads\/2024\/11\/1200\/675\/istock-922562154.jpg?ve=1&amp;tl=1\" alt=\"Retroceso de una pareja senior que sale a caminar por el parque\" width=\"1200\" height=\"675\"\/><\/source><\/source><\/source><\/source><\/picture><\/div>\n<div class=\"info\">\n<div class=\"caption\">\n<p><span>El bajo flujo sangu\u00edneo se ha relacionado con complicaciones cerebrales, advirti\u00f3 el m\u00e9dico.<\/span> <span>(Istock)<\/span><\/p>\n<\/div>\n<\/div>\n<\/div>\n<p>Para promover el flujo sangu\u00edneo, Amen sugiere \u00abcaminar como llegas tarde\u00bb, lo que podr\u00eda implicar caminar 30 minutos al d\u00eda, alternando entre tres minutos de caminata normal y tres minutos de caminata r\u00e1pida.<\/p>\n<p>\u00abHaz eso cinco veces durante 30 minutos y aumenta el flujo sangu\u00edneo a tu cerebro\u00bb, dijo. <\/p>\n<h3>R &#8211; jubilaci\u00f3n y envejecimiento<\/h3>\n<p>Junto con la jubilaci\u00f3n y el envejecimiento, puede una desaceleraci\u00f3n en el aprendizaje y la actividad cognitiva, lo que lleva a un mayor riesgo de Alzheimer, dijo Amen.<\/p>\n<p><strong>\u00abSoy neur\u00f3logo, aqu\u00ed est\u00e1 por qu\u00e9 la demencia est\u00e1 aumentando y c\u00f3mo reducir su riesgo\u00bb<\/strong><\/p>\n<p>Alienta a los jubilados a aprender algo nuevo todos los d\u00edas para mantener el cerebro activo y saludable.<\/p>\n<h3>Yo &#8211; Inflamaci\u00f3n<\/h3>\n<p>La inflamaci\u00f3n es una \u00abcausa importante\u00bb de problemas psiqui\u00e1tricos, revel\u00f3 Am\u00e9n, as\u00ed como afecciones como el c\u00e1ncer, la artritis y la enfermedad card\u00edaca.<\/p>\n<p>El hilo dental es una manera f\u00e1cil de reducir la inflamaci\u00f3n en las enc\u00edas y ayudar a prevenir la enfermedad de las enc\u00edas, que es una puerta de entrada a la enfermedad cerebral, seg\u00fan el m\u00e9dico.<\/p>\n<div class=\"image-ct inline\">\n<div class=\"m\"><picture><source media=\"(max-width: 767px)\" srcset=\"https:\/\/a57.foxnews.com\/static.foxnews.com\/foxnews.com\/content\/uploads\/2024\/12\/343\/192\/istock-1067037392.jpg?ve=1&amp;tl=1, https:\/\/a57.foxnews.com\/static.foxnews.com\/foxnews.com\/content\/uploads\/2024\/12\/686\/384\/istock-1067037392.jpg?ve=1&amp;tl=1 2x\" height=\"192\" width=\"343\"><source media=\"(min-width: 768px) and (max-width: 1023px)\" srcset=\"https:\/\/a57.foxnews.com\/static.foxnews.com\/foxnews.com\/content\/uploads\/2024\/12\/672\/378\/istock-1067037392.jpg?ve=1&amp;tl=1, https:\/\/a57.foxnews.com\/static.foxnews.com\/foxnews.com\/content\/uploads\/2024\/12\/1344\/756\/istock-1067037392.jpg?ve=1&amp;tl=1 2x\" height=\"378\" width=\"672\"><source media=\"(min-width: 1024px) and (max-width: 1279px)\" srcset=\"https:\/\/a57.foxnews.com\/static.foxnews.com\/foxnews.com\/content\/uploads\/2024\/12\/931\/523\/istock-1067037392.jpg?ve=1&amp;tl=1, https:\/\/a57.foxnews.com\/static.foxnews.com\/foxnews.com\/content\/uploads\/2024\/12\/1862\/1046\/istock-1067037392.jpg?ve=1&amp;tl=1 2x\" height=\"523\" width=\"931\"><source media=\"(min-width: 1280px)\" srcset=\"https:\/\/a57.foxnews.com\/static.foxnews.com\/foxnews.com\/content\/uploads\/2024\/12\/720\/405\/istock-1067037392.jpg?ve=1&amp;tl=1, https:\/\/a57.foxnews.com\/static.foxnews.com\/foxnews.com\/content\/uploads\/2024\/12\/1440\/810\/istock-1067037392.jpg?ve=1&amp;tl=1 2x\" height=\"405\" width=\"720\"><img loading=\"lazy\" decoding=\"async\" src=\"https:\/\/a57.foxnews.com\/static.foxnews.com\/foxnews.com\/content\/uploads\/2024\/12\/1200\/675\/istock-1067037392.jpg?ve=1&amp;tl=1\" alt=\"Hombre hirviendo los dientes en el ba\u00f1o\" width=\"1200\" height=\"675\"\/><\/source><\/source><\/source><\/source><\/picture><\/div>\n<div class=\"info\">\n<div class=\"caption\">\n<p><span>El hilo dental puede ayudar a reducir la inflamaci\u00f3n en las enc\u00edas y prevenir enfermedades, comparti\u00f3 el m\u00e9dico.<\/span> <span>(Istock)<\/span><\/p>\n<\/div>\n<\/div>\n<\/div>\n<h3>G &#8211; Gen\u00e9tica<\/h3>\n<p>\u00abLos genes no son una sentencia de muerte\u00bb, dijo Amen. \u00abLo que deber\u00edan ser es una llamada de atenci\u00f3n\u00bb.<\/p>\n<p>El m\u00e9dico dijo que todos deber\u00edan tomar medidas para descubrir qu\u00e9 enfermedades se ejecutan en la familia y luego seguir un programa de prevenci\u00f3n diaria.<\/p>\n<p><strong>Accidente cerebrovascular, demencia y depresi\u00f3n comparten estos 17 factores de riesgo prevenibles<\/strong><\/p>\n<p>\u00abTengo una enfermedad card\u00edaca y obesidad en mi familia\u00bb, dijo. \u00abNo tengo una enfermedad card\u00edaca y no tengo sobrepeso. \u00bfPor qu\u00e9? Porque estoy en un programa de prevenci\u00f3n de enfermedades card\u00edacas de obesidad todos los d\u00edas de mi vida\u00bb.<\/p>\n<h3>H &#8211; Trauma de cabeza<\/h3>\n<p>Las conmociones cerebrales y el trauma en la cabeza son una \u00abcausa importante\u00bb de problemas psiqui\u00e1tricos, se describen Am\u00e9n, y deben evitarse.<\/p>\n<p>\u00abNo env\u00edes mensajes de texto y conduzcas\u00bb, advirti\u00f3.<\/p>\n<h3>T &#8211; toxinas<\/h3>\n<p>Se sabe que algunas toxinas bien conocidas como el alcohol, la marihuana y otras drogas tienen impactos negativos en la salud general.<\/p>\n<p>Pero algunas toxinas no tan obvias pueden incluir plomo, moho, mercurio de pescado e incluso anestesia general, am\u00e9n advirti\u00f3.<\/p>\n<div class=\"image-ct inline\">\n<div class=\"m\"><picture><source media=\"(max-width: 767px)\" srcset=\"https:\/\/a57.foxnews.com\/static.foxnews.com\/foxnews.com\/content\/uploads\/2023\/12\/343\/192\/iStock-911840302-1.jpg?ve=1&amp;tl=1, https:\/\/a57.foxnews.com\/static.foxnews.com\/foxnews.com\/content\/uploads\/2023\/12\/686\/384\/iStock-911840302-1.jpg?ve=1&amp;tl=1 2x\" height=\"192\" width=\"343\"><source media=\"(min-width: 768px) and (max-width: 1023px)\" srcset=\"https:\/\/a57.foxnews.com\/static.foxnews.com\/foxnews.com\/content\/uploads\/2023\/12\/672\/378\/iStock-911840302-1.jpg?ve=1&amp;tl=1, https:\/\/a57.foxnews.com\/static.foxnews.com\/foxnews.com\/content\/uploads\/2023\/12\/1344\/756\/iStock-911840302-1.jpg?ve=1&amp;tl=1 2x\" height=\"378\" width=\"672\"><source media=\"(min-width: 1024px) and (max-width: 1279px)\" srcset=\"https:\/\/a57.foxnews.com\/static.foxnews.com\/foxnews.com\/content\/uploads\/2023\/12\/931\/523\/iStock-911840302-1.jpg?ve=1&amp;tl=1, https:\/\/a57.foxnews.com\/static.foxnews.com\/foxnews.com\/content\/uploads\/2023\/12\/1862\/1046\/iStock-911840302-1.jpg?ve=1&amp;tl=1 2x\" height=\"523\" width=\"931\"><source media=\"(min-width: 1280px)\" srcset=\"https:\/\/a57.foxnews.com\/static.foxnews.com\/foxnews.com\/content\/uploads\/2023\/12\/720\/405\/iStock-911840302-1.jpg?ve=1&amp;tl=1, https:\/\/a57.foxnews.com\/static.foxnews.com\/foxnews.com\/content\/uploads\/2023\/12\/1440\/810\/iStock-911840302-1.jpg?ve=1&amp;tl=1 2x\" height=\"405\" width=\"720\"><img loading=\"lazy\" decoding=\"async\" src=\"https:\/\/a57.foxnews.com\/static.foxnews.com\/foxnews.com\/content\/uploads\/2023\/12\/1200\/675\/iStock-911840302-1.jpg?ve=1&amp;tl=1\" alt=\"Hombre con bebida en la mano\" width=\"1200\" height=\"675\"\/><\/source><\/source><\/source><\/source><\/picture><\/div>\n<div class=\"info\">\n<div class=\"caption\">\n<p><span>Se sabe que algunas toxinas bien conocidas como el alcohol, la marihuana y otras drogas tienen impactos negativos en la salud general.<\/span> <span>(Istock)<\/span><\/p>\n<\/div>\n<\/div>\n<\/div>\n<p>\u00abSiempre quieres apoyar a tus \u00f3rganos en la desintoxicaci\u00f3n\u00bb, dijo. \u00abBeba m\u00e1s agua, ya que ayuda a descargar las cosas a trav\u00e9s de sus ri\u00f1ones &#8230; coma m\u00e1s fibra para su intestino y sostenga el alcohol\u00bb.<\/p>\n<p>Am\u00e9n tambi\u00e9n sugiri\u00f3 comer brassicas, que incluyen verduras en la familia de la repollo, ya que tienen un efecto desintoxicante.<\/p>\n<p><strong><u>Haga clic aqu\u00ed para obtener la aplicaci\u00f3n Fox News<\/u><\/strong><\/p>\n<p>El experto tambi\u00e9n destac\u00f3 los beneficios del uso de sauna como herramienta de desintoxicaci\u00f3n.<\/p>\n<p>\u00abLas personas que toman m\u00e1s saunas tienen la incidencia m\u00e1s baja de la enfermedad de Alzheimer\u00bb, afirm\u00f3.<\/p>\n<h3>M &#8211; Salud mental<\/h3>\n<p>Un estado mental saludable ayudar\u00e1 a apoyar un cerebro m\u00e1s saludable, los expertos est\u00e1n de acuerdo.<\/p>\n<p>\u00abDeja de creer todo est\u00fapido que piensas\u00bb, aconsej\u00f3 Amen.<\/p>\n<h3>I &#8211; Inmunidad e infecciones<\/h3>\n<p>Mantener su cuerpo sano e inmune a las infecciones es clave para la salud general, seg\u00fan Amen.<\/p>\n<p>El m\u00e9dico sugiri\u00f3 optimizar la ingesta de vitamina D, lo que puede ayudar a apoyar el cerebro y el sistema inmunitario.<\/p>\n<div class=\"image-ct inline\">\n<div class=\"m\"><picture><source media=\"(max-width: 767px)\" srcset=\"https:\/\/a57.foxnews.com\/static.foxnews.com\/foxnews.com\/content\/uploads\/2024\/12\/343\/192\/istock-1222198251.jpg?ve=1&amp;tl=1, https:\/\/a57.foxnews.com\/static.foxnews.com\/foxnews.com\/content\/uploads\/2024\/12\/686\/384\/istock-1222198251.jpg?ve=1&amp;tl=1 2x\" height=\"192\" width=\"343\"><source media=\"(min-width: 768px) and (max-width: 1023px)\" srcset=\"https:\/\/a57.foxnews.com\/static.foxnews.com\/foxnews.com\/content\/uploads\/2024\/12\/672\/378\/istock-1222198251.jpg?ve=1&amp;tl=1, https:\/\/a57.foxnews.com\/static.foxnews.com\/foxnews.com\/content\/uploads\/2024\/12\/1344\/756\/istock-1222198251.jpg?ve=1&amp;tl=1 2x\" height=\"378\" width=\"672\"><source media=\"(min-width: 1024px) and (max-width: 1279px)\" srcset=\"https:\/\/a57.foxnews.com\/static.foxnews.com\/foxnews.com\/content\/uploads\/2024\/12\/931\/523\/istock-1222198251.jpg?ve=1&amp;tl=1, https:\/\/a57.foxnews.com\/static.foxnews.com\/foxnews.com\/content\/uploads\/2024\/12\/1862\/1046\/istock-1222198251.jpg?ve=1&amp;tl=1 2x\" height=\"523\" width=\"931\"><source media=\"(min-width: 1280px)\" srcset=\"https:\/\/a57.foxnews.com\/static.foxnews.com\/foxnews.com\/content\/uploads\/2024\/12\/720\/405\/istock-1222198251.jpg?ve=1&amp;tl=1, https:\/\/a57.foxnews.com\/static.foxnews.com\/foxnews.com\/content\/uploads\/2024\/12\/1440\/810\/istock-1222198251.jpg?ve=1&amp;tl=1 2x\" height=\"405\" width=\"720\"><img loading=\"lazy\" decoding=\"async\" src=\"https:\/\/a57.foxnews.com\/static.foxnews.com\/foxnews.com\/content\/uploads\/2024\/12\/1200\/675\/istock-1222198251.jpg?ve=1&amp;tl=1\" alt=\"Ilustraci\u00f3n del cerebro humano\" width=\"1200\" height=\"675\"\/><\/source><\/source><\/source><\/source><\/picture><\/div>\n<div class=\"info\">\n<div class=\"caption\">\n<p><span>Mantener su cuerpo sano e inmune a las infecciones es clave para la salud general, seg\u00fan el m\u00e9dico.<\/span> <span>(Istock)<\/span><\/p>\n<\/div>\n<\/div>\n<\/div>\n<h3>N &#8211; neurohormonas<\/h3>\n<p>El especialista en el cerebro recomienda realizar una verificaci\u00f3n de equilibrio hormonal cada a\u00f1o, ya que cualquier desequilibrio puede interferir con el cerebro y aumentar el riesgo de Alzheimer.<\/p>\n<p><strong><u>Haga clic aqu\u00ed para registrarse en nuestro bolet\u00edn de salud<\/u><\/strong><\/p>\n<h3>D &#8211; Diabesidad<\/h3>\n<p>\u00abLa diabesidad\u00bb, un t\u00e9rmino que se refiere a la ocurrencia paralela de la obesidad y la diabetes tipo 2, puede ser una gran amenaza para la salud general, advirti\u00f3 el m\u00e9dico.<\/p>\n<p>\u00abRealmente quieres preocuparte por tu peso\u00bb, dijo Amen.<\/p>\n<div class=\"image-ct inline\">\n<div class=\"m\"><picture><source media=\"(max-width: 767px)\" srcset=\"https:\/\/a57.foxnews.com\/static.foxnews.com\/foxnews.com\/content\/uploads\/2023\/10\/343\/192\/iStock-1005371634.jpg?ve=1&amp;tl=1, https:\/\/a57.foxnews.com\/static.foxnews.com\/foxnews.com\/content\/uploads\/2023\/10\/686\/384\/iStock-1005371634.jpg?ve=1&amp;tl=1 2x\" height=\"192\" width=\"343\"><source media=\"(min-width: 768px) and (max-width: 1023px)\" srcset=\"https:\/\/a57.foxnews.com\/static.foxnews.com\/foxnews.com\/content\/uploads\/2023\/10\/672\/378\/iStock-1005371634.jpg?ve=1&amp;tl=1, https:\/\/a57.foxnews.com\/static.foxnews.com\/foxnews.com\/content\/uploads\/2023\/10\/1344\/756\/iStock-1005371634.jpg?ve=1&amp;tl=1 2x\" height=\"378\" width=\"672\"><source media=\"(min-width: 1024px) and (max-width: 1279px)\" srcset=\"https:\/\/a57.foxnews.com\/static.foxnews.com\/foxnews.com\/content\/uploads\/2023\/10\/931\/523\/iStock-1005371634.jpg?ve=1&amp;tl=1, https:\/\/a57.foxnews.com\/static.foxnews.com\/foxnews.com\/content\/uploads\/2023\/10\/1862\/1046\/iStock-1005371634.jpg?ve=1&amp;tl=1 2x\" height=\"523\" width=\"931\"><source media=\"(min-width: 1280px)\" srcset=\"https:\/\/a57.foxnews.com\/static.foxnews.com\/foxnews.com\/content\/uploads\/2023\/10\/720\/405\/iStock-1005371634.jpg?ve=1&amp;tl=1, https:\/\/a57.foxnews.com\/static.foxnews.com\/foxnews.com\/content\/uploads\/2023\/10\/1440\/810\/iStock-1005371634.jpg?ve=1&amp;tl=1 2x\" height=\"405\" width=\"720\"><img loading=\"lazy\" decoding=\"async\" src=\"https:\/\/a57.foxnews.com\/static.foxnews.com\/foxnews.com\/content\/uploads\/2023\/10\/1200\/675\/iStock-1005371634.jpg?ve=1&amp;tl=1\" alt=\"Medici\u00f3n de la cintura del hombre\" width=\"1200\" height=\"675\"\/><\/source><\/source><\/source><\/source><\/picture><\/div>\n<div class=\"info\">\n<div class=\"caption\">\n<p><span>Tener sobrepeso puede disminuir el tama\u00f1o y la funci\u00f3n del cerebro, ha demostrado la investigaci\u00f3n.<\/span> <span>(Istock)<\/span><\/p>\n<\/div>\n<\/div>\n<\/div>\n<p>El peso y la dieta juegan un papel importante en la salud del cerebro, ya que la investigaci\u00f3n de Amen ha demostrado que a medida que aumenta el peso, el tama\u00f1o y la funci\u00f3n del cerebro disminuyen.<\/p>\n<blockquote class=\"pull-quote\">\n<p class=\"quote-text\">\u00abLos genes no son una sentencia de muerte. Lo que deber\u00edan ser es una llamada de atenci\u00f3n\u00bb.<\/p>\n<p> <!----><\/p><\/blockquote>\n<p>\u00abAl tener sobrepeso, autom\u00e1ticamente tiene 10 de los 11 factores de riesgo, porque tener sobrepeso reduce el flujo sangu\u00edneo, acelera el envejecimiento, aumenta la inflamaci\u00f3n y cambia sus hormonas de manera negativa\u00bb, dijo.<\/p>\n<p>\u00abTenga en cuenta solo la comida amorosa que te ama\u00bb.<\/p>\n<p><i><strong><u>Para m\u00e1s art\u00edculos de salud, visite www.foxnews.com\/Health<\/u><\/strong><\/i><\/p>\n<h3>S &#8211; dormir<\/h3>\n<p>El sue\u00f1o es crucial para una mente de alto funcionamiento, ya que el sue\u00f1o de una noche adecuado \u00ablava\u00bb el cerebro todas las noches, se\u00f1al\u00f3 Am\u00e9n.<\/p>\n<p>Mejor sue\u00f1o se traduce para mejorar la memoria, la energ\u00eda, el flujo sangu\u00edneo y la toma de decisiones, dijo el m\u00e9dico, y deber\u00eda ser una prioridad cuando se trabaja para prevenir el Alzheimer. <\/p>\n<p> <!----> <\/p>\n<div class=\"article-meta\">\n<div class=\"author-bio\">\n<p>Angelica Stabile es una reportera de estilo de vida para Fox News Digital.<\/p>\n<\/div>\n<\/div>\n<\/div>\n\n","protected":false},"excerpt":{"rendered":"<p>NUEVO\u00a1Ahora puedes escuchar art\u00edculos de Fox News! Los desarrollos de investigaci\u00f3n en la enfermedad de Alzheimer, incluidos los an\u00e1lisis de sangre reci\u00e9n aprobados para la detecci\u00f3n temprana, han ayudado a los pacientes a ser diagnosticados antes. Como la demencia com\u00fan ha aumentado entre las personas m\u00e1s j\u00f3venes, el centro de atenci\u00f3n est\u00e1 en formas de &hellip;<\/p>\n","protected":false},"author":1,"featured_media":35178,"comment_status":"open","ping_status":"open","sticky":false,"template":"","format":"standard","meta":{"fifu_image_url":"https:\/\/a57.foxnews.com\/static.foxnews.com\/foxnews.com\/content\/uploads\/2025\/07\/1200\/675\/daniel-amen-alzheimers-split.jpg?ve=1&tl=1","fifu_image_alt":"","footnotes":""},"categories":[8],"tags":[],"class_list":["post-35176","post","type-post","status-publish","format-standard","has-post-thumbnail","","category-salud"],"_links":{"self":[{"href":"https:\/\/noticiasveraces.com\/index.php?rest_route=\/wp\/v2\/posts\/35176","targetHints":{"allow":["GET"]}}],"collection":[{"href":"https:\/\/noticiasveraces.com\/index.php?rest_route=\/wp\/v2\/posts"}],"about":[{"href":"https:\/\/noticiasveraces.com\/index.php?rest_route=\/wp\/v2\/types\/post"}],"author":[{"embeddable":true,"href":"https:\/\/noticiasveraces.com\/index.php?rest_route=\/wp\/v2\/users\/1"}],"replies":[{"embeddable":true,"href":"https:\/\/noticiasveraces.com\/index.php?rest_route=%2Fwp%2Fv2%2Fcomments&post=35176"}],"version-history":[{"count":0,"href":"https:\/\/noticiasveraces.com\/index.php?rest_route=\/wp\/v2\/posts\/35176\/revisions"}],"wp:featuredmedia":[{"embeddable":true,"href":"https:\/\/noticiasveraces.com\/index.php?rest_route=\/wp\/v2\/media\/35178"}],"wp:attachment":[{"href":"https:\/\/noticiasveraces.com\/index.php?rest_route=%2Fwp%2Fv2%2Fmedia&parent=35176"}],"wp:term":[{"taxonomy":"category","embeddable":true,"href":"https:\/\/noticiasveraces.com\/index.php?rest_route=%2Fwp%2Fv2%2Fcategories&post=35176"},{"taxonomy":"post_tag","embeddable":true,"href":"https:\/\/noticiasveraces.com\/index.php?rest_route=%2Fwp%2Fv2%2Ftags&post=35176"}],"curies":[{"name":"wp","href":"https:\/\/api.w.org\/{rel}","templated":true}]}}