{"id":35158,"date":"2025-07-09T01:52:51","date_gmt":"2025-07-09T05:52:51","guid":{"rendered":"https:\/\/noticiasveraces.com\/?p=35158"},"modified":"2025-07-09T01:52:51","modified_gmt":"2025-07-09T05:52:51","slug":"ola-de-calor-dejo-394-muertes-en-barcelona-y-madrid-dw-09-07-2025","status":"publish","type":"post","link":"https:\/\/noticiasveraces.com\/?p=35158","title":{"rendered":"Ola de calor dej\u00f3 394 muertes en Barcelona y Madrid \u2013 DW \u2013 09\/07\/2025"},"content":{"rendered":"<p> \n<\/p>\n<div>\n<p>Un estudio elaborado por dos organismos brit\u00e1nicos y publicado este mi\u00e9rcoles (09.07.2025) estima que la muerte de 394 personas de las m\u00e1s de 450 que fallecieron en Madrid y Barcelona durante la ola de calor registrada entre el 23 de junio y el 2 de julio de 2025 puede atribuirse al cambio clim\u00e1tico.<\/p>\n<p>El an\u00e1lisis tom\u00f3 en cuenta a 12 grandes ciudades europeas escogidas por factores como su tama\u00f1o, ubicaci\u00f3n diversa y porque en todas se emitieron alertas por calor, entre ellas Madrid, Barcelona, Lisboa, Par\u00eds, Londres, Frankfurt, Mil\u00e1n, Roma, Sassari (Cerde\u00f1a), Atenas, Budapest y Zagreb.<\/p>\n<p>El cambio clim\u00e1tico provocado por el ser humano triplic\u00f3 el n\u00famero estimado de muertes relacionadas con el calor entre el 23 de junio y el 2 de julio en esas 12 ciudades europeas, seg\u00fan el estudio dirigido por cient\u00edficos del Imperial College y la Escuela de Higiene y Medicina Tropical de Londres.<\/p>\n<p>El estudio estima que unas 2.300 personas murieron a causa de las temperaturas extremas en las citadas ciudades. Sin embargo, si el clima no se hubiera calentado por la quema de combustibles f\u00f3siles, se estima que habr\u00eda habido unas 1.500 muertes menos, lo que significa que el cambio clim\u00e1tico es responsable del 65 % de este exceso de muertes.<\/p>\n<p>\u00abEste estudio demuestra por qu\u00e9 las olas de calor se conocen como asesinos silenciosos. Si bien se han reportado algunas muertes en Espa\u00f1a, Francia e Italia, se estima que miles de personas m\u00e1s hayan fallecido a causa de las temperaturas abrasadoras, y sus muertes no se registrar\u00e1n como relacionadas con el calor\u00bb, afirm\u00f3 Malcolm Mistry, profesor adjunto de la Escuela de Higiene y Medicina Tropical de Londres, en un comunicado.<\/p>\n<p>As\u00ed, en Madrid murieron aproximadamente 118 personas por calor en el mismo periodo de tiempo y 108 fueron atribuibles al cambio clim\u00e1tico, seg\u00fan el informe.<\/p>\n<p>En Barcelona fallecieron 340 personas debido a las altas temperaturas y 286 estuvieron relacionadas con el cambio clim\u00e1tico, seg\u00fan datos del estudio. <\/p>\n<p><span data-slot-id=\"Article_InContent-1\" class=\"rich-text-ad\"\/><\/p>\n<h2>Barcelona es m\u00e1s vulnerable<\/h2>\n<p>Los investigadores observaron una comparaci\u00f3n \u00abinteresante\u00bb entre ambas ciudades pues, a pesar de que Madrid alcanz\u00f3 una temperatura media m\u00e1s alta en los cinco d\u00edas de muestra del estudio (30,16 grados) que Barcelona (29,04 grados), los fallecimientos en la capital catalana fueron notablemente superiores.<\/p>\n<p>\u00abEsto es una muestra clara de que existen claras diferencias en las vulnerabilidades entre ambas ciudades (&#8230;) Hay pruebas de que la gente en Barcelona, por razones que no hemos tenido en cuenta en el estudio, es m\u00e1s vulnerable. Puede ser por la proporci\u00f3n de viviendas unipersonales m\u00e1s vulnerables, por ejemplo\u00bb, aclar\u00f3 uno de los cient\u00edficos responsables del informe en una rueda de prensa en Bruselas.<\/p>\n<p>Adem\u00e1s, el estudio subray\u00f3 que Madrid sufre de un r\u00e1pido aumento en la intensidad de la temperatura de las olas de calor debido al cambio clim\u00e1tico, unos 3,68 grados m\u00e1s en la \u00faltima ola de calor registrada, respecto a otras ciudades como Lisboa, que tuvieron un aumento de 1,13 grados.<\/p>\n<p>En este sentido, una de las investigadoras se\u00f1al\u00f3 como factor clave, aunque no \u00fanico, el hecho de que Madrid se encuentre en el interior de la pen\u00ednsula ib\u00e9rica y sus temperaturas en las olas de calor hayan aumentado de forma m\u00e1s notable en comparaci\u00f3n con otras ciudades.<\/p>\n<p>\u00abMadrid est\u00e1 pr\u00e1cticamente en el centro de Espa\u00f1a y no es muy costera, algo que no pasa en Lisboa, por ejemplo, donde encontramos un aumento relativamente peque\u00f1o del calor extremo debido al cambio clim\u00e1tico, y eso se debe a que el oc\u00e9ano se calienta m\u00e1s lentamente que la tierra\u00bb, dijo la cient\u00edfica.<\/p>\n<p>Adem\u00e1s, el estudio concluy\u00f3 que las personas mayores de 65 a\u00f1os representaron el 88 % de las muertes relacionadas con el cambio clim\u00e1tico, lo que \u00abpone de relieve que las personas con afecciones m\u00e9dicas subyacentes son las que corren mayor riesgo de muerte prematura durante las olas de calor\u00bb.<\/p>\n<p>MG (Efe, Euronews)<\/p>\n<\/p>\n<\/div>\n\n","protected":false},"excerpt":{"rendered":"<p>Un estudio elaborado por dos organismos brit\u00e1nicos y publicado este mi\u00e9rcoles (09.07.2025) estima que la muerte de 394 personas de las m\u00e1s de 450 que fallecieron en Madrid y Barcelona durante la ola de calor registrada entre el 23 de junio y el 2 de julio de 2025 puede atribuirse al cambio clim\u00e1tico. El an\u00e1lisis &hellip;<\/p>\n","protected":false},"author":1,"featured_media":35159,"comment_status":"open","ping_status":"open","sticky":false,"template":"","format":"standard","meta":{"fifu_image_url":"https:\/\/static.dw.com\/image\/62443686_6.jpg","fifu_image_alt":"","footnotes":""},"categories":[13],"tags":[],"class_list":["post-35158","post","type-post","status-publish","format-standard","has-post-thumbnail","","category-mundo"],"_links":{"self":[{"href":"https:\/\/noticiasveraces.com\/index.php?rest_route=\/wp\/v2\/posts\/35158","targetHints":{"allow":["GET"]}}],"collection":[{"href":"https:\/\/noticiasveraces.com\/index.php?rest_route=\/wp\/v2\/posts"}],"about":[{"href":"https:\/\/noticiasveraces.com\/index.php?rest_route=\/wp\/v2\/types\/post"}],"author":[{"embeddable":true,"href":"https:\/\/noticiasveraces.com\/index.php?rest_route=\/wp\/v2\/users\/1"}],"replies":[{"embeddable":true,"href":"https:\/\/noticiasveraces.com\/index.php?rest_route=%2Fwp%2Fv2%2Fcomments&post=35158"}],"version-history":[{"count":0,"href":"https:\/\/noticiasveraces.com\/index.php?rest_route=\/wp\/v2\/posts\/35158\/revisions"}],"wp:featuredmedia":[{"embeddable":true,"href":"https:\/\/noticiasveraces.com\/index.php?rest_route=\/wp\/v2\/media\/35159"}],"wp:attachment":[{"href":"https:\/\/noticiasveraces.com\/index.php?rest_route=%2Fwp%2Fv2%2Fmedia&parent=35158"}],"wp:term":[{"taxonomy":"category","embeddable":true,"href":"https:\/\/noticiasveraces.com\/index.php?rest_route=%2Fwp%2Fv2%2Fcategories&post=35158"},{"taxonomy":"post_tag","embeddable":true,"href":"https:\/\/noticiasveraces.com\/index.php?rest_route=%2Fwp%2Fv2%2Ftags&post=35158"}],"curies":[{"name":"wp","href":"https:\/\/api.w.org\/{rel}","templated":true}]}}