{"id":35154,"date":"2025-07-08T23:49:14","date_gmt":"2025-07-09T03:49:14","guid":{"rendered":"https:\/\/noticiasveraces.com\/?p=35154"},"modified":"2025-07-08T23:49:14","modified_gmt":"2025-07-09T03:49:14","slug":"incendio-forestal-en-francia-amenaza-a-poblacion-de-marsella-dw-09-07-2025","status":"publish","type":"post","link":"https:\/\/noticiasveraces.com\/?p=35154","title":{"rendered":"Incendio forestal en Francia amenaza a poblaci\u00f3n de Marsella \u2013 DW \u2013 09\/07\/2025"},"content":{"rendered":"<p> \n<\/p>\n<div>\n<p>El avance de un incendio en el sur de Francia oblig\u00f3 al confinamiento de una parte de la poblaci\u00f3n de Marsella, la segunda ciudad de Francia, y decenas de vuelos fueron anulados por el cierre del aeropuerto, informaron este martes (08.07.2025) las autoridades.<\/p>\n<p>Francia lucha contra dos incendios en el sur, d\u00edas despu\u00e9s de una intensa y precoz ola de calor que asfixi\u00f3 el pa\u00eds entre el 19 de junio y el 4 de julio, con temperaturas superiores a los 40\u00baC en algunas zonas.<\/p>\n<p>\u00abIncendio forestal en Marsella. Salgan del macizo forestal de inmediato. Ref\u00fagiense en un edificio s\u00f3lido. Cierren ventanas y puertas\u00bb, urgi\u00f3 la prefectura local en un mensaje de alerta enviado a los celulares de la zona.<\/p>\n<p>Por su parte, el ministro del Interior, Bruno Retailleau, dijo la noche del martes durante una visita a la zona que el incendio podr\u00eda ser contenido si se debilitan los vientos, como se espera.<\/p>\n<p>Sin embargo, advirti\u00f3 que \u00abhay muchas razones para pensar que nos dirigimos hacia un verano de alto riesgo\u00bb por el calor intenso.<\/p>\n<p>El incendio se origin\u00f3 en la localidad cercana de Pennes-Mirabeau y ya oblig\u00f3 a cerrar el aeropuerto de Marsella, el cuarto del pa\u00eds tras los de Par\u00eds y de Niza, indicaron las autoridades.<\/p>\n<p>Las autoridades informaron que el aeropuerto reabrir\u00e1 parcialmente a partir de las 21H30 locales y que 54 vuelos fueron anulados y otros 14 fueron redireccionados. <\/p>\n<p><span data-slot-id=\"Article_InContent-1\" class=\"rich-text-ad\"\/><\/p>\n<h2>Otro incendio arras\u00f3 2.000 hect\u00e1reas<\/h2>\n<p>\u00abLas condiciones son desfavorables en el terreno, la velocidad de propagaci\u00f3n del fuego es muy r\u00e1pida\u00bb, indicaron los bomberos, que desplegaron 168 efectivos, siete aviones y tres helic\u00f3pteros. El fuego ya arras\u00f3 350 hect\u00e1reas.<\/p>\n<p>A unos 200 kil\u00f3metros al oeste, el otro incendio arras\u00f3 por el momento m\u00e1s de 2.000 hect\u00e1reas de bosque en los alrededores de Narbona y oblig\u00f3 a evacuar a los habitantes de la zona ante el avance de las llamas.<\/p>\n<p>M\u00e1s de mil bomberos est\u00e1n movilizados para apagar este fuego, que se declar\u00f3 el lunes por la tarde y sigue activo, indic\u00f3 la prefectura local.<\/p>\n<p>Muchas personas quedaron atrapadas temporalmente en la autopista A9, que une Francia con Espa\u00f1a.<\/p>\n<p>El departamento de Aude, cuya capital es Narbona, registr\u00f3 tres incendios en una semana.<\/p>\n<p>El actual comenz\u00f3 por razones desconocidas en una propiedad vit\u00edcola cerca de una zona monta\u00f1osa y se propag\u00f3 r\u00e1pidamente.<\/p>\n<p>\u00abLo he perdido todo. Estoy en mi auto con mis seis perros. Tenemos caballos que murieron en el incendio, los vecinos nos ayudaron a salvar unos 30\u00bb, cont\u00f3 Nathalie Bueno, de 60 a\u00f1os, gerente de una caballeriza con 43 animales.<\/p>\n<p>Los cient\u00edficos dicen que el cambio clim\u00e1tico est\u00e1 aumentando la intensidad, duraci\u00f3n y frecuencia del calor extremo que causa algunos incendios forestales.<\/p>\n<p>Mg (AFP, Efe)<\/p>\n<\/p>\n<\/div>\n\n","protected":false},"excerpt":{"rendered":"<p>El avance de un incendio en el sur de Francia oblig\u00f3 al confinamiento de una parte de la poblaci\u00f3n de Marsella, la segunda ciudad de Francia, y decenas de vuelos fueron anulados por el cierre del aeropuerto, informaron este martes (08.07.2025) las autoridades. Francia lucha contra dos incendios en el sur, d\u00edas despu\u00e9s de una &hellip;<\/p>\n","protected":false},"author":1,"featured_media":35155,"comment_status":"open","ping_status":"open","sticky":false,"template":"","format":"standard","meta":{"fifu_image_url":"https:\/\/static.dw.com\/image\/73203360_6.jpg","fifu_image_alt":"","footnotes":""},"categories":[13],"tags":[],"class_list":["post-35154","post","type-post","status-publish","format-standard","has-post-thumbnail","","category-mundo"],"_links":{"self":[{"href":"https:\/\/noticiasveraces.com\/index.php?rest_route=\/wp\/v2\/posts\/35154","targetHints":{"allow":["GET"]}}],"collection":[{"href":"https:\/\/noticiasveraces.com\/index.php?rest_route=\/wp\/v2\/posts"}],"about":[{"href":"https:\/\/noticiasveraces.com\/index.php?rest_route=\/wp\/v2\/types\/post"}],"author":[{"embeddable":true,"href":"https:\/\/noticiasveraces.com\/index.php?rest_route=\/wp\/v2\/users\/1"}],"replies":[{"embeddable":true,"href":"https:\/\/noticiasveraces.com\/index.php?rest_route=%2Fwp%2Fv2%2Fcomments&post=35154"}],"version-history":[{"count":0,"href":"https:\/\/noticiasveraces.com\/index.php?rest_route=\/wp\/v2\/posts\/35154\/revisions"}],"wp:featuredmedia":[{"embeddable":true,"href":"https:\/\/noticiasveraces.com\/index.php?rest_route=\/wp\/v2\/media\/35155"}],"wp:attachment":[{"href":"https:\/\/noticiasveraces.com\/index.php?rest_route=%2Fwp%2Fv2%2Fmedia&parent=35154"}],"wp:term":[{"taxonomy":"category","embeddable":true,"href":"https:\/\/noticiasveraces.com\/index.php?rest_route=%2Fwp%2Fv2%2Fcategories&post=35154"},{"taxonomy":"post_tag","embeddable":true,"href":"https:\/\/noticiasveraces.com\/index.php?rest_route=%2Fwp%2Fv2%2Ftags&post=35154"}],"curies":[{"name":"wp","href":"https:\/\/api.w.org\/{rel}","templated":true}]}}