{"id":35148,"date":"2025-07-08T23:23:30","date_gmt":"2025-07-09T03:23:30","guid":{"rendered":"https:\/\/noticiasveraces.com\/?p=35148"},"modified":"2025-07-08T23:23:30","modified_gmt":"2025-07-09T03:23:30","slug":"real-madrid-vivio-temor-mientras-iba-en-avion-lios-para-aterrizar-mundial-de-clubes-2025","status":"publish","type":"post","link":"https:\/\/noticiasveraces.com\/?p=35148","title":{"rendered":"Real Madrid vivi\u00f3 temor mientras iba en avi\u00f3n: l\u00edos para aterrizar | Mundial De Clubes 2025"},"content":{"rendered":"<p> \n<br \/><img decoding=\"async\" src=\"https:\/\/www.futbolred.com\/files\/article_graphic\/files\/crop\/uploads\/2025\/06\/26\/685e035d8a1d1.r_1346933.0-0-1024-512.jpeg\" \/><\/p>\n<div id=\"cuerpoArticulo\">\n<p class=\"texto intro\" id=\"p250480-m726-725-727\">El Mundial de Clubes define a sus finalistas y tras la clasificaci\u00f3n de Chelsea, ahora Real Madrid y PSG se enfrentan para lograr ser rivales de los ingleses en esta edici\u00f3n 2025.<\/p>\n<p class=\"texto contenido-parrafo-articulo\" id=\"p250480-m744-2-745\">Este mi\u00e9rcoles franceses y espa\u00f1oles se ven las caras, pero horas previas al choque Real Madrid sufri\u00f3 un duro susto mientras viajaba hacia Nueva York, sede del encuentro.<\/p>\n<p>Los madrile\u00f1os tuvieron un percance con el clima y el avi\u00f3n que los trasladaba no recibi\u00f3 el aval para aterrizar en pista, as\u00ed que la decisi\u00f3n de los capitanes fue quedarse sobrevolando a los alrededores de la ciudad mientras la torre de control le permit\u00eda bajar a tierra.<\/p>\n<p>El tremendo susto para la estelar plantilla del Real Madrid dur\u00f3 un poco m\u00e1s de una hora dando vueltas en c\u00edrculo y gener\u00f3 algo de alarma en los aficionados, al igual que los protagonistas, quienes seguramente no hab\u00edan vivido un asunto similar en sus vidas.<\/p>\n<p>Por fortuna para el equipo espa\u00f1ol lograron aterrizar tras recibir luz verde y todos llegaron salvos a Nueva York.<\/p>\n<div id=\"p250480-m795-4-796\" class=\"\">\n<blockquote class=\"twitter-tweet\">\n<p lang=\"es\" dir=\"ltr\">El avi\u00f3n del Real Madrid ha estado dando vueltas alrededor de Nueva York durante m\u00e1s de una hora, y todav\u00eda no han recibido luz verde para aterrizar.<\/p>\n<p>La tormenta est\u00e1 empeorando. \ud83e\udd26\ud83c\udffb\u200d\u2642\ufe0f<br \/><a href=\"https:\/\/t.co\/T74Gwl2ku1\">pic.twitter.com\/t74gwl2ku1<\/a><\/p>\n<p>&#8211; MT2 (@madrid_total2) <a href=\"https:\/\/twitter.com\/madrid_total2\/status\/1942741916694811118?ref_src=twsrc%5Etfw\">9 de julio de 2025<\/a><\/p><\/blockquote><\/div>\n<p>                                                    <span class=\"articulo-subtitulo subtitulo2 espacio-contenido\" id=\"p250480-m801-5-802\">Recuerdan a Vinicius cuando fue piloto <\/span><\/p>\n<p class=\"texto contenido-parrafo-articulo\" id=\"p250480-m807-6-808\">M\u00e1s all\u00e1 del p\u00e1nico que pudo ocasionar esta situaci\u00f3n para Real Madrid, los simpatizantes del equipo recordaron cuando una vez Vinicius Junior fue copiloto en un avi\u00f3n, algo que tambi\u00e9n creo confusi\u00f3n por el momento que vivieron, pero en s\u00ed el video era del a\u00f1o pasado.<\/p>\n<p>En aquella vez el brasile\u00f1o decidi\u00f3 ir a la cabina donde se ubican los pilotos y se sent\u00f3 al lado del capit\u00e1n, mientras que de manera jocosa el atacante brome\u00f3 con pilotear el avi\u00f3n con su voz de \u2018capitan\u00eda\u2019.<\/p>\n<p class=\"texto contenido-parrafo-articulo\" id=\"p250480-m819-8-820\">Lo cierto, es que Real Madrid lleg\u00f3 bien a su destino y ahora espera estar a la altura ante PSG para ir por la final y que ese l\u00edo con el viaje no lo termine afectando.<\/p>\n<\/p><\/div>\n<p><script async src=\"https:\/\/platform.twitter.com\/widgets.js\" charset=\"utf-8\"><\/script><br \/>\n<br \/>\n","protected":false},"excerpt":{"rendered":"<p>El Mundial de Clubes define a sus finalistas y tras la clasificaci\u00f3n de Chelsea, ahora Real Madrid y PSG se enfrentan para lograr ser rivales de los ingleses en esta edici\u00f3n 2025. Este mi\u00e9rcoles franceses y espa\u00f1oles se ven las caras, pero horas previas al choque Real Madrid sufri\u00f3 un duro susto mientras viajaba hacia &hellip;<\/p>\n","protected":false},"author":1,"featured_media":35150,"comment_status":"open","ping_status":"open","sticky":false,"template":"","format":"standard","meta":{"fifu_image_url":"https:\/\/www.futbolred.com\/files\/og_thumbnail\/uploads\/2025\/06\/26\/685e035d8a1d1.jpeg","fifu_image_alt":"","footnotes":""},"categories":[6],"tags":[],"class_list":["post-35148","post","type-post","status-publish","format-standard","has-post-thumbnail","","category-deportes"],"_links":{"self":[{"href":"https:\/\/noticiasveraces.com\/index.php?rest_route=\/wp\/v2\/posts\/35148","targetHints":{"allow":["GET"]}}],"collection":[{"href":"https:\/\/noticiasveraces.com\/index.php?rest_route=\/wp\/v2\/posts"}],"about":[{"href":"https:\/\/noticiasveraces.com\/index.php?rest_route=\/wp\/v2\/types\/post"}],"author":[{"embeddable":true,"href":"https:\/\/noticiasveraces.com\/index.php?rest_route=\/wp\/v2\/users\/1"}],"replies":[{"embeddable":true,"href":"https:\/\/noticiasveraces.com\/index.php?rest_route=%2Fwp%2Fv2%2Fcomments&post=35148"}],"version-history":[{"count":0,"href":"https:\/\/noticiasveraces.com\/index.php?rest_route=\/wp\/v2\/posts\/35148\/revisions"}],"wp:featuredmedia":[{"embeddable":true,"href":"https:\/\/noticiasveraces.com\/index.php?rest_route=\/wp\/v2\/media\/35150"}],"wp:attachment":[{"href":"https:\/\/noticiasveraces.com\/index.php?rest_route=%2Fwp%2Fv2%2Fmedia&parent=35148"}],"wp:term":[{"taxonomy":"category","embeddable":true,"href":"https:\/\/noticiasveraces.com\/index.php?rest_route=%2Fwp%2Fv2%2Fcategories&post=35148"},{"taxonomy":"post_tag","embeddable":true,"href":"https:\/\/noticiasveraces.com\/index.php?rest_route=%2Fwp%2Fv2%2Ftags&post=35148"}],"curies":[{"name":"wp","href":"https:\/\/api.w.org\/{rel}","templated":true}]}}