{"id":35137,"date":"2025-07-08T22:31:57","date_gmt":"2025-07-09T02:31:57","guid":{"rendered":"https:\/\/noticiasveraces.com\/?p=35137"},"modified":"2025-07-08T22:31:57","modified_gmt":"2025-07-09T02:31:57","slug":"normativa-funcionamiento-y-principales-implicaciones","status":"publish","type":"post","link":"https:\/\/noticiasveraces.com\/?p=35137","title":{"rendered":"normativa, funcionamiento y principales implicaciones"},"content":{"rendered":"<p> \n<\/p>\n<div>\n<p><picture class=\"aligncenter first-post-image\" title=\"Registro \u00fanico de alquileres en Espa\u00f1a\" data-no-lazy=\"true\"><source type=\"image\/webp\" srcset=\"https:\/\/www.economiafinanzas.com\/wp-content\/uploads\/2025\/07\/registro-unico-de-alquileres-2-scaled.jpg.webp\"\/><img decoding=\"async\" fetchpriority=\"high\" src=\"https:\/\/www.economiafinanzas.com\/wp-content\/uploads\/2025\/07\/registro-unico-de-alquileres-2-scaled.jpg\" alt=\"registro \u00fanico de alquileres en Espa\u00f1a\" data-no-lazy=\"true\"\/>\n<\/picture><\/p>\n<p><strong>Desde el 1 de julio de 2025, Espa\u00f1a ha puesto en funcionamiento un registro \u00fanico de alquileres de corta duraci\u00f3n<\/strong>que afecta especialmente a propietarios y plataformas de viviendas tur\u00edsticas, de temporada y de habitaciones. <strong>Esta medida es fruto de la normativa impulsada por el Real Decreto 1312\/2024 y el Reglamento Europeo 2024\/1028<\/strong>y se consolidar\u00e1 como una de las herramientas clave para <strong>acabar con el fraude en el sector y mejorar la transparencia<\/strong> en el mercado del alquiler temporal.<\/p>\n<p>El procedimiento, que ya se encuentra plenamente vigente, busca facilitar una gesti\u00f3n m\u00e1s eficaz y supervisada de los arrendamientos tur\u00edsticos y de temporada, respondiendo a la creciente preocupaci\u00f3n social y pol\u00edtica ante el auge de estos modelos de alojamiento. Adem\u00e1s, <strong>Espa\u00f1a se adelanta al resto de pa\u00edses de la UE en la aplicaci\u00f3n de esta normativa<\/strong>convirti\u00e9ndose en pionera en el control de este tipo de alquiler.<\/p>\n<h2>\u00bfA qui\u00e9n afecta el nuevo registro y qu\u00e9 implica?<\/h2>\n<p><picture decoding=\"async\" class=\"aligncenter\" title=\"Regulaci\u00f3n alquiler tur\u00edstico registro\"><source type=\"image\/webp\" data-lazy-srcset=\"https:\/\/www.economiafinanzas.com\/wp-content\/uploads\/2025\/07\/registro-unico-de-alquileres-5.jpg.webp\"\/><img decoding=\"async\" alt=\"regulaci\u00f3n alquiler tur\u00edstico registro\" src=\"https:\/\/www.economiafinanzas.com\/wp-content\/uploads\/2025\/07\/registro-unico-de-alquileres-5.jpg\"\/><img decoding=\"async\" src=\"https:\/\/www.economiafinanzas.com\/wp-content\/uploads\/2025\/07\/registro-unico-de-alquileres-5.jpg\" alt=\"regulaci\u00f3n alquiler tur\u00edstico registro\"\/>\n<\/picture><\/p>\n<p>La normativa es clara: <strong>todas las viviendas destinadas a uso tur\u00edstico, de temporada o habitaciones, anunciadas en plataformas transaccionales<\/strong> en l\u00ednea, est\u00e1n obligadas a tener un <strong>n\u00famero de registro oficial<\/strong> para operar legalmente. Propietarios de pisos tur\u00edsticos, embarcaciones y artefactos navales tambi\u00e9n deber\u00e1n cumplir con este requisito cuando sus activos se alquilen con fines comerciales y de corta estancia. Sin embargo, <strong>no se aplica a hoteles, aparthoteles, albergues, campings o \u00e1reas de caravanas<\/strong>que cuentan con regulaciones sectoriales propias.<\/p>\n<p>Quedan fuera de la obligaci\u00f3n aquellas viviendas que se alquilan fuera del entorno digital o en webs que solo act\u00faan como escaparate (sin motor de reservas ni pagos online), as\u00ed como los anuncios publicados en portales de anuncios clasificados como Idealista o Fotocasa.<\/p>\n<p>El n\u00famero de registro funciona como un <strong>Identificador \u00fanico<\/strong>concedido tras la validaci\u00f3n por el <strong>Colegio de Registradores<\/strong> o el Registro de Bienes Muebles, y debe estar visible en todos los anuncios publicados en plataformas digitales. <strong>Sin este n\u00famero, no se podr\u00e1 publicitar ni formalizar contratos de alquiler de corta duraci\u00f3n en dichos portales<\/strong>. Las multas por incumplimiento pueden superar los 500.000 euros, dependiendo de la comunidad aut\u00f3noma en la que se localice la vivienda.<\/p>\n<h2>\u00bfC\u00f3mo solicitar el n\u00famero de registro y requisitos para obtenerlo?<\/h2>\n<p><picture decoding=\"async\" class=\"aligncenter\" title=\"Procedimiento para registro de alquileres\"><source type=\"image\/webp\" data-lazy-srcset=\"https:\/\/www.economiafinanzas.com\/wp-content\/uploads\/2025\/07\/registro-unico-de-alquileres-6.jpg.webp\"\/><img decoding=\"async\" alt=\"procedimiento para registro de alquileres\" src=\"https:\/\/www.economiafinanzas.com\/wp-content\/uploads\/2025\/07\/registro-unico-de-alquileres-6.jpg\"\/><img decoding=\"async\" src=\"https:\/\/www.economiafinanzas.com\/wp-content\/uploads\/2025\/07\/registro-unico-de-alquileres-6.jpg\" alt=\"procedimiento para registro de alquileres\"\/>\n<\/picture><\/p>\n<p>La solicitud se realiza preferentemente a trav\u00e9s de la <strong>ventanilla \u00fanica digital de arrendamientos<\/strong>accesible desde la sede electr\u00f3nica del Colegio de Registradores. Para completar el tr\u00e1mite, ser\u00e1 necesario aportar <strong>referencia catastral, direcci\u00f3n completa del alojamiento, modelo de alquiler, n\u00famero de ocupantes permitidos, licencias correspondientes y certificados exigidos por la comunidad aut\u00f3noma o ayuntamiento<\/strong>. Tambi\u00e9n se puede presentar de manera presencial en los registros de la propiedad, acompa\u00f1ando la documentaci\u00f3n requerida.<\/p>\n<p>El costo para solicitar el n\u00famero de registro ronda los <strong>27 euros m\u00e1s impuestos<\/strong> por solicitud. El sistema es autom\u00e1tico y, si la presentaci\u00f3n tiene errores, <strong>el propietario dispone de siete d\u00edas h\u00e1biles<\/strong> para corregirlos.<\/p>\n<p>Una vez revisada la documentaci\u00f3n, el propietario recibe primero un <strong>c\u00f3digo provisional<\/strong> y, tras la validaci\u00f3n, un n\u00famero definitivo. Es fundamental que se tengan las licencias administrativas correspondientes, ya que <strong>no se otorgar\u00e1n registros sin ellas<\/strong>.<\/p>\n<p>El n\u00famero de registro asignado no caduca ni requiere renovaci\u00f3n, aunque s\u00ed es obligatorio presentar anualmente un modelo informativo que confirme que el inmueble contin\u00faa cumpliendo la normativa.<\/p>\n<div class=\"post-relacionado-wrapper\"><img fetchpriority=\"high\" decoding=\"async\" width=\"300\" height=\"171\" class=\"attachment-medium size-medium wp-post-image\" alt=\"\u00bfC\u00f3mo declarar los ingresos de un alquiler vacacional?\" srcset=\"https:\/\/www.economiafinanzas.com\/wp-content\/uploads\/2024\/05\/\u00bfComo-declarar-los-ingresos-de-un-alquiler-vacacional-300x171.jpg 300w, https:\/\/www.economiafinanzas.com\/wp-content\/uploads\/2024\/05\/\u00bfComo-declarar-los-ingresos-de-un-alquiler-vacacional-1024x585.jpg 1024w, https:\/\/www.economiafinanzas.com\/wp-content\/uploads\/2024\/05\/\u00bfComo-declarar-los-ingresos-de-un-alquiler-vacacional-768x438.jpg 768w, https:\/\/www.economiafinanzas.com\/wp-content\/uploads\/2024\/05\/\u00bfComo-declarar-los-ingresos-de-un-alquiler-vacacional-400x228.jpg 400w, https:\/\/www.economiafinanzas.com\/wp-content\/uploads\/2024\/05\/\u00bfComo-declarar-los-ingresos-de-un-alquiler-vacacional-500x285.jpg 500w, https:\/\/www.economiafinanzas.com\/wp-content\/uploads\/2024\/05\/\u00bfComo-declarar-los-ingresos-de-un-alquiler-vacacional-170x96.jpg 170w, https:\/\/www.economiafinanzas.com\/wp-content\/uploads\/2024\/05\/\u00bfComo-declarar-los-ingresos-de-un-alquiler-vacacional-420x240.jpg 420w, https:\/\/www.economiafinanzas.com\/wp-content\/uploads\/2024\/05\/\u00bfComo-declarar-los-ingresos-de-un-alquiler-vacacional-840x480.jpg 840w, https:\/\/www.economiafinanzas.com\/wp-content\/uploads\/2024\/05\/\u00bfComo-declarar-los-ingresos-de-un-alquiler-vacacional-150x86.jpg 150w, https:\/\/www.economiafinanzas.com\/wp-content\/uploads\/2024\/05\/\u00bfComo-declarar-los-ingresos-de-un-alquiler-vacacional.jpg 1200w\" data-lazy-sizes=\"(max-width: 300px) 100vw, 300px\" src=\"https:\/\/www.economiafinanzas.com\/wp-content\/uploads\/2024\/05\/%C2%BFComo-declarar-los-ingresos-de-un-alquiler-vacacional-300x171.jpg\"\/><img fetchpriority=\"high\" decoding=\"async\" width=\"300\" height=\"171\" src=\"https:\/\/www.economiafinanzas.com\/wp-content\/uploads\/2024\/05\/%C2%BFComo-declarar-los-ingresos-de-un-alquiler-vacacional-300x171.jpg\" class=\"attachment-medium size-medium wp-post-image\" alt=\"\u00bfC\u00f3mo declarar los ingresos de un alquiler vacacional?\" srcset=\"https:\/\/www.economiafinanzas.com\/wp-content\/uploads\/2024\/05\/\u00bfComo-declarar-los-ingresos-de-un-alquiler-vacacional-300x171.jpg 300w, https:\/\/www.economiafinanzas.com\/wp-content\/uploads\/2024\/05\/\u00bfComo-declarar-los-ingresos-de-un-alquiler-vacacional-1024x585.jpg 1024w, https:\/\/www.economiafinanzas.com\/wp-content\/uploads\/2024\/05\/\u00bfComo-declarar-los-ingresos-de-un-alquiler-vacacional-768x438.jpg 768w, https:\/\/www.economiafinanzas.com\/wp-content\/uploads\/2024\/05\/\u00bfComo-declarar-los-ingresos-de-un-alquiler-vacacional-400x228.jpg 400w, https:\/\/www.economiafinanzas.com\/wp-content\/uploads\/2024\/05\/\u00bfComo-declarar-los-ingresos-de-un-alquiler-vacacional-500x285.jpg 500w, https:\/\/www.economiafinanzas.com\/wp-content\/uploads\/2024\/05\/\u00bfComo-declarar-los-ingresos-de-un-alquiler-vacacional-170x96.jpg 170w, https:\/\/www.economiafinanzas.com\/wp-content\/uploads\/2024\/05\/\u00bfComo-declarar-los-ingresos-de-un-alquiler-vacacional-420x240.jpg 420w, https:\/\/www.economiafinanzas.com\/wp-content\/uploads\/2024\/05\/\u00bfComo-declarar-los-ingresos-de-un-alquiler-vacacional-840x480.jpg 840w, https:\/\/www.economiafinanzas.com\/wp-content\/uploads\/2024\/05\/\u00bfComo-declarar-los-ingresos-de-un-alquiler-vacacional-150x86.jpg 150w, https:\/\/www.economiafinanzas.com\/wp-content\/uploads\/2024\/05\/\u00bfComo-declarar-los-ingresos-de-un-alquiler-vacacional.jpg 1200w\" sizes=\"(max-width: 300px) 100vw, 300px\"\/><\/p>\n<div>\n<p>Art\u00edculo relacionado:<\/p>\n<p>\u00bfC\u00f3mo declarar los ingresos de un alquiler vacacional?<\/p>\n<\/div>\n<\/div>\n<h2>Obligaciones de las plataformas digitales y controles<\/h2>\n<p>Las principales plataformas de alquiler tur\u00edstico, como <strong>Airbnb, reserva o Expedia<\/strong>deben enviar mensualmente a la <strong>Ventanilla \u00danica Digital<\/strong> informaci\u00f3n detallada de cada vivienda publicada. Entre los datos requeridos figuran la <strong>identidad del propietario (anfitri\u00f3n), el n\u00famero de registro, la direcci\u00f3n exacta del alojamiento y las URL de los anuncios<\/strong>mediante sistemas de <strong>comunicaci\u00f3n m\u00e1quina a m\u00e1quina<\/strong> para garantizar precisi\u00f3n y periodicidad.<\/p>\n<p>En el caso de microplataformas o startups de menor tama\u00f1o, estos env\u00edos se realizar\u00e1n trimestralmente. Si alguna plataforma no verifica la validez del n\u00famero de registro de un anuncio, debe retirar el contenido y notificar a las autoridades. Quedan fuera de esta obligaci\u00f3n las p\u00e1ginas que solo funcionan como escaparate, sin gestionar reservas.<\/p>\n<p>El <strong>Ministerio de Vivienda<\/strong> coordina el sistema, encargado de analizar los registros y detectar posibles irregularidades, en colaboraci\u00f3n con comunidades aut\u00f3nomas y ayuntamientos. El objetivo principal es contar con una base de datos completa y fiable sobre el parque de viviendas de alquiler temporal para <strong>combatir la econom\u00eda sumergida, el fraude y la competencia desleal<\/strong>.<\/p>\n<div class=\"post-relacionado-wrapper\"><picture decoding=\"async\" class=\"attachment-medium size-medium wp-post-image\"><source type=\"image\/webp\" data-lazy-srcset=\"https:\/\/www.economiafinanzas.com\/wp-content\/uploads\/2017\/06\/stock-exchange-641910_1280-300x150.jpg.webp 300w, https:\/\/www.economiafinanzas.com\/wp-content\/uploads\/2017\/06\/stock-exchange-641910_1280-768x384.jpg.webp 768w, https:\/\/www.economiafinanzas.com\/wp-content\/uploads\/2017\/06\/stock-exchange-641910_1280-1024x512.jpg.webp 1024w, https:\/\/www.economiafinanzas.com\/wp-content\/uploads\/2017\/06\/stock-exchange-641910_1280-830x415.jpg.webp 830w, https:\/\/www.economiafinanzas.com\/wp-content\/uploads\/2017\/06\/stock-exchange-641910_1280-400x200.jpg.webp 400w, https:\/\/www.economiafinanzas.com\/wp-content\/uploads\/2017\/06\/stock-exchange-641910_1280-500x250.jpg.webp 500w, https:\/\/www.economiafinanzas.com\/wp-content\/uploads\/2017\/06\/stock-exchange-641910_1280.jpg.webp 1280w\" sizes=\"(max-width: 300px) 100vw, 300px\"\/><img loading=\"lazy\" decoding=\"async\" width=\"300\" height=\"150\" alt=\"colonial\" srcset=\"https:\/\/www.economiafinanzas.com\/wp-content\/uploads\/2017\/06\/stock-exchange-641910_1280-300x150.jpg 300w, https:\/\/www.economiafinanzas.com\/wp-content\/uploads\/2017\/06\/stock-exchange-641910_1280-768x384.jpg 768w, https:\/\/www.economiafinanzas.com\/wp-content\/uploads\/2017\/06\/stock-exchange-641910_1280-1024x512.jpg 1024w, https:\/\/www.economiafinanzas.com\/wp-content\/uploads\/2017\/06\/stock-exchange-641910_1280-830x415.jpg 830w, https:\/\/www.economiafinanzas.com\/wp-content\/uploads\/2017\/06\/stock-exchange-641910_1280-400x200.jpg 400w, https:\/\/www.economiafinanzas.com\/wp-content\/uploads\/2017\/06\/stock-exchange-641910_1280-500x250.jpg 500w, https:\/\/www.economiafinanzas.com\/wp-content\/uploads\/2017\/06\/stock-exchange-641910_1280.jpg 1280w\" data-lazy-sizes=\"(max-width: 300px) 100vw, 300px\" src=\"https:\/\/www.economiafinanzas.com\/wp-content\/uploads\/2017\/06\/stock-exchange-641910_1280-300x150.jpg\"\/><img loading=\"lazy\" decoding=\"async\" width=\"300\" height=\"150\" src=\"https:\/\/www.economiafinanzas.com\/wp-content\/uploads\/2017\/06\/stock-exchange-641910_1280-300x150.jpg\" alt=\"colonial\" srcset=\"https:\/\/www.economiafinanzas.com\/wp-content\/uploads\/2017\/06\/stock-exchange-641910_1280-300x150.jpg 300w, https:\/\/www.economiafinanzas.com\/wp-content\/uploads\/2017\/06\/stock-exchange-641910_1280-768x384.jpg 768w, https:\/\/www.economiafinanzas.com\/wp-content\/uploads\/2017\/06\/stock-exchange-641910_1280-1024x512.jpg 1024w, https:\/\/www.economiafinanzas.com\/wp-content\/uploads\/2017\/06\/stock-exchange-641910_1280-830x415.jpg 830w, https:\/\/www.economiafinanzas.com\/wp-content\/uploads\/2017\/06\/stock-exchange-641910_1280-400x200.jpg 400w, https:\/\/www.economiafinanzas.com\/wp-content\/uploads\/2017\/06\/stock-exchange-641910_1280-500x250.jpg 500w, https:\/\/www.economiafinanzas.com\/wp-content\/uploads\/2017\/06\/stock-exchange-641910_1280.jpg 1280w\" sizes=\"auto, (max-width: 300px) 100vw, 300px\"\/>\n<\/picture>\n<div>\n<p>Art\u00edculo relacionado:<\/p>\n<p>Inmobiliaria Colonia en el radar de los compradores<\/p>\n<\/div>\n<\/div>\n<h2>Impacto en cifras y reacciones<\/h2>\n<p>Desde la entrada en vigor, las solicitudes superan las <strong>215.000 en todo el pa\u00eds<\/strong>con m\u00e1s de 94.000 registros activos, alrededor de 103.000 provisionales y m\u00e1s de 18.000 revocadas por incidencias. Las provincias con mayor volumen son las m\u00e1s tur\u00edsticas, como <strong>M\u00e1laga, Gran Canaria, Alicante, Baleares y Barcelona<\/strong>. En Baleares, casi 12.600 propietarios ya han tramitado su registro, en su mayor\u00eda para alquileres vacacionales, y muchas solicitudes permanecen activas en la isla.<\/p>\n<p>Las reacciones son variadas: la administraci\u00f3n central defiende que ayudar\u00e1 a luchar contra los alojamientos ilegales y a frenar el encarecimiento de la vivienda, mientras que algunas comunidades aut\u00f3nomas y asociaciones del sector tur\u00edstico consideran que invade competencias y podr\u00eda reducir la oferta legal, afectando a la econom\u00eda local y a muchas familias que dependen del alquiler tur\u00edstico.<\/p>\n<p>Espa\u00f1a ha sido pionera en la implementaci\u00f3n del registro \u00fanico en Europa, y su modelo probablemente servir\u00e1 de referencia para otros pa\u00edses en los pr\u00f3ximos a\u00f1os.<\/p>\n<p>El <strong>implantamiento del registro \u00fanico de alquileres de corta duraci\u00f3n representa un cambio estructural para el sector tur\u00edstico y del alquiler en Espa\u00f1a<\/strong>. Propietarios y plataformas deben ajustarse a una regulaci\u00f3n m\u00e1s rigurosa, mientras las administraciones p\u00fablicas tendr\u00e1n mayor control y acceso a la informaci\u00f3n. La iniciativa busca promover la transparencia, reducir el fraude y garantizar el acceso a la vivienda, pese a los desaf\u00edos y controversias que pueda ocasionar en su implementaci\u00f3n.<\/p>\n<div class=\"post-relacionado-wrapper\"><picture decoding=\"async\" class=\"attachment-medium size-medium wp-post-image\"><source type=\"image\/webp\" data-lazy-srcset=\"https:\/\/www.economiafinanzas.com\/wp-content\/uploads\/2018\/04\/keys-2251770_1280-300x200.jpg.webp 300w, https:\/\/www.economiafinanzas.com\/wp-content\/uploads\/2018\/04\/keys-2251770_1280-1024x682.jpg.webp 1024w, https:\/\/www.economiafinanzas.com\/wp-content\/uploads\/2018\/04\/keys-2251770_1280-830x553.jpg.webp 830w, https:\/\/www.economiafinanzas.com\/wp-content\/uploads\/2018\/04\/keys-2251770_1280-400x267.jpg.webp 400w, https:\/\/www.economiafinanzas.com\/wp-content\/uploads\/2018\/04\/keys-2251770_1280-450x300.jpg.webp 450w, https:\/\/www.economiafinanzas.com\/wp-content\/uploads\/2018\/04\/keys-2251770_1280.jpg.webp 1280w\" sizes=\"(max-width: 300px) 100vw, 300px\"\/><img loading=\"lazy\" decoding=\"async\" width=\"300\" height=\"200\" alt=\"alquiler\" srcset=\"https:\/\/www.economiafinanzas.com\/wp-content\/uploads\/2018\/04\/keys-2251770_1280-300x200.jpg 300w, https:\/\/www.economiafinanzas.com\/wp-content\/uploads\/2018\/04\/keys-2251770_1280-1024x682.jpg 1024w, https:\/\/www.economiafinanzas.com\/wp-content\/uploads\/2018\/04\/keys-2251770_1280-830x553.jpg 830w, https:\/\/www.economiafinanzas.com\/wp-content\/uploads\/2018\/04\/keys-2251770_1280-400x267.jpg 400w, https:\/\/www.economiafinanzas.com\/wp-content\/uploads\/2018\/04\/keys-2251770_1280-450x300.jpg 450w, https:\/\/www.economiafinanzas.com\/wp-content\/uploads\/2018\/04\/keys-2251770_1280.jpg 1280w\" data-lazy-sizes=\"(max-width: 300px) 100vw, 300px\" src=\"https:\/\/www.economiafinanzas.com\/wp-content\/uploads\/2018\/04\/keys-2251770_1280-300x200.jpg\"\/><img loading=\"lazy\" decoding=\"async\" width=\"300\" height=\"200\" src=\"https:\/\/www.economiafinanzas.com\/wp-content\/uploads\/2018\/04\/keys-2251770_1280-300x200.jpg\" alt=\"alquiler\" srcset=\"https:\/\/www.economiafinanzas.com\/wp-content\/uploads\/2018\/04\/keys-2251770_1280-300x200.jpg 300w, https:\/\/www.economiafinanzas.com\/wp-content\/uploads\/2018\/04\/keys-2251770_1280-1024x682.jpg 1024w, https:\/\/www.economiafinanzas.com\/wp-content\/uploads\/2018\/04\/keys-2251770_1280-830x553.jpg 830w, https:\/\/www.economiafinanzas.com\/wp-content\/uploads\/2018\/04\/keys-2251770_1280-400x267.jpg 400w, https:\/\/www.economiafinanzas.com\/wp-content\/uploads\/2018\/04\/keys-2251770_1280-450x300.jpg 450w, https:\/\/www.economiafinanzas.com\/wp-content\/uploads\/2018\/04\/keys-2251770_1280.jpg 1280w\" sizes=\"auto, (max-width: 300px) 100vw, 300px\"\/>\n<\/picture>\n<div>\n<p>Art\u00edculo relacionado:<\/p>\n<p>Alquiler vs arrendamiento<\/p>\n<\/div>\n<\/div>\n<p><!-- CONTENT END 1 --><br \/>\n\t\t\n\t\t\t<\/div>\n\n","protected":false},"excerpt":{"rendered":"<p>Desde el 1 de julio de 2025, Espa\u00f1a ha puesto en funcionamiento un registro \u00fanico de alquileres de corta duraci\u00f3nque afecta especialmente a propietarios y plataformas de viviendas tur\u00edsticas, de temporada y de habitaciones. Esta medida es fruto de la normativa impulsada por el Real Decreto 1312\/2024 y el Reglamento Europeo 2024\/1028y se consolidar\u00e1 como &hellip;<\/p>\n","protected":false},"author":1,"featured_media":35139,"comment_status":"open","ping_status":"open","sticky":false,"template":"","format":"standard","meta":{"fifu_image_url":"https:\/\/www.economiafinanzas.com\/wp-content\/uploads\/2025\/07\/registro-unico-de-alquileres-2-scaled.jpg","fifu_image_alt":"","footnotes":""},"categories":[3],"tags":[],"class_list":["post-35137","post","type-post","status-publish","format-standard","has-post-thumbnail","","category-negocio"],"_links":{"self":[{"href":"https:\/\/noticiasveraces.com\/index.php?rest_route=\/wp\/v2\/posts\/35137","targetHints":{"allow":["GET"]}}],"collection":[{"href":"https:\/\/noticiasveraces.com\/index.php?rest_route=\/wp\/v2\/posts"}],"about":[{"href":"https:\/\/noticiasveraces.com\/index.php?rest_route=\/wp\/v2\/types\/post"}],"author":[{"embeddable":true,"href":"https:\/\/noticiasveraces.com\/index.php?rest_route=\/wp\/v2\/users\/1"}],"replies":[{"embeddable":true,"href":"https:\/\/noticiasveraces.com\/index.php?rest_route=%2Fwp%2Fv2%2Fcomments&post=35137"}],"version-history":[{"count":0,"href":"https:\/\/noticiasveraces.com\/index.php?rest_route=\/wp\/v2\/posts\/35137\/revisions"}],"wp:featuredmedia":[{"embeddable":true,"href":"https:\/\/noticiasveraces.com\/index.php?rest_route=\/wp\/v2\/media\/35139"}],"wp:attachment":[{"href":"https:\/\/noticiasveraces.com\/index.php?rest_route=%2Fwp%2Fv2%2Fmedia&parent=35137"}],"wp:term":[{"taxonomy":"category","embeddable":true,"href":"https:\/\/noticiasveraces.com\/index.php?rest_route=%2Fwp%2Fv2%2Fcategories&post=35137"},{"taxonomy":"post_tag","embeddable":true,"href":"https:\/\/noticiasveraces.com\/index.php?rest_route=%2Fwp%2Fv2%2Ftags&post=35137"}],"curies":[{"name":"wp","href":"https:\/\/api.w.org\/{rel}","templated":true}]}}