{"id":35123,"date":"2025-07-08T21:46:11","date_gmt":"2025-07-09T01:46:11","guid":{"rendered":"https:\/\/noticiasveraces.com\/?p=35123"},"modified":"2025-07-08T21:46:11","modified_gmt":"2025-07-09T01:46:11","slug":"lo-que-se-juega-von-der-leyen-dw-08-07-2025","status":"publish","type":"post","link":"https:\/\/noticiasveraces.com\/?p=35123","title":{"rendered":"lo que se juega Von der Leyen \u2013 DW \u2013 08\/07\/2025"},"content":{"rendered":"<p> \n<\/p>\n<div>\n<p>\u00abEs una estrategia extra\u00edda directamente del m\u00e1s antiguo manual de extremistas: polariza la sociedad y erosiona la confianza en la democracia\u00bb, declar\u00f3 la presidenta de la Comisi\u00f3n Europea, Ursula von der Leyen, dirigi\u00e9ndose\u00a0al parlamentario de extrema derecha Gheorghe Piperea, impulsor de una moci\u00f3n de censura en su contra en el Parlamento Europeo.<\/p>\n<p>La moci\u00f3n contra la funcionaria alemana de centroderecha\u00a0obtuvo unas 75 firmas en la c\u00e1mara europea, de 720 esca\u00f1os, cumpliendo con el m\u00ednimo necesario para ser considerada. Piperea es diputado al Parlamento Europeo desde julio de 2024, representando al partido rumano Alianza para la Uni\u00f3n de los Rumanos (AUR), parte del grupo Conservadores y Reformistas Europeos (ECR).<\/p>\n<p>\u00abPodemos seguir al Sr. Piperea en su mundo de conspiraciones y supuestas tramas siniestras&#8230; o podemos denunciar esto por lo que es: otro intento burdo de dividir nuestras instituciones\u00bb, denunci\u00f3\u00a0Von der Leyen.<\/p>\n<p>En teor\u00eda, la propuesta, que recicla, entre otras, antiguas preocupaciones sobre la transparencia en la negociaci\u00f3n de los colosales contratos de la UE para las vacunas contra la COVID-19, podr\u00eda provocar la expulsi\u00f3n del cargo de la funcionaria m\u00e1s poderosa del bloque en una votaci\u00f3n decisiva, que tendr\u00e1 lugar\u00a0el jueves,\u00a010 de julio de 2025.<\/p>\n<p>Si la moci\u00f3n prospera, Von der Leyen y los otros 26 miembros de la Comisi\u00f3n Europea tendr\u00edan que dimitir. Eso hundir\u00eda a la UE en el caos, justo cuando su poder ejecutivo busca poner fin a una guerra comercial con Washington e intenta reforzar el apoyo futuro a Ucrania mientras se defiende de la invasi\u00f3n rusa. Pero, pese a la\u00a0estridencia de los partidarios de Piperea en el Parlamento Europeo en Estrasburgo, Von der Leyen no parece correr ning\u00fan riesgo real.<\/p>\n<p><span data-slot-id=\"Article_InContent-1\" class=\"rich-text-ad\"\/><\/p>\n<h2>\u00bfQu\u00e9 hay detr\u00e1s de la moci\u00f3n?<\/h2>\n<p>La mayor\u00eda de los grupos pol\u00edticos se han negado a respaldar la moci\u00f3n, que requerir\u00eda una mayor\u00eda de dos tercios para su aprobaci\u00f3n. Incluso el grupo euroesc\u00e9ptico de Piperea parece dividido. El l\u00edder de Conservadores y Reformistas Europeos, Nicola Procaccini, se distanci\u00f3 de la medida, calific\u00e1ndola de \u00aberror\u00bb.<\/p>\n<p>Piperea critic\u00f3 a Von der Leyen por los mensajes de texto intercambiados con el director ejecutivo de Pfizer, Albert Bourla, durante la pandemia de COVID-19. En el llamado esc\u00e1ndalo \u00abPfizergate\u00bb, una sentencia reciente del Tribunal General de la UE<svg xmlns=\"http:\/\/www.w3.org\/2000\/svg\" width=\"20\" height=\"20\" viewbox=\"0 0 20 20\"><path d=\"M11.5 3.5 11.5 4.233C14.342 4.233 15.167 4.245 15.167 4.258L8.984 10.467 10.033 11.516C14.826 6.725 16.228 5.333 16.242 5.333L16.267 9 17.733 9 17.733 2.767 11.5 2.767 11.5 3.5M2.267 11 2.267 17.233 16.733 17.233 16.733 12 15.267 12 15.25 15.75 9.5 15.75 3.75 15.75 3.75 6.25 9.5 6.233 9.5 4.767 2.267 4.767 2.267 11 \"\/><\/svg>  declar\u00f3 infundada la justificaci\u00f3n de la Comisi\u00f3n Europea para denegar a un periodista de <em>The New York Times<\/em> el acceso a dichos textos.<\/p>\n<p>\u00abTodos los contratos negociados se examinaron en detalle en las capitales antes de ser firmados por cada uno de los 27 Estados miembros\u00bb, se defendi\u00f3 Von der Leyen. \u00abNo hubo secretos, cl\u00e1usulas ocultas, ni obligaci\u00f3n de compra para los Estados miembros\u00bb.<\/p>\n<h2>\u00bfQu\u00e9 dicen los eurodiputados?<\/h2>\n<p>Puede que Piperea iniciara\u00a0el enfrentamiento, pero los grupos de centroizquierda \u2014Socialdem\u00f3cratas, Verdes y el partido liberal Renew Europe\u2014\u00a0 han aprovechado\u00a0la ocasi\u00f3n para airear sus quejas.\u00a0La inquietud de los legisladores\u00a0por la cooperaci\u00f3n entre el Partido Popular Europeo de Von der Leyen con el grupo tradicional de derecha y miembros de extrema derecha ha ido en aumento por meses.<\/p>\n<p>Por ejemplo, a\u00a0finales del a\u00f1o pasado, el PPE vot\u00f3 junto con miembros de extrema derecha una resoluci\u00f3n presupuestaria relativa a la financiaci\u00f3n de la UE para las vallas fronterizas. Adem\u00e1s, la extrema derecha ha criticado subvenciones de la UE a organizaciones de la sociedad civil.<\/p>\n<p>Von der Leyen es criticada tambi\u00e9n por\u00a0incumplir sus emblem\u00e1ticos objetivos clim\u00e1ticos del Pacto Verde.<\/p>\n<figure class=\"placeholder-image master_landscape big\"><img data-format=\"MASTER_LANDSCAPE\" data-id=\"73157705\" data-url=\"https:\/\/static.dw.com\/image\/73157705_${formatId}.jpg\" data-aspect-ratio=\"16\/9\" alt=\"Francia, Estrasburgo, 2025 | El Parlamento Europeo en Estrasburgo se refleja en las aguas del r\u00edo Ill al atardecer.\" style=\"padding-bottom: 56.25%; height: 0; max-height: 0;\"\/><figcaption class=\"img-caption\">La moci\u00f3n de censura a Ursula von der Leyen en Estrasburgo parece destinada al fracaso.<small class=\"copyright\">Imagen: Ardan Fuessmann\/IMAGO<\/small><\/figcaption><\/figure>\n<p>\u00abEste es un gran espect\u00e1culo pol\u00edtico de la extrema derecha para socavar la democracia, para socavar nuestra Europa, para socavar la democracia europea\u00bb, declar\u00f3 el presidente de Los Verdes, Bas Eickhout. \u00abPero est\u00e1n alimentando a esa bestia y, en un momento dado, la bestia los devorar\u00e1\u00bb.<\/p>\n<p>Valerie Hayer, del Partido Liberal, pidi\u00f3 a Von der Leyen que \u00abse controle para que podamos trabajar juntos para lograr lo que deseamos\u00bb. Las elecciones europeas del a\u00f1o pasado dejaron a Von der Leyen sin una mayor\u00eda clara, pero fue reconfirmada por un estrecho margen para un segundo mandato\u00a0despu\u00e9s de proponer trabajar con partidos centristas proeuropeos.<\/p>\n<h2>\u00bfQu\u00e9 da\u00f1o podr\u00eda causarle esta moci\u00f3n a Von der Leyen?<\/h2>\n<p>Las mociones de censura no son algo in\u00e9dito en el Parlamento Europeo.\u00a0Seg\u00fan Sophia Russack, del Centro de Estudios Pol\u00edticos Europeos, es muy probable que Von der Leyen salga indemne. \u00abLa \u00faltima moci\u00f3n de censura fue en 2014 con [el expresidente de la Comisi\u00f3n Europea Jean-Claude] Juncker\u00bb, recuerda\u00a0la experta en asuntos de la UE a DW. \u00abNo le perjudic\u00f3 en absoluto. Sali\u00f3 airoso\u00bb.<\/p>\n<figure class=\"placeholder-image master_landscape big\"><img data-format=\"MASTER_LANDSCAPE\" data-id=\"65038579\" data-url=\"https:\/\/static.dw.com\/image\/65038579_${formatId}.jpg\" data-aspect-ratio=\"16\/9\" alt=\"El expresidente de la Comisi\u00f3n Europea, Jean-Claude Juncker, gesticula con el dedo mientras habla a un micr\u00f3fono.\" style=\"padding-bottom: 56.25%; height: 0; max-height: 0;\"\/><figcaption class=\"img-caption\">El predecesor de Ursula von der Leyen, Jean-Claude Juncker, sobrevivi\u00f3 a una moci\u00f3n de censura en 2014.<small class=\"copyright\">Imagen: Herbert Neubauer\/Apa\/Picturedesk\/Picture Alliance <\/small><\/figcaption><\/figure>\n<p>La \u00abcuesti\u00f3n crucial\u00bb es hasta qu\u00e9 punto el PPE de Von der Leyen se alinea con la extrema derecha en el futuro, afirma Russack.<\/p>\n<p>\u00abS\u00e9 que no estamos de acuerdo en todos los detalles de cada propuesta&#8230; y no puedo prometer que siempre estaremos de acuerdo en todo en el futuro. Pero lo que s\u00ed puedo prometer es que siempre estaremos dispuestos a trabajar por el compromiso y la unidad\u00bb, asegur\u00f3 Von der Leyen al centro pol\u00edtico, dirigi\u00e9ndose \u00aba todas las fuerzas proeuropeas y prodemocr\u00e1ticas de esta c\u00e1mara\u00bb.<\/p>\n<p>(RML\/MS)<\/p>\n<\/div>\n\n","protected":false},"excerpt":{"rendered":"<p>\u00abEs una estrategia extra\u00edda directamente del m\u00e1s antiguo manual de extremistas: polariza la sociedad y erosiona la confianza en la democracia\u00bb, declar\u00f3 la presidenta de la Comisi\u00f3n Europea, Ursula von der Leyen, dirigi\u00e9ndose\u00a0al parlamentario de extrema derecha Gheorghe Piperea, impulsor de una moci\u00f3n de censura en su contra en el Parlamento Europeo. La moci\u00f3n contra &hellip;<\/p>\n","protected":false},"author":1,"featured_media":35124,"comment_status":"open","ping_status":"open","sticky":false,"template":"","format":"standard","meta":{"fifu_image_url":"https:\/\/static.dw.com\/image\/73060275_6.jpg","fifu_image_alt":"","footnotes":""},"categories":[13],"tags":[],"class_list":["post-35123","post","type-post","status-publish","format-standard","has-post-thumbnail","","category-mundo"],"_links":{"self":[{"href":"https:\/\/noticiasveraces.com\/index.php?rest_route=\/wp\/v2\/posts\/35123","targetHints":{"allow":["GET"]}}],"collection":[{"href":"https:\/\/noticiasveraces.com\/index.php?rest_route=\/wp\/v2\/posts"}],"about":[{"href":"https:\/\/noticiasveraces.com\/index.php?rest_route=\/wp\/v2\/types\/post"}],"author":[{"embeddable":true,"href":"https:\/\/noticiasveraces.com\/index.php?rest_route=\/wp\/v2\/users\/1"}],"replies":[{"embeddable":true,"href":"https:\/\/noticiasveraces.com\/index.php?rest_route=%2Fwp%2Fv2%2Fcomments&post=35123"}],"version-history":[{"count":0,"href":"https:\/\/noticiasveraces.com\/index.php?rest_route=\/wp\/v2\/posts\/35123\/revisions"}],"wp:featuredmedia":[{"embeddable":true,"href":"https:\/\/noticiasveraces.com\/index.php?rest_route=\/wp\/v2\/media\/35124"}],"wp:attachment":[{"href":"https:\/\/noticiasveraces.com\/index.php?rest_route=%2Fwp%2Fv2%2Fmedia&parent=35123"}],"wp:term":[{"taxonomy":"category","embeddable":true,"href":"https:\/\/noticiasveraces.com\/index.php?rest_route=%2Fwp%2Fv2%2Fcategories&post=35123"},{"taxonomy":"post_tag","embeddable":true,"href":"https:\/\/noticiasveraces.com\/index.php?rest_route=%2Fwp%2Fv2%2Ftags&post=35123"}],"curies":[{"name":"wp","href":"https:\/\/api.w.org\/{rel}","templated":true}]}}