{"id":35101,"date":"2025-07-08T16:38:54","date_gmt":"2025-07-08T20:38:54","guid":{"rendered":"https:\/\/noticiasveraces.com\/?p=35101"},"modified":"2025-07-08T16:38:54","modified_gmt":"2025-07-08T20:38:54","slug":"como-alemania-logra-atraer-mas-voluntarios-al-ejercito-dw-08-07-2025","status":"publish","type":"post","link":"https:\/\/noticiasveraces.com\/?p=35101","title":{"rendered":"C\u00f3mo Alemania logra atraer m\u00e1s voluntarios al Ej\u00e9rcito \u2013 DW \u2013 08\/07\/2025"},"content":{"rendered":"<p> \n<\/p>\n<div>\n<p>\u00bfSer voluntario en la Bundeswehr, aprender a marchar y dormir en una litera de cuartel? Muchos j\u00f3venes alemanes ni siquiera pueden imagin\u00e1rselo. Tom s\u00ed. El joven de 23 a\u00f1os de Erfurt est\u00e1 considerando la idea. \u00abLa combinaci\u00f3n de camarader\u00eda y esp\u00edritu de equipo me fascina\u00bb, dice a DW. \u00abY quiero seguir desarroll\u00e1ndome\u00bb.<\/p>\n<p>Por eso, con su camiseta negra y un f\u00edsico atl\u00e9tico, Tom se encuentra ahora en la Oficina de Orientaci\u00f3n Profesional de la Bundeswehr en Erfurt.\u00a0Las personas que se interesan por el ej\u00e9rcito, como \u00e9l, son bienvenidas.<\/p>\n<p>Las Fuerzas Armadas alemanas buscan personal desesperadamente. Incluso quienes entran sin cita previa reciben asesoramiento r\u00e1pido. O, como m\u00ednimo,\u00a0una hoja informativa verde olivo con esta inscripci\u00f3n: \u00abAqu\u00ed asegurar\u00e1s a Alemania y tu futuro\u00bb.<\/p>\n<h2>Asesor de carrera uniformado en un centro comercial<\/h2>\n<p>Antes de decidirse, Tom necesita informaci\u00f3n. Tony Baumann, asesor\u00a0uniformado, le dedica tiempo y le pregunta amablemente sobre su experiencia y objetivos profesionales. <\/p>\n<figure class=\"placeholder-image master_landscape big\"><img data-format=\"MASTER_LANDSCAPE\" data-id=\"73183802\" data-url=\"https:\/\/static.dw.com\/image\/73183802_${formatId}.jpg\" data-aspect-ratio=\"16\/9\" alt=\"Joven de pelo corto rubio oscuro con camiseta negra, un cartel publicitario de la Bundeswehr en la pared izquierda y varias puertas de oficinas que dan a un pasillo al fondo.\" style=\"padding-bottom: 56.25%; height: 0; max-height: 0;\"\/><figcaption class=\"img-caption\">Imagina su futuro profesional en las Fuerzas Armadas: Tom en la oficina de orientaci\u00f3n profesional de la Bundeswehr en Erfurt.<small class=\"copyright\">Im\u00e1genes: Nina Werkh\u00e4user\/DW<\/small><\/figcaption><\/figure>\n<p>Tom lleva siete a\u00f1os trabajando en administraci\u00f3n en el sector sanitario. Conoce la Bundeswehr por unas pr\u00e1cticas que hizo cuando era estudiante. Un amigo soldado tambi\u00e9n le ha hablado mucho de ella. Servir en misiones en el extranjero no ser\u00eda un problema para Tom: \u00abTambi\u00e9n quiero devolver algo a mi pa\u00eds. Ya me he beneficiado de muchas cosas, como la educaci\u00f3n gratuita\u00bb.<\/p>\n<p>Con alrededor de 182.000 soldados y 80.000 empleados civiles, la Bundeswehr es uno de los mayores empleadores de Alemania. Atrae a futuros estudiantes con una amplia gama de formaciones t\u00e9cnicas y titulaciones universitarias. \u00abHay oportunidades que quiz\u00e1 no est\u00e9n disponibles en el sector privado\u00bb, comenta Tom. <\/p>\n<h2>Centro de Evaluaci\u00f3n en el Cuartel<\/h2>\n<p>El Cuartel de L\u00f6berfeld est\u00e1 a unos tres kil\u00f3metros de la Oficina de Orientaci\u00f3n Profesional. All\u00ed, los solicitantes de Turingia y Sajonia\u00a0acuden al Centro de Carrera de la Bundeswehr, uno de los 15 que hay en toda Alemania. Deben realizar una serie de pruebas. Los resultados determinan si la Bundeswehr los acepta o no.<\/p>\n<p>En el gimnasio, los j\u00f3venes hacen su examen f\u00edsico.\u00a0Aunque la demanda de personal es alta, la Bundeswehr no contrata a cualquiera. La salud y la condici\u00f3n f\u00edsica deben ser las adecuadas. Tambi\u00e9n la actitud personal. Si un solicitante no se adhiere al orden democr\u00e1tico b\u00e1sico y a todos sus principios asociados, el proceso termina.<\/p>\n<figure class=\"placeholder-image master_landscape big\"><img data-format=\"MASTER_LANDSCAPE\" data-id=\"73183722\" data-url=\"https:\/\/static.dw.com\/image\/73183722_${formatId}.jpg\" data-aspect-ratio=\"16\/9\" alt=\"Un joven con camiseta verde olivo y pantalones cortos negros cuelga de una barra horizontal con expresi\u00f3n tensa, mientras dos hombres con ropa deportiva negra y roja controlan, uno cronometrando el tiempo y el otro tomando notas. \" style=\"padding-bottom: 56.25%; height: 0; max-height: 0;\"\/><figcaption class=\"img-caption\">La barra forma parte de la prueba f\u00edsica de la Bundeswehr.<small class=\"copyright\">Im\u00e1genes: Nina Werkh\u00e4user\/DW<\/small><\/figcaption><\/figure>\n<p>Uno de cada cinco solicitantes no consigue el puesto, resume el coronel Kim Frerichs, director del Centro de Carrera\u00a0de Erfurt. Y se muestra\u00a0satisfecho con las cifras actuales: el n\u00famero de solicitudes y reclutamientos ha aumentado alrededor de un 20 por ciento\u00a0este a\u00f1o. Esto \u00abtambi\u00e9n es un efecto de la guerra en Ucrania\u00bb, que motiva a muchos, afirma Frerichs. La tendencia se mantiene desde\u00a02024, cuando la Bundeswehr recibi\u00f3 casi una quinta parte m\u00e1s de solicitudes que en 2023.<\/p>\n<p><span data-slot-id=\"Article_InContent-1\" class=\"rich-text-ad\"\/><\/p>\n<h2>\u00bfPueden los voluntarios satisfacer la alta demanda de soldados?<\/h2>\n<p>As\u00ed, la Bundeswehr est\u00e1 creciendo de nuevo, tras una reducci\u00f3n de unos 3.000 soldados entre 2020 y 2024. Sin embargo, no todos los nuevos reclutas permanecen. Adem\u00e1s, muchos soldados se est\u00e1n jubilando por edad. \u00bfSer\u00e1 posible reclutar hasta 60.000 soldados m\u00e1s en los pr\u00f3ximos a\u00f1os? A esto aspira el ministro de Defensa, Boris Pistorius. Lo justifica con la amenaza de Rusia y las crecientes exigencias de la OTAN.<\/p>\n<p>A pesar del ambicioso objetivo, el ministro\u00a0mantiene, por el momento,\u00a0la participaci\u00f3n voluntaria. Quiere hacer m\u00e1s atractivo el servicio militar, principalmente mediante mejores salarios.<\/p>\n<p>En el futuro, todos los j\u00f3venes de 18 a\u00f1os recibir\u00e1n una carta\u00a0de la Bundeswehr con una serie de preguntas. Los varones est\u00e1n obligados a\u00a0completar y devolver el cuestionario.\u00a0Las mujeres pueden hacerlo si lo desean, pero no est\u00e1n obligadas a ello.<\/p>\n<p>Las\u00a0preguntas versan sobre su salud y su disposici\u00f3n a realizar el servicio militar. El examen m\u00e9dico tambi\u00e9n se reintroducir\u00e1 gradualmente para todos los varones. Kim Frerichs, un hombre con experiencia pr\u00e1ctica, cree que estos \u00abelementos obligatorios\u00bb son necesarios.<\/p>\n<p>Por si la \u00ableve coerci\u00f3n\u00bb no es suficiente, el ministro Pistorius ha tomado precauciones: la nueva Ley del Servicio Militar prev\u00e9 la opci\u00f3n de reactivar el servicio militar obligatorio con poca antelaci\u00f3n. Esta opci\u00f3n entrar\u00e1 en vigor si no se encuentran suficientes voluntarios o si la situaci\u00f3n de amenaza se agrava. Se espera que el gabinete de ministros debata el proyecto de ley a finales de agosto.<\/p>\n<figure class=\"placeholder-image master_landscape big\"><img data-format=\"MASTER_LANDSCAPE\" data-id=\"73183778\" data-url=\"https:\/\/static.dw.com\/image\/73183778_${formatId}.jpg\" data-aspect-ratio=\"16\/9\" alt=\"Un soldado uniformado con boina roja, frente a los edificios amarillos de un cuartel de la Bundeswehr.\" style=\"padding-bottom: 56.25%; height: 0; max-height: 0;\"\/><figcaption class=\"img-caption\">Kim Frerichs dirige el Centro de Carreras de la Bundeswehr en el Cuartel L\u00f6berfeld de Erfurt.<small class=\"copyright\">Im\u00e1genes: Nina Werkh\u00e4user\/DW<\/small><\/figcaption><\/figure>\n<h2>A mejor\u00a0imagen de la Bundeswehr, m\u00e1s solicitantes<\/h2>\n<p>\u00bfQu\u00e9 les interesa a los j\u00f3venes que pasan por la oficina de\u00a0Erfurt? A menudo, preguntan si pueden practicar deportes u obtener el carnet de conducir mientras est\u00e1n en el Ej\u00e9rcito, dice el asesor profesional Tony Baumann, el entrevistador de\u00a0Tom.<\/p>\n<p>El dinero tambi\u00e9n es algo a tener en cuenta\u00a0para los posibles solicitantes.\u00a0\u00abNo tenemos nada que ocultar\u00bb, dice Baumann. \u00abSi alguien quiere hacer el servicio militar voluntario justo despu\u00e9s de la escuela, recibe 1.800 euros netos, adem\u00e1s de alojamiento, viaje en tren y atenci\u00f3n m\u00e9dica gratuitos. Es una opci\u00f3n muy atractiva\u00bb.<\/p>\n<p>El equipamiento de la Bundeswehr tambi\u00e9n influye. Ha mejorado significativamente desde que el Gobierno federal invirti\u00f3\u00a0en equipar a las tropas con armas modernas. Saber que la Bundeswehr est\u00e1 bien equipada, afirma Baumann, es sin duda una motivaci\u00f3n adicional para los solicitantes.<\/p>\n<p>(RML \/MS)<\/p>\n<\/div>\n\n","protected":false},"excerpt":{"rendered":"<p>\u00bfSer voluntario en la Bundeswehr, aprender a marchar y dormir en una litera de cuartel? Muchos j\u00f3venes alemanes ni siquiera pueden imagin\u00e1rselo. Tom s\u00ed. El joven de 23 a\u00f1os de Erfurt est\u00e1 considerando la idea. \u00abLa combinaci\u00f3n de camarader\u00eda y esp\u00edritu de equipo me fascina\u00bb, dice a DW. \u00abY quiero seguir desarroll\u00e1ndome\u00bb. Por eso, con &hellip;<\/p>\n","protected":false},"author":1,"featured_media":35102,"comment_status":"open","ping_status":"open","sticky":false,"template":"","format":"standard","meta":{"fifu_image_url":"https:\/\/static.dw.com\/image\/71448967_6.jpg","fifu_image_alt":"","footnotes":""},"categories":[13],"tags":[],"class_list":["post-35101","post","type-post","status-publish","format-standard","has-post-thumbnail","","category-mundo"],"_links":{"self":[{"href":"https:\/\/noticiasveraces.com\/index.php?rest_route=\/wp\/v2\/posts\/35101","targetHints":{"allow":["GET"]}}],"collection":[{"href":"https:\/\/noticiasveraces.com\/index.php?rest_route=\/wp\/v2\/posts"}],"about":[{"href":"https:\/\/noticiasveraces.com\/index.php?rest_route=\/wp\/v2\/types\/post"}],"author":[{"embeddable":true,"href":"https:\/\/noticiasveraces.com\/index.php?rest_route=\/wp\/v2\/users\/1"}],"replies":[{"embeddable":true,"href":"https:\/\/noticiasveraces.com\/index.php?rest_route=%2Fwp%2Fv2%2Fcomments&post=35101"}],"version-history":[{"count":0,"href":"https:\/\/noticiasveraces.com\/index.php?rest_route=\/wp\/v2\/posts\/35101\/revisions"}],"wp:featuredmedia":[{"embeddable":true,"href":"https:\/\/noticiasveraces.com\/index.php?rest_route=\/wp\/v2\/media\/35102"}],"wp:attachment":[{"href":"https:\/\/noticiasveraces.com\/index.php?rest_route=%2Fwp%2Fv2%2Fmedia&parent=35101"}],"wp:term":[{"taxonomy":"category","embeddable":true,"href":"https:\/\/noticiasveraces.com\/index.php?rest_route=%2Fwp%2Fv2%2Fcategories&post=35101"},{"taxonomy":"post_tag","embeddable":true,"href":"https:\/\/noticiasveraces.com\/index.php?rest_route=%2Fwp%2Fv2%2Ftags&post=35101"}],"curies":[{"name":"wp","href":"https:\/\/api.w.org\/{rel}","templated":true}]}}