{"id":35091,"date":"2025-07-08T14:31:14","date_gmt":"2025-07-08T18:31:14","guid":{"rendered":"https:\/\/noticiasveraces.com\/?p=35091"},"modified":"2025-07-08T14:31:14","modified_gmt":"2025-07-08T18:31:14","slug":"al-principio-del-verano-la-ola-de-calor-y-el-exceso-de-muertes-preocupan-a-portugal","status":"publish","type":"post","link":"https:\/\/noticiasveraces.com\/?p=35091","title":{"rendered":"Al principio del verano, la ola de calor y el exceso de muertes preocupan a Portugal"},"content":{"rendered":"<p> \n<\/p>\n<div>\n<p>Portugal est\u00e1 viviendo un verano de extremos. En menos de un mes, el pa\u00eds ha sufrido <strong>dos olas de calor<\/strong>con temperaturas que han alcanzado niveles sin precedentes y consecuencias tr\u00e1gicas.<\/p>\n<p>Seg\u00fan datos preliminares de la Direcci\u00f3n General de Salud (DGS), entre el 27 de junio y el 2 de julio se produjeron 69 muertes en exceso, especialmente entre personas mayores de 85 a\u00f1os, en Portugal, un aumento que las autoridades temen que pueda estar relacionado con el calor extremo.<\/p>\n<h2>R\u00e9cord de calor de d\u00eda y de noche<\/h2>\n<p>La situaci\u00f3n se repite a\u00f1o tras a\u00f1o, pero, seg\u00fan los expertos, las cifras son cada vez m\u00e1s preocupantes. \u00abMucho peor, mucho peor. Este a\u00f1o es mucho m\u00e1s grave\u00bb, advierte Carlos C\u00e2mara, climat\u00f3logo. \u201cLas condiciones son mucho m\u00e1s complicadas que el a\u00f1o pasado\u201d.<\/p>\n<p>El \u00faltimo bolet\u00edn del Instituto Portugu\u00e9s del Mar y de la Atm\u00f3sfera confirma que junio fue \u201cexcepcionalmente c\u00e1lido y seco\u201d. Tambi\u00e9n fue el tercero m\u00e1s c\u00e1lido desde 1931 y el cuarto m\u00e1s seco. La <strong>temperatura media fue 2 \u00b0C superior a la normal<\/strong>y un tercio de las estaciones meteorol\u00f3gicas registraron nuevos m\u00e1ximos hist\u00f3ricos.<\/p>\n<p>La ola de calor alcanz\u00f3 su punto \u00e1lgido a finales de junio, cuando la localidad portuguesa de Mora alcanz\u00f3 los 46,6\u00b0C, un nuevo m\u00e1ximo nacional para el mes de junio. El r\u00e9cord anterior, 44,9\u00b0C, pertenec\u00eda a Alc\u00e1cer do Sal en 2017.<\/p>\n<p>Pero ni siquiera las noches han tra\u00eddo alivio. La ciudad de Portalegre, por ejemplo, registr\u00f3 una temperatura m\u00ednima de 31,5\u00b0C, algo pr\u00e1cticamente in\u00e9dito en el pa\u00eds. \u201cEso es lo preocupante\u201d, subraya Carlos C\u00e2mara, investigador de la Facultad de Ciencias de la Universidad de Lisboa.<\/p>\n<p>Lu\u00eds Mestre, responsable de un canal de meteorolog\u00eda para aficionados, es muy consciente del impacto de este calor extremo. \u00abHemos tenido m\u00ednimas todas estas noches, pr\u00e1cticamente siempre entre 23 y 25 grados. As\u00ed que la noche tampoco permite descansar mucho, porque <strong>las temperaturas bajan muy poco<\/strong>\u00ab, explic\u00f3.<\/p>\n<p>Mestre siempre ha seguido de cerca el tiempo, un inter\u00e9s que le llev\u00f3 a crear un canal meteorol\u00f3gico dedicado al Alentejo, una de las zonas m\u00e1s calurosas del pa\u00eds.<\/p>\n<p>El objetivo es ofrecer datos en tiempo real para que la <strong>gente pueda tomar precauciones en los d\u00edas de calor extremo<\/strong>. \u201cIntentamos hacer el mejor trabajo posible, proporcionando a la poblaci\u00f3n las temperaturas en tiempo real de nuestras 60 estaciones meteorol\u00f3gicas\u201d, se\u00f1al\u00f3.<\/p>\n<div class=\"context-un_news_large_uncropped_credit_caption type-entermedia_image media media--type-entermedia-image media--view-mode-un-news-large-uncropped-credit-caption\">\n<div class=\"field field--name-thumbnail field--type-image field--label-hidden field__item\"><img decoding=\"async\" src=\"https:\/\/global.unitednations.entermediadb.net\/assets\/mediadb\/services\/module\/asset\/downloads\/preset\/Libraries\/Production%20Library\/26-05-2022_Unsplash_Portugal.jpg\/image1024x768.jpg\" alt=\"La playa de Nazar\u00e9 en Portugal.\" title=\"La playa de Nazar\u00e9 en Portugal.\" loading=\"lazy\" width=\"1024\" height=\"768\"\/>\n<\/div>\n<div class=\"field field--name-field-authors field--type-entity-reference field--label-hidden field__items\">\n<p>Unsplash\/Tamas Tuzes-Katai<\/p>\n<\/p><\/div>\n<p>La playa de Nazar\u00e9 en Portugal.<\/p>\n<\/div>\n<h2>Precauciones para el calor<\/h2>\n<p>A pesar de estar acostumbrado a las altas temperaturas del Alentejo, Lu\u00eds Mestre admite que los d\u00edas de <strong>calor extremo requieren un cuidado extra<\/strong>. \u00abIntento quedarme en casa siempre que es posible. Evito salir durante las horas de m\u00e1s calor\u00bb, dijo.<\/p>\n<p>Cuando el trabajo le obliga a salir, intenta minimizar los riesgos: \u00abSiempre intentas llevar sombreros, ir a la sombra. Y la verdad es que no he salido al sol durante la ola de calor\u00bb.<\/p>\n<p>\u201cEl calor extremo es un fen\u00f3meno conocido por su <strong>potencial impacto negativo en la salud<\/strong>como consecuencia de la deshidrataci\u00f3n o descompensaci\u00f3n de enfermedades cr\u00f3nicas, entre otros factores\u201d, explic\u00f3 la autoridad sanitaria en un comunicado.<\/p>\n<h2>Olas de calor: m\u00e1s frecuentes, intensas y extensas<\/h2>\n<p>El riesgo parece aumentar con los a\u00f1os. \u201cLas olas de calor en Portugal, o si se quiere, en la Europa mediterr\u00e1nea, son cada vez m\u00e1s frecuentes, cada vez m\u00e1s intensas y cada vez m\u00e1s extensas geogr\u00e1ficamente\u201d, afirm\u00f3 el climat\u00f3logo en entrevista con Noticias ONU.<\/p>\n<p>La Organizaci\u00f3n Mundial de la Salud, OMS, advierte de que el calor extremo es una <strong>amenaza creciente para la salud p\u00fablica<\/strong>responsable de m\u00e1s de <strong>175.000 muertes al a\u00f1o en Europa<\/strong>. Las proyecciones son preocupantes: si la temperatura media mundial aumenta m\u00e1s de 2\u00b0C respecto a la era preindustrial, esta cifra podr\u00eda aumentar en otras 100.000 muertes al a\u00f1o s\u00f3lo en la Uni\u00f3n Europea.<\/p>\n<h2>Una c\u00fapula de calor afecta a vastas regiones de Europa<\/h2>\n<p>El fen\u00f3meno que est\u00e1 afectando a Portugal no es aislado. Una vasta c\u00fapula de calor, como se la conoce internacionalmente, se <strong>extiende desde el Atl\u00e1ntico hasta Turqu\u00eda<\/strong>pasando por varios pa\u00edses europeos. \u201cEste tipo de evento extremo es lo que me preocupa\u201d, afirma Carlos C\u00e2mara.<\/p>\n<p>Seg\u00fan el Instituto Portugu\u00e9s del Mar y de la Atm\u00f3sfera, durante la \u00faltima ola de calor, el <strong>59% del territorio portugu\u00e9s se vio afectado<\/strong>especialmente en las regiones interiores del Norte y Centro, Alentejo y Algarve.<\/p>\n<p>Las previsiones apuntan a un verano especialmente exigente en Portugal y varios pa\u00edses europeos, con m\u00e1s calor, m\u00e1s noches tropicales y un mayor riesgo para la salud p\u00fablica.<\/p>\n<h2>Cambios en el urbanismo: ciudades y edificios se deben adaptar al clima<\/h2>\n<p>Carlos C\u00e2mara dej\u00f3 clara la relaci\u00f3n entre las olas de calor y el cambio clim\u00e1tico. \u00abEs una relaci\u00f3n directa y, como digo, se explica desde un punto de vista te\u00f3rico, se simula con modelos que, a su vez, se confirman con observaciones. As\u00ed que yo dir\u00eda que los argumentos a favor de una relaci\u00f3n entre las olas de calor y el cambio clim\u00e1tico son muy s\u00f3lidos\u00bb.<\/p>\n<p>El experto aboga por una respuesta que pase por <strong>mitigar las emisiones de gases de efecto invernadero y adaptar las ciudades<\/strong> y los edificios al nuevo clima. \u201cEsto implica, a nivel urbano, cambios en el urbanismo, cambios en los edificios; a nivel rural, cambios en el paisaje rural\u201d.<\/p>\n<p>C\u00e2mara teme, sin embargo, que este tipo de medidas tarden demasiado en hacer frente al aumento de las temperaturas. \u201cLos resultados tardan a\u00f1os en ser visibles y esto es totalmente incompatible con la mentalidad del siglo XXI de que todo se soluciona en un futuro inmediato y esto acaba salpicando a la pol\u00edtica, donde todo tiene que solucionarse durante una legislatura\u201d.<\/p>\n<p>Mientras tanto, las autoridades sanitarias mantienen sus advertencias. La gente debe evitar salir a la calle durante las horas de m\u00e1s calor, mantener sus casas frescas, mantenerse hidratada y proteger a los m\u00e1s vulnerables, como los ancianos y los ni\u00f1os.<\/p>\n<p>\u201cEs muy <strong>importante que la poblaci\u00f3n se d\u00e9 cuenta de lo que est\u00e1 pasando<\/strong>. Es importante que se den cuenta de que se trata de un asunto extremadamente grave\u00bb, se\u00f1al\u00f3 C\u00e2mara. <\/p>\n<\/div>\n\n","protected":false},"excerpt":{"rendered":"<p>Portugal est\u00e1 viviendo un verano de extremos. En menos de un mes, el pa\u00eds ha sufrido dos olas de calorcon temperaturas que han alcanzado niveles sin precedentes y consecuencias tr\u00e1gicas. Seg\u00fan datos preliminares de la Direcci\u00f3n General de Salud (DGS), entre el 27 de junio y el 2 de julio se produjeron 69 muertes en &hellip;<\/p>\n","protected":false},"author":1,"featured_media":35093,"comment_status":"open","ping_status":"open","sticky":false,"template":"","format":"standard","meta":{"fifu_image_url":"https:\/\/global.unitednations.entermediadb.net\/assets\/mediadb\/services\/module\/asset\/downloads\/preset\/Libraries\/Production%20Library\/28-03-2024-UNESCO-Portugal-Penedo.jpg\/image770x420cropped.jpg","fifu_image_alt":"","footnotes":""},"categories":[3],"tags":[],"class_list":["post-35091","post","type-post","status-publish","format-standard","has-post-thumbnail","","category-negocio"],"_links":{"self":[{"href":"https:\/\/noticiasveraces.com\/index.php?rest_route=\/wp\/v2\/posts\/35091","targetHints":{"allow":["GET"]}}],"collection":[{"href":"https:\/\/noticiasveraces.com\/index.php?rest_route=\/wp\/v2\/posts"}],"about":[{"href":"https:\/\/noticiasveraces.com\/index.php?rest_route=\/wp\/v2\/types\/post"}],"author":[{"embeddable":true,"href":"https:\/\/noticiasveraces.com\/index.php?rest_route=\/wp\/v2\/users\/1"}],"replies":[{"embeddable":true,"href":"https:\/\/noticiasveraces.com\/index.php?rest_route=%2Fwp%2Fv2%2Fcomments&post=35091"}],"version-history":[{"count":0,"href":"https:\/\/noticiasveraces.com\/index.php?rest_route=\/wp\/v2\/posts\/35091\/revisions"}],"wp:featuredmedia":[{"embeddable":true,"href":"https:\/\/noticiasveraces.com\/index.php?rest_route=\/wp\/v2\/media\/35093"}],"wp:attachment":[{"href":"https:\/\/noticiasveraces.com\/index.php?rest_route=%2Fwp%2Fv2%2Fmedia&parent=35091"}],"wp:term":[{"taxonomy":"category","embeddable":true,"href":"https:\/\/noticiasveraces.com\/index.php?rest_route=%2Fwp%2Fv2%2Fcategories&post=35091"},{"taxonomy":"post_tag","embeddable":true,"href":"https:\/\/noticiasveraces.com\/index.php?rest_route=%2Fwp%2Fv2%2Ftags&post=35091"}],"curies":[{"name":"wp","href":"https:\/\/api.w.org\/{rel}","templated":true}]}}