{"id":35077,"date":"2025-07-08T13:33:13","date_gmt":"2025-07-08T17:33:13","guid":{"rendered":"https:\/\/noticiasveraces.com\/?p=35077"},"modified":"2025-07-08T13:33:13","modified_gmt":"2025-07-08T17:33:13","slug":"el-film-de-ia-que-redefiniria-el-arte-dw-08-07-2025","status":"publish","type":"post","link":"https:\/\/noticiasveraces.com\/?p=35077","title":{"rendered":"el film de IA que redefinir\u00eda el arte \u2013 DW \u2013 08\/07\/2025"},"content":{"rendered":"<p> \n<\/p>\n<div>\n<p>En la pantalla, una familia que nunca ha existido observa en su sala varias televisiones simult\u00e1neamente con im\u00e1genes que no hacen ning\u00fan sentido. En la siguiente escena, un edifico flota y camina sobre explosiones con humo. Luego, una mujer sentada en un piano sacado\u00a0de otra dimensi\u00f3n acaricia un gato desproporcionadamente grande. As\u00ed comienza <em>Espacio total de p\u00edxeles<\/em>el cortometraje de Jacob Adler<svg xmlns=\"http:\/\/www.w3.org\/2000\/svg\" width=\"20\" height=\"20\" viewbox=\"0 0 20 20\"><path d=\"M11.5 3.5 11.5 4.233C14.342 4.233 15.167 4.245 15.167 4.258L8.984 10.467 10.033 11.516C14.826 6.725 16.228 5.333 16.242 5.333L16.267 9 17.733 9 17.733 2.767 11.5 2.767 11.5 3.5M2.267 11 2.267 17.233 16.733 17.233 16.733 12 15.267 12 15.25 15.75 9.5 15.75 3.75 15.75 3.75 6.25 9.5 6.233 9.5 4.767 2.267 4.767 2.267 11 \"\/><\/svg>  que se llev\u00f3 el gran premio del Festival Internacional de Cine de Inteligencia Artificial (AIFF)<svg xmlns=\"http:\/\/www.w3.org\/2000\/svg\" width=\"20\" height=\"20\" viewbox=\"0 0 20 20\"><path d=\"M11.5 3.5 11.5 4.233C14.342 4.233 15.167 4.245 15.167 4.258L8.984 10.467 10.033 11.516C14.826 6.725 16.228 5.333 16.242 5.333L16.267 9 17.733 9 17.733 2.767 11.5 2.767 11.5 3.5M2.267 11 2.267 17.233 16.733 17.233 16.733 12 15.267 12 15.25 15.75 9.5 15.75 3.75 15.75 3.75 6.25 9.5 6.233 9.5 4.767 2.267 4.767 2.267 11 \"\/><\/svg>  celebrado este junio en el Lincoln Center de Nueva York.<\/p>\n<h2><strong>Una exploraci\u00f3n de lo posible <\/strong><\/h2>\n<p>\u00ab\u00bfCu\u00e1ntas im\u00e1genes pueden existir posiblemente? \u00bfCu\u00e1ntos tipos de im\u00e1genes hay? \u00bfCu\u00e1ntas representan eventos reales? \u00bfQu\u00e9 yace en el espacio entre el orden y el caos? \u00ab, comienza la voz narradora en <em>Espacio total de p\u00edxeles.<\/em> En sus apenas nueve minutos, Adler consigue plantear una pregunta con el peso de una galaxia: si podemos representar cualquier imagen como una secuencia finita de n\u00fameros, \u00bfno existen ya todas las im\u00e1genes posibles, incluso las que a\u00fan no hemos imaginado?<\/p>\n<p>Inspirado por el cuento<em> La biblioteca de Babel <\/em>de Jorge Luis Borges \u2013que imagina una biblioteca infinita con todos los libros posibles\u2013, Adler transpone esa l\u00f3gica combinatoria al dominio visual. El resultado es un universo donde cada imagen, cada rostro, cada historia, cada sue\u00f1o y \u00ablas im\u00e1genes del momento de nuestras muertes\u00bb ya existen, suspendidos en un oc\u00e9ano de coordenadas esperando ser vistas. \u00abNegar esto\u00bb, afirma la voz artificial, \u00abser\u00eda negar la existencia de los n\u00fameros mismos\u00bb.<\/p>\n<p>A diferencia del relato de Borges, que presenta esta idea como una pesadilla intelectual que lleva a una civilizaci\u00f3n al suicidio colectivo, <em>Espacio total de p\u00edxeles<\/em> adopta una perspectiva m\u00e1s contemplativa y maravillada ante las posibilidades infinitas.<\/p>\n<p><a href=\"https:\/\/www.youtube.com\/watch?v=zpaeyge4d1a\">https:\/\/www.youtube.com\/watch?v=zpaeyge4d1a<\/a><\/p>\n<h2><strong>La matem\u00e1tica del infinito visual <\/strong><\/h2>\n<p>Estas posibilidades las sustenta con una matem\u00e1tica tanto aplastante como embriagadora. Seg\u00fan los c\u00e1lculos presentados en la pel\u00edcula, una imagen digital de resoluci\u00f3n modesta permite un n\u00famero finito, aunque inimaginablemente vasto, de combinaciones posibles.<\/p>\n<p>\u00abCada p\u00edxel se define por n\u00fameros que representan color y posici\u00f3n. Por lo tanto, cualquier imagen digital puede ser representada como una secuencia de n\u00fameros. Cada combinaci\u00f3n posible de estos n\u00fameros se mapea exactamente a una imagen \u00fanica, y cada imagen posible se mapea exactamente a una combinaci\u00f3n \u00fanica de n\u00fameros\u00bb, narra el corto.<\/p>\n<p>As\u00ed, seg\u00fan los c\u00e1lculos del cortometraje, considerando una profundidad de color RGB de 24 bits (que permite 16.777.216 colores por p\u00edxel) y una resoluci\u00f3n de 1.024 p\u00edxeles cuadrados, el n\u00famero total de im\u00e1genes posibles ser\u00eda \u00abun siete seguido de m\u00e1s de 7,5 millones de d\u00edgitos, m\u00e1s que un Google, pero menos que un Googleplex\u00bb. Como explica la voz, el n\u00famero estimado de im\u00e1genes posibles en una resoluci\u00f3n com\u00fan supera con creces el n\u00famero de \u00e1tomos del universo observable.<\/p>\n<figure class=\"placeholder-image master_landscape big\"><img data-format=\"MASTER_LANDSCAPE\" data-id=\"73200907\" data-url=\"https:\/\/static.dw.com\/image\/73200907_${formatId}.jpg\" data-aspect-ratio=\"16\/9\" alt=\"El edificio flotante que camin\u00f3 sobre explosiones de humo ilustr\u00f3 las posibilidades ilimitadas del espacio visual que Jacob Adler explor\u00f3 en su premiado cortometraje.\" style=\"padding-bottom: 56.25%; height: 0; max-height: 0;\"\/><figcaption class=\"img-caption\">El edificio flotante que camin\u00f3 sobre explosiones de humo ilustr\u00f3 las posibilidades ilimitadas del espacio visual que Jacob Adler explor\u00f3 en su premiado cortometraje.<small class=\"copyright\">Imagen: Jacob Adler<\/small><\/figcaption><\/figure>\n<h2><strong>Una nueva forma de crear <\/strong><\/h2>\n<p>En este momento convulsionado de revoluci\u00f3n tecnol\u00f3gica impulsada por la inteligencia artificial (IA), es dif\u00edcil describir con exactitud qu\u00e9 es <em>Espacio total de p\u00edxeles.<\/em> \u00bfUna pel\u00edcula filos\u00f3fica? \u00bfUn poema animado por IA? \u00bfUna meditaci\u00f3n borgeana? \u00bfUna trampa mental disfrazada de ensayo visual? Quiz\u00e1s todo eso y algo m\u00e1s.<\/p>\n<p>La idea no es nueva, pero s\u00ed lo es su ejecuci\u00f3n. Adler,<svg xmlns=\"http:\/\/www.w3.org\/2000\/svg\" width=\"20\" height=\"20\" viewbox=\"0 0 20 20\"><path d=\"M11.5 3.5 11.5 4.233C14.342 4.233 15.167 4.245 15.167 4.258L8.984 10.467 10.033 11.516C14.826 6.725 16.228 5.333 16.242 5.333L16.267 9 17.733 9 17.733 2.767 11.5 2.767 11.5 3.5M2.267 11 2.267 17.233 16.733 17.233 16.733 12 15.267 12 15.25 15.75 9.5 15.75 3.75 15.75 3.75 6.25 9.5 6.233 9.5 4.767 2.267 4.767 2.267 11 \"\/><\/svg>  no cineasta de formaci\u00f3n, sino compositor, organista y educador musical, no utiliz\u00f3 ninguna c\u00e1mara: emple\u00f3 programas de inteligencia artificial generativa como Midjourney<svg xmlns=\"http:\/\/www.w3.org\/2000\/svg\" width=\"20\" height=\"20\" viewbox=\"0 0 20 20\"><path d=\"M11.5 3.5 11.5 4.233C14.342 4.233 15.167 4.245 15.167 4.258L8.984 10.467 10.033 11.516C14.826 6.725 16.228 5.333 16.242 5.333L16.267 9 17.733 9 17.733 2.767 11.5 2.767 11.5 3.5M2.267 11 2.267 17.233 16.733 17.233 16.733 12 15.267 12 15.25 15.75 9.5 15.75 3.75 15.75 3.75 6.25 9.5 6.233 9.5 4.767 2.267 4.767 2.267 11 \"\/><\/svg>  para generar miles de im\u00e1genes, Runway<svg xmlns=\"http:\/\/www.w3.org\/2000\/svg\" width=\"20\" height=\"20\" viewbox=\"0 0 20 20\"><path d=\"M11.5 3.5 11.5 4.233C14.342 4.233 15.167 4.245 15.167 4.258L8.984 10.467 10.033 11.516C14.826 6.725 16.228 5.333 16.242 5.333L16.267 9 17.733 9 17.733 2.767 11.5 2.767 11.5 3.5M2.267 11 2.267 17.233 16.733 17.233 16.733 12 15.267 12 15.25 15.75 9.5 15.75 3.75 15.75 3.75 6.25 9.5 6.233 9.5 4.767 2.267 4.767 2.267 11 \"\/><\/svg>  para animarlas y ElevenLabs<svg xmlns=\"http:\/\/www.w3.org\/2000\/svg\" width=\"20\" height=\"20\" viewbox=\"0 0 20 20\"><path d=\"M11.5 3.5 11.5 4.233C14.342 4.233 15.167 4.245 15.167 4.258L8.984 10.467 10.033 11.516C14.826 6.725 16.228 5.333 16.242 5.333L16.267 9 17.733 9 17.733 2.767 11.5 2.767 11.5 3.5M2.267 11 2.267 17.233 16.733 17.233 16.733 12 15.267 12 15.25 15.75 9.5 15.75 3.75 15.75 3.75 6.25 9.5 6.233 9.5 4.767 2.267 4.767 2.267 11 \"\/><\/svg>  para sintetizar la voz en <em>apagado<\/em>mientras que el guion lo escribi\u00f3 \u00e9l mismo, seg\u00fan <em>Forbes<\/em>.<\/p>\n<p>Aunque en su corto no aparece ni una sola vez la palabra \u00abinteligencia artificial\u00bb en la narraci\u00f3n, su presencia es ubicua: es la tinta invisible que lo empapa todo. El cineasta no la muestra, la invoca. La IA no es tema, sino materia. No es en s\u00ed una herramienta, sino el propio lienzo que explora los l\u00edmites entre la realidad digital y la existencia misma.<\/p>\n<blockquote class=\"instagram embed\" data-href=\"https:\/\/www.instagram.com\/p\/DEkkxvsvyBc\/\"\/>\n<h2><strong>El Festival: de idea exc\u00e9ntrica a fen\u00f3meno cultural <\/strong><\/h2>\n<p>Lo que comenz\u00f3 hace tres a\u00f1os como \u00abuna idea descabellada\u00bb, seg\u00fan palabras de Crist\u00f3bal Valenzuela, CEO de Runway \u2013empresa pionera en herramientas de creaci\u00f3n de video con IA valorada en m\u00e1s de 3.000 millones de d\u00f3lares, y que patrocin\u00f3 el festival\u2013, ahora se ha convertido en \u00abun momento significativo\u00bb en la historia del arte, seg\u00fan asegur\u00f3 Valenzuela a <em>Fecha l\u00edmite<\/em>. Y lo dice sin exagerar.<\/p>\n<p>Hace tres a\u00f1os, este festival era poco m\u00e1s que una idea exc\u00e9ntrica. Hoy, recibi\u00f3 unas 6.000 propuestas de cineastas de todo el mundo \u2013en el que se present\u00f3 diez cortometrajes finalistas\u2013, un crecimiento exponencial desde las 300 del primer a\u00f1o. El festival cont\u00f3 con miembros del jurado destacados, entre los que se encontraban los directores Harmony Korine y Gaspar No\u00e9.<\/p>\n<p>\u00abEs imposible pasar por alto que la IA est\u00e1 presente en todas partes hoy en d\u00eda. Este podr\u00eda ser el cambio tecnol\u00f3gico m\u00e1s importante que cualquiera de nosotros haya visto en su vida\u00bb, dijo Valenzuela a <em>Fecha l\u00edmite<\/em>a\u00f1adiendo que la IA est\u00e1 \u00abcomenzando a alterar el tejido de la cultura y, naturalmente, el arte que se deriva de ella\u00bb.<\/p>\n<p>Valenzuela, durante su discurso de apertura en el festival, compar\u00f3 el momento actual con los inicios de la fotograf\u00eda: \u00abCuando apareci\u00f3 la fotograf\u00eda, cuando se inventaron los daguerrotipos, la gente no ten\u00eda palabras para describirla. Utilizaron la idea de un espejo con memoria porque nunca hab\u00edan visto nada parecido&#8230; Creo que eso se acerca bastante a donde nos encontramos ahora mismo\u00bb.<\/p>\n<figure class=\"placeholder-image master_landscape big\"><img data-format=\"MASTER_LANDSCAPE\" data-id=\"73199540\" data-url=\"https:\/\/static.dw.com\/image\/73199540_${formatId}.jpg\" data-aspect-ratio=\"16\/9\" alt=\"El Festival Internacional de Cine de Inteligencia Artificial celebr\u00f3 su tercera edici\u00f3n en el prestigioso Alice Tully Hall del Lincoln Center.\" style=\"padding-bottom: 56.25%; height: 0; max-height: 0;\"\/><figcaption class=\"img-caption\">El Festival Internacional de Cine de Inteligencia Artificial celebr\u00f3 su tercera edici\u00f3n en el prestigioso Alice Tully Hall del Lincoln Center.<small class=\"copyright\">Imagen: Wyatte Grantham-Philips\/AP\/Picture Alliance<\/small><\/figcaption><\/figure>\n<h2><strong>Entre las promesas y las preocupaciones <\/strong><\/h2>\n<p>La recepci\u00f3n de estas nuevas tecnolog\u00edas no est\u00e1 exenta de controversia. Mientras los ejecutivos de la industria, como Valenzuela, se\u00f1alan repetidamente c\u00f3mo la IA puede mejorar la eficiencia en el proceso de realizaci\u00f3n cinematogr\u00e1fica, permitiendo a los creativos realizar tareas que antes tomaban horas en cuesti\u00f3n de minutos, tambi\u00e9n han aumentado las ansiedades alrededor de esta tecnolog\u00eda, especialmente respecto a sus implicaciones laborales.<\/p>\n<p>La Alianza Internacional de Empleados de Escenarios Teatrales (IATSE), que representa a trabajadores del entretenimiento detr\u00e1s de escena en EE. UU. y Canad\u00e1, ha expresado que, aunque \u00ababraza nuevas tecnolog\u00edas que mejoran la narrativa\u00bb, tambi\u00e9n han sido claros en que \u00abla IA no debe usarse para socavar los derechos o medios de vida de los trabajadores\u00bb.<\/p>\n<figure class=\"placeholder-image master_landscape big\"><img data-format=\"MASTER_LANDSCAPE\" data-id=\"73200786\" data-url=\"https:\/\/static.dw.com\/image\/73200786_${formatId}.jpg\" data-aspect-ratio=\"16\/9\" alt=\"Jacob Adler, compositor y educador musical, utiliz\u00f3 programas de IA generativa para crear su premiada obra sin necesidad de c\u00e1maras tradicionales.\" style=\"padding-bottom: 56.25%; height: 0; max-height: 0;\"\/><figcaption class=\"img-caption\">Jacob Adler, compositor y educador musical, utiliz\u00f3 programas de IA generativa para crear su premiada obra sin necesidad de c\u00e1maras tradicionales.<small class=\"copyright\">Imagen: Jacob Adler<\/small><\/figcaption><\/figure>\n<p>Desde otra perspectiva cr\u00edtica, se podr\u00eda argumentar que la ret\u00f3rica sobre los nuevos horizontes que estas herramientas abren corre el riesgo de ocultar las formas en que nos encierran en viejos moldes.<\/p>\n<p>Pero no todos lo ven as\u00ed. En palabras de Valenzuela, lo que estamos presenciando no es una continuaci\u00f3n en la evoluci\u00f3n de los medios audiovisuales, sino una ruptura. \u00abAntes, los artistas estaban limitados por las c\u00e1maras, los estudios y los presupuestos\u00bb, dijo. \u00abAhora, un ni\u00f1o con una idea puede pulsar un bot\u00f3n y generar un sue\u00f1o\u00bb.<\/p>\n<p><span data-slot-id=\"Article_InContent-1\" class=\"rich-text-ad\"\/><\/p>\n<h2><strong>El espejo distorsionado <\/strong><\/h2>\n<p>A pesar de las preguntas abiertas y las preocupaciones, <em>Espacio total de p\u00edxeles<\/em> demuestra el potencial creativo de estas herramientas cuando se utilizan con sensibilidad art\u00edstica e inteligencia. Como se\u00f1ala el cr\u00edtico de arte Ben Davis en <em>Red de arte<\/em>\u00abla sensibilidad amable y enigm\u00e1tica\u00bb de la pel\u00edcula \u00abes agradable\u00bb y \u00abutiliza los fallos y el car\u00e1cter inquietante de las im\u00e1genes generadas por inteligencia artificial como algo con lo que pensar y no contra lo que pensar\u00bb.<\/p>\n<figure class=\"placeholder-image master_landscape big\"><img data-format=\"MASTER_LANDSCAPE\" data-id=\"73201033\" data-url=\"https:\/\/static.dw.com\/image\/73201033_${formatId}.jpg\" data-aspect-ratio=\"16\/9\" alt=\"El cortometraje present\u00f3 secuencias donde las realidades imposibles y las animaciones generadas por IA se fusionaron para cuestionar los l\u00edmites de la percepci\u00f3n visual.\" style=\"padding-bottom: 56.25%; height: 0; max-height: 0;\"\/><figcaption class=\"img-caption\">El cortometraje present\u00f3 secuencias donde las realidades imposibles y las animaciones generadas por IA se fusionaron para cuestionar los l\u00edmites de la percepci\u00f3n visual.<small class=\"copyright\">Imagen: Jacob Adler<\/small><\/figcaption><\/figure>\n<p>Esa decisi\u00f3n est\u00e9tica no es casual. La pel\u00edcula reh\u00faye el deslumbramiento t\u00e9cnico. Sus im\u00e1genes tienen una textura desva\u00edda, como recuerdos prestados o sue\u00f1os de otra mente. As\u00ed como apunta Davis, las animaciones de IA, con sus fallas, sus rarezas y su desajuste temporal, se convierten en parte del lenguaje emocional. No es un escaparate de poder computacional, sino una contemplaci\u00f3n sobre lo que significa mirar, recordar y especular.<\/p>\n<p>Y, sin embargo, <em>Espacio total de p\u00edxeles<\/em> tambi\u00e9n se vuelve espejo de sus propias limitaciones. Como se\u00f1ala Davis, al revisitar la pel\u00edcula una y otra vez, uno empieza a notar c\u00f3mo muchas de sus im\u00e1genes \u2013gatos, formaciones rocosas, cielos tormentosos, criaturas en la orilla\u2013 pertenecen a un imaginario ya sedimentado en la cultura digital. As\u00ed, a pesar de su ambici\u00f3n de infinito, el filme no escapa por completo a los g\u00e9neros y motivos que la IA, entrenada en datos humanos, tiende a replicar. <\/p>\n<p>Es una paradoja: el motor generativo que promete nuevas realidades tambi\u00e9n puede convertirse en una centrifugadora de clich\u00e9s, intensificando h\u00e1bitos y bucles autorreplicantes.<\/p>\n<figure class=\"placeholder-image master_landscape big\"><img data-format=\"MASTER_LANDSCAPE\" data-id=\"73200940\" data-url=\"https:\/\/static.dw.com\/image\/73200940_${formatId}.jpg\" data-aspect-ratio=\"16\/9\" alt=\"La mujer con un gato desproporcionadamente grande materializa la fascinante distorsi\u00f3n entre lo familiar y lo imposible que caracteriza al cortometraje y a mucho del contenido generado por IA.\" style=\"padding-bottom: 56.25%; height: 0; max-height: 0;\"\/><figcaption class=\"img-caption\">La mujer con un gato desproporcionadamente grande materializa la fascinante distorsi\u00f3n entre lo familiar y lo imposible que caracteriza al cortometraje y a mucho del contenido generado por IA.<small class=\"copyright\">Imagen: Jacob Adler<\/small><\/figcaption><\/figure>\n<h2><strong>Una interrogaci\u00f3n sobre el presente <\/strong><\/h2>\n<p>Y ah\u00ed est\u00e1 quiz\u00e1s lo m\u00e1s interesante de la obra de Adler. En lugar de presentar la inteligencia artificial como una utop\u00eda o una amenaza, la trata como un espejo distorsionado: uno que no solo muestra lo que somos capaces de imaginar, sino lo que ya estamos acostumbrados a imaginar. La IA como horizonte\u2026 y como frontera.<\/p>\n<p>En este sentido, <em>Espacio total de p\u00edxeles<\/em> no es tanto un manifiesto sobre el futuro del cine como una interrogaci\u00f3n sobre el presente de la imaginaci\u00f3n. \u00bfQu\u00e9 significa crear cuando todo ya existe como posibilidad matem\u00e1tica? \u00bfEs la IA una herramienta para explorar lo inexplorado o una fuerza que nos devuelve, una y otra vez, a lo familiar? \u00bfY qu\u00e9 hacemos nosotros \u2013los espectadores, los creadores, los so\u00f1adores\u2013 ante esa vastedad?<\/p>\n<p>Adler no responde. Solo sugiere. Y en un tiempo saturado de certezas algor\u00edtmicas, esa ambig\u00fcedad es quiz\u00e1s su gesto m\u00e1s radical.<\/p>\n<p><em>Editado por Felipe Espinosa Wang con informaci\u00f3n de AIFF, Deadline, Forbes, Artnet y AP. <\/em><\/p>\n<\/div>\n<p><script async src=\"\/\/www.instagram.com\/embed.js\"><\/script><br \/>\n<br \/>\n","protected":false},"excerpt":{"rendered":"<p>En la pantalla, una familia que nunca ha existido observa en su sala varias televisiones simult\u00e1neamente con im\u00e1genes que no hacen ning\u00fan sentido. En la siguiente escena, un edifico flota y camina sobre explosiones con humo. Luego, una mujer sentada en un piano sacado\u00a0de otra dimensi\u00f3n acaricia un gato desproporcionadamente grande. As\u00ed comienza Espacio total &hellip;<\/p>\n","protected":false},"author":1,"featured_media":35078,"comment_status":"open","ping_status":"open","sticky":false,"template":"","format":"standard","meta":{"fifu_image_url":"https:\/\/static.dw.com\/image\/73200967_6.jpg","fifu_image_alt":"","footnotes":""},"categories":[13],"tags":[],"class_list":["post-35077","post","type-post","status-publish","format-standard","has-post-thumbnail","","category-mundo"],"_links":{"self":[{"href":"https:\/\/noticiasveraces.com\/index.php?rest_route=\/wp\/v2\/posts\/35077","targetHints":{"allow":["GET"]}}],"collection":[{"href":"https:\/\/noticiasveraces.com\/index.php?rest_route=\/wp\/v2\/posts"}],"about":[{"href":"https:\/\/noticiasveraces.com\/index.php?rest_route=\/wp\/v2\/types\/post"}],"author":[{"embeddable":true,"href":"https:\/\/noticiasveraces.com\/index.php?rest_route=\/wp\/v2\/users\/1"}],"replies":[{"embeddable":true,"href":"https:\/\/noticiasveraces.com\/index.php?rest_route=%2Fwp%2Fv2%2Fcomments&post=35077"}],"version-history":[{"count":0,"href":"https:\/\/noticiasveraces.com\/index.php?rest_route=\/wp\/v2\/posts\/35077\/revisions"}],"wp:featuredmedia":[{"embeddable":true,"href":"https:\/\/noticiasveraces.com\/index.php?rest_route=\/wp\/v2\/media\/35078"}],"wp:attachment":[{"href":"https:\/\/noticiasveraces.com\/index.php?rest_route=%2Fwp%2Fv2%2Fmedia&parent=35077"}],"wp:term":[{"taxonomy":"category","embeddable":true,"href":"https:\/\/noticiasveraces.com\/index.php?rest_route=%2Fwp%2Fv2%2Fcategories&post=35077"},{"taxonomy":"post_tag","embeddable":true,"href":"https:\/\/noticiasveraces.com\/index.php?rest_route=%2Fwp%2Fv2%2Ftags&post=35077"}],"curies":[{"name":"wp","href":"https:\/\/api.w.org\/{rel}","templated":true}]}}