{"id":35067,"date":"2025-07-08T11:20:14","date_gmt":"2025-07-08T15:20:14","guid":{"rendered":"https:\/\/noticiasveraces.com\/?p=35067"},"modified":"2025-07-08T11:20:14","modified_gmt":"2025-07-08T15:20:14","slug":"se-peleo-con-colombia-vale-4-millones-y-sera-reemplazado-por-richard-rios-en-roma-curiosidades-de-futbol","status":"publish","type":"post","link":"https:\/\/noticiasveraces.com\/?p=35067","title":{"rendered":"Se pele\u00f3 con Colombia, vale 4 millones y ser\u00e1 reemplazado por Richard R\u00edos en Roma | Curiosidades de f\u00fatbol"},"content":{"rendered":"<p> \n<\/p>\n<div id=\"cuerpoArticulo\">\n<p class=\"texto intro\" id=\"p250436-m535-534-536\"><b>Leandro Paredes es el futbolista que ser\u00e1 reemplazado por Richard R\u00edos pensando en la pr\u00f3xima temporada<\/b>. Con la llegada de Gian Piero Gasperini como entrenador de la AS Roma, el futuro del mediocampista argentino se puso en duda y ahora todo parece indicar que este no continuar\u00e1 en el conjunto romano. Sobre todo, por un factor diferencial: la Roma est\u00e1 tratando de cerrar el fichaje del colombiano R\u00edos, jugador al que Palmeiras ya le coloc\u00f3 precio.<\/p>\n<p class=\"texto contenido-parrafo-articulo\" id=\"p250436-m553-2-554\">De acuerdo a distintas fuentes locales, <b>Richard R\u00edos pasar\u00e1 a jugar en la Roma de Italia<\/b>tras haber llegado a un acuerdo con Palmeiras cerrando su fichaje en unos 30 millones de euros. Si bien a\u00fan no es oficial, todos los caminos indican que el mediocentro de 25 a\u00f1os, quien es uno de los jugadores colombianos m\u00e1s valiosos del 2025, continuar\u00e1 con su carrera en Europa, precisamente en Italia y <b>reemplazar\u00e1 a Leandro Paredes, quien en estos momentos est\u00e1 tratando de cerrar su salida de la capital italiana<\/b>. <\/p>\n<div class=\"fotografia caja-articulo\" id=\"p250436-m559-3-560\">\n<div class=\"imagen-cuerpo-bk\">\n<figure itemscope=\"\" itemtype=\"https:\/\/schema.org\/ImageObject\" itemprop=\"image\" id=\"m564-563-565\" class=\"foto-galeria-articulo imagen-articulo foto-texto-articulo-galeria\"><img decoding=\"async\" alt=\"Leandro Paredes\" src=\"data:image\/png;base64,iVBORw0KGgoAAAANSUhEUgAAAAEAAAABCAQAAAC1HAwCAAAAC0lEQVR42mP8\/x0AAvsB+DlKarAAAAAASUVORK5CYII=\" style=\" display: inline;\" data-original=\"\/files\/article_content\/files\/crop\/uploads\/2025\/07\/08\/686d312162e4e.r_1751986542088.0-0-1024-768.png\"\/><meta itemprop=\"width\" content=\"600\"\/><meta itemprop=\"height\" content=\"450\"\/> <meta itemprop=\"url\" content=\"https:\/\/www.futbolred.com\/files\/article_content\/files\/crop\/uploads\/2025\/07\/08\/686d312162e4e.r_1751986542088.0-0-1024-768.png\"\/><\/figure>\n<\/div>\n<div class=\"figcaption-cuerpo-bk credito-image-bk\"><figcaption class=\"foto-info\">\n<div class=\"titulo-foto-bk\">\n<p id=\"m571-1-572\" class=\"titulo pie-de-foto\">R\u00edos reemplazar\u00e1 a Paredes en la Roma.<\/p>\n<\/div>\n<p class=\"credito\">\n                            <span class=\"linea pre_credito\">Foto:<\/span><\/p>\n<p>                        <span id=\"m577-2-578\" class=\"autor\" style=\"width: auto;\">Leandro Paredes \/ IG<\/span><\/p>\n<\/figcaption><\/div>\n<\/p><\/div>\n<p class=\"texto contenido-parrafo-articulo\" id=\"p250436-m585-4-586\">Seg\u00fan la prensa argentina, el agente de Paredes se encuentra en Italia negociando la desvinculaci\u00f3n del mediocampista de la Roma. El campe\u00f3n del mundo con la selecci\u00f3n Argentina en 2022 cuenta con una cl\u00e1usula de salida de 3.5 millones de euros, <b>en caso de que sea buscado por Boca Juniors<\/b>ya que el deseo de Paredes es regresar al club de sus amores. Es posible que en las pr\u00f3ximas horas se haga oficial su salida y, en su lugar, llegar\u00eda Richard R\u00edos.<\/p>\n<p>                                                            <span class=\"articulo-subtitulo subtitulo2 espacio-contenido\" id=\"p250436-m636-6-637\">La reciente pelea que tuvo Leandro Paredes con Colombia<\/span><\/p>\n<p class=\"texto contenido-parrafo-articulo\" id=\"p250436-m642-7-643\">Durante el \u00faltimo enfrentamiento entre Argentina y Colombia, Paredes tuvo un altercado con uno de los jugadores de la \u2018Tricolor\u2019 y, tras ser captado por la c\u00e1mara, se filtr\u00f3 lo que habr\u00eda dicho el jugador argentino: <b>\u201c\u00bfSabes lo que te falta a vos?\u201d<\/b>refiri\u00e9ndose a que dicho jugador de Colombia ten\u00eda poca experiencia comparado a su palmar\u00e9s. No es la primera vez que Paredes es protagonista de un acto pol\u00e9mico. <b>Ya hab\u00eda sucedido algo similar durante el Mundial de Qatar ante Pa\u00edses Bajos<\/b>.<\/p>\n<\/p><\/div>\n\n","protected":false},"excerpt":{"rendered":"<p>Leandro Paredes es el futbolista que ser\u00e1 reemplazado por Richard R\u00edos pensando en la pr\u00f3xima temporada. Con la llegada de Gian Piero Gasperini como entrenador de la AS Roma, el futuro del mediocampista argentino se puso en duda y ahora todo parece indicar que este no continuar\u00e1 en el conjunto romano. Sobre todo, por un &hellip;<\/p>\n","protected":false},"author":1,"featured_media":35068,"comment_status":"open","ping_status":"open","sticky":false,"template":"","format":"standard","meta":{"fifu_image_url":"https:\/\/www.futbolred.com\/files\/og_thumbnail\/uploads\/2025\/07\/08\/686d3046becc3.png","fifu_image_alt":"","footnotes":""},"categories":[6],"tags":[],"class_list":["post-35067","post","type-post","status-publish","format-standard","has-post-thumbnail","","category-deportes"],"_links":{"self":[{"href":"https:\/\/noticiasveraces.com\/index.php?rest_route=\/wp\/v2\/posts\/35067","targetHints":{"allow":["GET"]}}],"collection":[{"href":"https:\/\/noticiasveraces.com\/index.php?rest_route=\/wp\/v2\/posts"}],"about":[{"href":"https:\/\/noticiasveraces.com\/index.php?rest_route=\/wp\/v2\/types\/post"}],"author":[{"embeddable":true,"href":"https:\/\/noticiasveraces.com\/index.php?rest_route=\/wp\/v2\/users\/1"}],"replies":[{"embeddable":true,"href":"https:\/\/noticiasveraces.com\/index.php?rest_route=%2Fwp%2Fv2%2Fcomments&post=35067"}],"version-history":[{"count":0,"href":"https:\/\/noticiasveraces.com\/index.php?rest_route=\/wp\/v2\/posts\/35067\/revisions"}],"wp:featuredmedia":[{"embeddable":true,"href":"https:\/\/noticiasveraces.com\/index.php?rest_route=\/wp\/v2\/media\/35068"}],"wp:attachment":[{"href":"https:\/\/noticiasveraces.com\/index.php?rest_route=%2Fwp%2Fv2%2Fmedia&parent=35067"}],"wp:term":[{"taxonomy":"category","embeddable":true,"href":"https:\/\/noticiasveraces.com\/index.php?rest_route=%2Fwp%2Fv2%2Fcategories&post=35067"},{"taxonomy":"post_tag","embeddable":true,"href":"https:\/\/noticiasveraces.com\/index.php?rest_route=%2Fwp%2Fv2%2Ftags&post=35067"}],"curies":[{"name":"wp","href":"https:\/\/api.w.org\/{rel}","templated":true}]}}