{"id":35053,"date":"2025-07-08T07:40:15","date_gmt":"2025-07-08T11:40:15","guid":{"rendered":"https:\/\/noticiasveraces.com\/?p=35053"},"modified":"2025-07-08T07:40:15","modified_gmt":"2025-07-08T11:40:15","slug":"mas-de-la-mitad-de-las-prestaciones-de-dependencia-se-dan-en-los-hogares-y-en-el-entorno-mas-cercano-sociedad","status":"publish","type":"post","link":"https:\/\/noticiasveraces.com\/?p=35053","title":{"rendered":"M\u00e1s de la mitad de las prestaciones de dependencia se dan en los hogares y en el entorno m\u00e1s cercano | Sociedad"},"content":{"rendered":"<p> \n<br \/><img decoding=\"async\" src=\"https:\/\/imagenes.elpais.com\/resizer\/v2\/7MYB2VWJ3BDEVNJRSHLYV6WJ3U.jpg?auth=9e605421d3fc69dad4b4c6bae5df2bcae037d4061aeff96ce8b761657e16af92\" \/><\/p>\n<div data-dtm-region=\"articulo_cuerpo\">\n<p class=\"\">El Ministerio de Derechos Sociales ha presentado este martes la segunda edici\u00f3n del Panel del Sistema para la Autonom\u00eda y Atenci\u00f3n a la Dependencia (SAAD). La primera fue publicada en abril de este a\u00f1o.<b> <\/b>El nuevo informe corresponde al segundo trimestre de 2025 e indica que de las 2.204.784 prestaciones totales del SAAD (que incluye personas en la lista de espera, con expediente en tiempo de tramitaci\u00f3n o quienes ya reciben un servicio), el 56% se realizan en los hogares y en el entorno comunitario. <\/p>\n<p class=\"\">El n\u00famero total de prestaciones ha crecido 54,5% en los \u00faltimos cinco a\u00f1os. Esto ha permitido impulsar la tendencia a la personalizaci\u00f3n y la adaptaci\u00f3n de los cuidados, ha explicado Rosa Marti\u0301nez, secretaria de Estado de Derechos Sociales, desde la sede del Instituto de Mayores y Servicios Sociales (Imserso). <\/p>\n<p class=\"\">Mart\u00ednez ha indicado: \u201cEstamos inmersos a un cambio de modelo hacia servicios m\u00e1s personalizados que garanticen la autonom\u00eda de las personas y que les permite vivir m\u00e1s tiempo en sus casas\u201d. Y ha a\u00f1adido: \u201cEs un momento crucial para el sistema, por las tendencias demogr\u00e1ficas que hacen que cada vez m\u00e1s gente solicite las prestaciones del sistema\u201d.<\/p>\n<p class=\"\">Por otro lado, indican que a junio de 2025 el n\u00famero de personas que son atendidas en el sistema \u2015es decir, con un grado de dependencia reconocido y un programa individual de atenci\u00f3n\u2015 alcanza las 1.565.838. Esto representa un crecimiento del 7,5% respecto a junio de 2024. Los usuarios, cada vez m\u00e1s, hacen un uso combinado de las diferentes ayudas: desde 2020 ha pasado de 1,27 prestaciones por persona a 1,41. <\/p>\n<p class=\"\">Las prestaciones que m\u00e1s se combinan son la teleasistencia, la ayuda a domicilio y la ayuda econ\u00f3mica por cuidados familiares. Siendo dos primeros los m\u00e1s habituales. En los \u00faltimos cinco a\u00f1os, el nu\u0301mero total de estos servicios ha crecido un 119% en el caso de la teleasistencia y un 42,5% en la ayuda a domicilio. <\/p>\n<p class=\"\">La intensidad del servicio de ayuda a domicilio tambi\u00e9n ha aumentado. La media de horas que se ofrece a cada persona dependiente ha pasado a ser de 40,4 horas (en 2020 era de 36,8 horas). Sin embargo, este punto todav\u00eda representa un reto. \u201cEstamos lejos de lo deseable\u201d, ha indicado Mart\u00ednez. Seg\u00fan el real decreto aprobado en julio de 2023, una persona con grado tres de dependencia deber\u00eda tener un m\u00e1ximo de 94 horas de ayuda a domicilio, pero el sistema \u201ca\u00fan se encuentra en un periodo de adaptaci\u00f3n\u201d, ha a\u00f1adido. <\/p>\n<p class=\"\">Una de las principales dificultades es la falta de profesionales, especialmente en zonas rurales y en comunidades como Baleares, donde los elevados precios de la vivienda suponen un obst\u00e1culo adicional.<\/p>\n<p class=\"\">El Ministerio de Derechos Sociales resalta que otro servicio clave para reducir el peso de los entornos institucionales tradicionales son los centros de d\u00eda. Esta alternativa supone el 6,4% de las prestaciones, y ha crecido un 24% en los \u00faltimos cinco a\u00f1os. <\/p>\n<p class=\"\">De todas formas, los datos presentados este martes indican que una parte significativa del sistema se contin\u00faa sustentando en servicios menos integrados en el hogar. La atenci\u00f3n residencial representa el 13% de las prestaciones, y ha crecido un 25% en los \u00faltimos cinco a\u00f1os. <\/p>\n<p class=\"\">A lo que apunta el ministerio de Pablo Bustinduy es a extender las prestaciones para conseguir personalizar los cuidados. Adem\u00e1s, eliminar las incompatibilidades de prestaci\u00f3n impuestas en 2012. Por ello, desde el ministerio aseguran que \u201cqueda mucho trabajo por delante\u201d y que es necesaria la inversi\u00f3n continuada y un marco normativo actualizado.<\/p>\n<h3 class=\"\">M\u00e1s solicitudes y m\u00e1s espera<\/h3>\n<p class=\"\">La lista de espera en junio de 2025 se redujo 2,4% respecto al mismo mes del a\u00f1o anterior y se sit\u00faa en 180.794 personas. Esta lista contabiliza a todas las personas que, habiendo pasado seis meses desde la solicitud, a\u00fan no reciben ninguna prestaci\u00f3n sin que exista una causa justificada. El primer informe, con datos de marzo de 2025, indicaba que la lista se hab\u00eda reducido en un 9,4% con respecto al mismo mes de 2024. <\/p>\n<p class=\"\">Adem\u00e1s, la situaci\u00f3n por comunidades aut\u00f3nomas es desigual. Los gobiernos con menor lista de espera son los de Ceuta (41 personas) y Melilla (202), seguidas de Navarra (337) y La Rioja (340). Las autonom\u00edas que m\u00e1s tienen son Andaluc\u00eda (44.253), Catalu\u00f1a (44.080) y Comunidad Valenciana (20.236).<\/p>\n<p class=\"\">Uno de los grandes retos que tiene el sistema es el tiempo medio de gesti\u00f3n, desde que una persona solicita su valoraci\u00f3n hasta que recibe una prestaci\u00f3n. A junio de 2025, la espera es de 342 d\u00edas. Con respecto al 2020 se ha reducido en 61 d\u00edas. Sin embargo, la ley de Promoci\u00f3n de la Autonom\u00eda Personal y Atenci\u00f3n a las personas en situaci\u00f3n de dependencia (LAPAD) establece que debe ser un m\u00e1ximo de 180 d\u00edas. En marzo de 2025, la espera era de 338 d\u00edas.<\/p>\n<p class=\"\">En ese sentido, las comunidades que menos tiempo necesitan para la tramitaci\u00f3n son Ceuta, Castilla y Le\u00f3n y el Pa\u00eds Vasco. Los que m\u00e1s: Andaluc\u00eda, Murcia y Canarias. <\/p>\n<p class=\"\">Mart\u00ednez ha explicado que el aumento en la espera se debe al incremento en el n\u00famero de solicitudes. \u201cHablamos de 12.000, 13.000 o 14.000 solicitudes m\u00e1s cada mes que hay que abrir su correspondiente proceso administrativo y tambi\u00e9n los diferentes tiempos y gesti\u00f3n de comunidades aut\u00f3nomas. Cada vez hay m\u00e1s solicitudes\u201d, ha indicado. <\/p>\n<p class=\"\">En una nota de prensa, La Asociaci\u00f3n de Directoras y Gerentes de Servicios Sociales, que tradicionalmente ha hecho un recuento de casos, critica el m\u00e9todo del ministerio para contabilizar la lista de espera. \u201cSe refiere exclusivamente a aquellas personas con las que el Ministerio y los Gobiernos Auton\u00f3micos no est\u00e1n cumpliendo la Ley, que establece en 180 d\u00edas el plazo para darles la prestaci\u00f3n o servicio a la que tienen derecho\u201d, indica. Por ello, seg\u00fan su recuento, son 286.861 (106.067 m\u00e1s que las del ministerio) las personas en lista de espera, que han solicitado ser valoradas y atendidas por su situaci\u00f3n de dependencia<\/p>\n<\/div>\n\n","protected":false},"excerpt":{"rendered":"<p>El Ministerio de Derechos Sociales ha presentado este martes la segunda edici\u00f3n del Panel del Sistema para la Autonom\u00eda y Atenci\u00f3n a la Dependencia (SAAD). La primera fue publicada en abril de este a\u00f1o. El nuevo informe corresponde al segundo trimestre de 2025 e indica que de las 2.204.784 prestaciones totales del SAAD (que incluye &hellip;<\/p>\n","protected":false},"author":1,"featured_media":35055,"comment_status":"open","ping_status":"open","sticky":false,"template":"","format":"standard","meta":{"fifu_image_url":"https:\/\/imagenes.elpais.com\/resizer\/v2\/7MYB2VWJ3BDEVNJRSHLYV6WJ3U.jpg?auth=9e605421d3fc69dad4b4c6bae5df2bcae037d4061aeff96ce8b761657e16af92&width=1200","fifu_image_alt":"","footnotes":""},"categories":[11],"tags":[],"class_list":["post-35053","post","type-post","status-publish","format-standard","has-post-thumbnail","","category-viaje"],"_links":{"self":[{"href":"https:\/\/noticiasveraces.com\/index.php?rest_route=\/wp\/v2\/posts\/35053","targetHints":{"allow":["GET"]}}],"collection":[{"href":"https:\/\/noticiasveraces.com\/index.php?rest_route=\/wp\/v2\/posts"}],"about":[{"href":"https:\/\/noticiasveraces.com\/index.php?rest_route=\/wp\/v2\/types\/post"}],"author":[{"embeddable":true,"href":"https:\/\/noticiasveraces.com\/index.php?rest_route=\/wp\/v2\/users\/1"}],"replies":[{"embeddable":true,"href":"https:\/\/noticiasveraces.com\/index.php?rest_route=%2Fwp%2Fv2%2Fcomments&post=35053"}],"version-history":[{"count":0,"href":"https:\/\/noticiasveraces.com\/index.php?rest_route=\/wp\/v2\/posts\/35053\/revisions"}],"wp:featuredmedia":[{"embeddable":true,"href":"https:\/\/noticiasveraces.com\/index.php?rest_route=\/wp\/v2\/media\/35055"}],"wp:attachment":[{"href":"https:\/\/noticiasveraces.com\/index.php?rest_route=%2Fwp%2Fv2%2Fmedia&parent=35053"}],"wp:term":[{"taxonomy":"category","embeddable":true,"href":"https:\/\/noticiasveraces.com\/index.php?rest_route=%2Fwp%2Fv2%2Fcategories&post=35053"},{"taxonomy":"post_tag","embeddable":true,"href":"https:\/\/noticiasveraces.com\/index.php?rest_route=%2Fwp%2Fv2%2Ftags&post=35053"}],"curies":[{"name":"wp","href":"https:\/\/api.w.org\/{rel}","templated":true}]}}