{"id":35050,"date":"2025-07-08T07:25:54","date_gmt":"2025-07-08T11:25:54","guid":{"rendered":"https:\/\/noticiasveraces.com\/?p=35050"},"modified":"2025-07-08T07:25:54","modified_gmt":"2025-07-08T11:25:54","slug":"trump-netanyahu-reafirm-alliance-y-compartieron-vision-para-la-paz-regional","status":"publish","type":"post","link":"https:\/\/noticiasveraces.com\/?p=35050","title":{"rendered":"Trump, Netanyahu Reafirm Alliance y compartieron visi\u00f3n para la paz regional"},"content":{"rendered":"<p> \n<\/p>\n<div>\n<div id=\"beyondwords-wrapper\" class=\"beyondwords-wrapper\">\n<p><span class=\"label-bg\">NUEVO<\/span>\u00a1Ahora puedes escuchar art\u00edculos de Fox News!\n  <\/p>\n<\/div>\n<p class=\"speakable\">El presidente Donald Trump y el primer ministro israel\u00ed, Benjamin Netanyahu, se reunieron en la Casa Blanca el lunes por la noche para consolidar un mensaje compartido: la alianza de Estados Unidos-Israel ha remodelado el Medio Oriente, y se acerca m\u00e1s.<\/p>\n<p class=\"speakable\">\u00abTuvimos un tremendo \u00e9xito juntos\u00bb, dijo Trump durante la parte p\u00fablica de su reuni\u00f3n de cena. \u00abY creo que solo ser\u00e1 un \u00e9xito a\u00fan mayor en el futuro\u00bb.<\/p>\n<p>Netanyahu le entreg\u00f3 a Trump una carta formal que envi\u00f3 al Comit\u00e9 de Premios Nobel de la Paz. \u00abEst\u00e1 bien merecido\u00bb, dijo el primer ministro. \u00abEst\u00e1s forjando la paz mientras hablamos, en un pa\u00eds y una regi\u00f3n tras otra\u00bb.<\/p>\n<p><strong>Netanyahu sorprende a Trump con la nominaci\u00f3n formal del Premio Nobel de la Paz durante la hist\u00f3rica reuni\u00f3n de la Casa Blanca<\/strong><\/p>\n<div class=\"image-ct inline\">\n<div class=\"m\"><picture><source media=\"(max-width: 767px)\" srcset=\"https:\/\/a57.foxnews.com\/static.foxnews.com\/foxnews.com\/content\/uploads\/2025\/07\/343\/192\/trump-netanyahu-nobel-scaled.jpg?ve=1&amp;tl=1, https:\/\/a57.foxnews.com\/static.foxnews.com\/foxnews.com\/content\/uploads\/2025\/07\/686\/384\/trump-netanyahu-nobel-scaled.jpg?ve=1&amp;tl=1 2x\" height=\"192\" width=\"343\"><source media=\"(min-width: 768px) and (max-width: 1023px)\" srcset=\"https:\/\/a57.foxnews.com\/static.foxnews.com\/foxnews.com\/content\/uploads\/2025\/07\/672\/378\/trump-netanyahu-nobel-scaled.jpg?ve=1&amp;tl=1, https:\/\/a57.foxnews.com\/static.foxnews.com\/foxnews.com\/content\/uploads\/2025\/07\/1344\/756\/trump-netanyahu-nobel-scaled.jpg?ve=1&amp;tl=1 2x\" height=\"378\" width=\"672\"><source media=\"(min-width: 1024px) and (max-width: 1279px)\" srcset=\"https:\/\/a57.foxnews.com\/static.foxnews.com\/foxnews.com\/content\/uploads\/2025\/07\/931\/523\/trump-netanyahu-nobel-scaled.jpg?ve=1&amp;tl=1, https:\/\/a57.foxnews.com\/static.foxnews.com\/foxnews.com\/content\/uploads\/2025\/07\/1862\/1046\/trump-netanyahu-nobel-scaled.jpg?ve=1&amp;tl=1 2x\" height=\"523\" width=\"931\"><source media=\"(min-width: 1280px)\" srcset=\"https:\/\/a57.foxnews.com\/static.foxnews.com\/foxnews.com\/content\/uploads\/2025\/07\/720\/405\/trump-netanyahu-nobel-scaled.jpg?ve=1&amp;tl=1, https:\/\/a57.foxnews.com\/static.foxnews.com\/foxnews.com\/content\/uploads\/2025\/07\/1440\/810\/trump-netanyahu-nobel-scaled.jpg?ve=1&amp;tl=1 2x\" height=\"405\" width=\"720\"><img loading=\"lazy\" decoding=\"async\" src=\"https:\/\/a57.foxnews.com\/static.foxnews.com\/foxnews.com\/content\/uploads\/2025\/07\/1200\/675\/trump-netanyahu-nobel-scaled.jpg?ve=1&amp;tl=1\" alt=\"Netanyahu nomina a Trump para el Premio Nobel de la Paz\" width=\"1200\" height=\"675\"\/><\/source><\/source><\/source><\/source><\/picture><\/div>\n<div class=\"info\">\n<div class=\"caption\">\n<p><span>El primer ministro de Israel, Benjamin Netanyahu, le entrega al presidente Donald Trump una carpeta durante una reuni\u00f3n en la sala azul de la Casa Blanca, el lunes 7 de julio de 2025.<\/span> <span>(AP Photo\/Alex Brandon)<\/span><\/p>\n<\/div>\n<\/div>\n<\/div>\n<p>Trump parec\u00eda sorprendido. \u00abMuchas gracias\u00bb, respondi\u00f3. \u00abViniendo de ti en particular, esto es muy significativo\u00bb.<\/p>\n<p>Pero detr\u00e1s del simbolismo hab\u00eda una discusi\u00f3n seria sobre Ir\u00e1n, Gaza y lo que ambas partes ven como un punto de inflexi\u00f3n en la diplomacia regional. Trump confirm\u00f3 que Ir\u00e1n solicit\u00f3 nuevas conversaciones despu\u00e9s de los ataques conjuntos estadounidense-israel\u00edes sobre su infraestructura nuclear y de misiles. \u00abQuieren encontrarse. Quieren resolver algo\u00bb, dijo. \u00abSon muy diferentes ahora de lo que eran hace dos semanas\u00bb.<\/p>\n<p>Netanyahu calific\u00f3 la operaci\u00f3n militar \u00abuna victoria hist\u00f3rica\u00bb, y agreg\u00f3 que \u00abretras\u00f3 los dos tumores que amenazaban la vida de Israel: el tumor nuclear y el tumor de misiles bal\u00edsticos\u00bb. Pero, advirti\u00f3, \u00abal igual que un tumor, puede volver a crecer &#8230; tienes que monitorear constantemente la situaci\u00f3n para asegurarte de que no haya intento de recuperarlo\u00bb.<\/p>\n<p>Michael Makovsky, CEO del Instituto Jud\u00edo de Seguridad Nacional de Am\u00e9rica (Jinsa), dijo a Fox News Digital que un objetivo clave de la reuni\u00f3n era definir l\u00edneas rojas para futuras acciones.<\/p>\n<p>\u00abLa guerra con Ir\u00e1n fue terminada un poco abruptamente por Trump\u00bb, dijo Makovsky. \u00abLos israel\u00edes quer\u00edan continuar un par de d\u00edas m\u00e1s, o al menos hasta que hubiera un entendimiento con los Estados Unidos sobre lo que desencadenar\u00eda otra respuesta\u00bb.<\/p>\n<div class=\"image-ct inline\">\n<div class=\"m\"><picture><source media=\"(max-width: 767px)\" srcset=\"https:\/\/a57.foxnews.com\/static.foxnews.com\/foxnews.com\/content\/uploads\/2025\/07\/343\/192\/trump-netanyahu-white-house-scaled.jpg?ve=1&amp;tl=1, https:\/\/a57.foxnews.com\/static.foxnews.com\/foxnews.com\/content\/uploads\/2025\/07\/686\/384\/trump-netanyahu-white-house-scaled.jpg?ve=1&amp;tl=1 2x\" height=\"192\" width=\"343\"><source media=\"(min-width: 768px) and (max-width: 1023px)\" srcset=\"https:\/\/a57.foxnews.com\/static.foxnews.com\/foxnews.com\/content\/uploads\/2025\/07\/672\/378\/trump-netanyahu-white-house-scaled.jpg?ve=1&amp;tl=1, https:\/\/a57.foxnews.com\/static.foxnews.com\/foxnews.com\/content\/uploads\/2025\/07\/1344\/756\/trump-netanyahu-white-house-scaled.jpg?ve=1&amp;tl=1 2x\" height=\"378\" width=\"672\"><source media=\"(min-width: 1024px) and (max-width: 1279px)\" srcset=\"https:\/\/a57.foxnews.com\/static.foxnews.com\/foxnews.com\/content\/uploads\/2025\/07\/931\/523\/trump-netanyahu-white-house-scaled.jpg?ve=1&amp;tl=1, https:\/\/a57.foxnews.com\/static.foxnews.com\/foxnews.com\/content\/uploads\/2025\/07\/1862\/1046\/trump-netanyahu-white-house-scaled.jpg?ve=1&amp;tl=1 2x\" height=\"523\" width=\"931\"><source media=\"(min-width: 1280px)\" srcset=\"https:\/\/a57.foxnews.com\/static.foxnews.com\/foxnews.com\/content\/uploads\/2025\/07\/720\/405\/trump-netanyahu-white-house-scaled.jpg?ve=1&amp;tl=1, https:\/\/a57.foxnews.com\/static.foxnews.com\/foxnews.com\/content\/uploads\/2025\/07\/1440\/810\/trump-netanyahu-white-house-scaled.jpg?ve=1&amp;tl=1 2x\" height=\"405\" width=\"720\"><img loading=\"lazy\" decoding=\"async\" src=\"https:\/\/a57.foxnews.com\/static.foxnews.com\/foxnews.com\/content\/uploads\/2025\/07\/1200\/675\/trump-netanyahu-white-house-scaled.jpg?ve=1&amp;tl=1\" alt=\"Trump se encuentra con Netanyahu\" width=\"1200\" height=\"675\"\/><\/source><\/source><\/source><\/source><\/picture><\/div>\n<div class=\"info\">\n<div class=\"caption\">\n<p><span>El presidente Donald Trump se re\u00fane con el primer ministro de Israel, Benjamin Netanyahuat, la Casa Blanca, el lunes 7 de julio de 2025.<\/span> <span>(AP Photo\/Alex Brandon)<\/span><\/p>\n<\/div>\n<\/div>\n<\/div>\n<p><strong>Netanyahu y Trump se reunir\u00e1n en DC como se debate el destino de Gaza sin Hamas<\/strong><\/p>\n<p>Seg\u00fan una nueva nota de Jinsa titulada Not Over, esos desencadenantes podr\u00edan incluir la reconstrucci\u00f3n de las defensas a\u00e9reas de Ir\u00e1n, desviar el uranio enriquecido o importar tecnolog\u00eda avanzada de misiles. \u00abSiempre hemos visto la acci\u00f3n militar como una campa\u00f1a, no como una \u00fanica\u00bb, dijo Makovsky. \u00abDesafortunadamente, sin colapso del r\u00e9gimen en Teher\u00e1n, esto ser\u00e1 parte de una serie\u00bb.<\/p>\n<p>Trump, sin embargo, enfatiz\u00f3 sus ambiciones de paz. \u00abEstoy deteniendo las guerras\u00bb, dijo. <\/p>\n<p>Dijo que la huelga de Ir\u00e1n \u00abresult\u00f3 &#8230; para ser borrada\u00bb y elogi\u00f3 a los pilotos involucrados: \u00abVolaron durante 37 horas con cero problemas mec\u00e1nicamente. Las bombas m\u00e1s grandes que hemos ca\u00eddo, no nucleares. Y queremos mantenerlo no nuclear, por cierto\u00bb.<\/p>\n<div class=\"image-ct inline\">\n<div class=\"m\"><picture><source media=\"(max-width: 767px)\" srcset=\"https:\/\/a57.foxnews.com\/static.foxnews.com\/foxnews.com\/content\/uploads\/2025\/06\/343\/192\/smoke-rises-israel-iran-conflict.jpg?ve=1&amp;tl=1, https:\/\/a57.foxnews.com\/static.foxnews.com\/foxnews.com\/content\/uploads\/2025\/06\/686\/384\/smoke-rises-israel-iran-conflict.jpg?ve=1&amp;tl=1 2x\" height=\"192\" width=\"343\"><source media=\"(min-width: 768px) and (max-width: 1023px)\" srcset=\"https:\/\/a57.foxnews.com\/static.foxnews.com\/foxnews.com\/content\/uploads\/2025\/06\/672\/378\/smoke-rises-israel-iran-conflict.jpg?ve=1&amp;tl=1, https:\/\/a57.foxnews.com\/static.foxnews.com\/foxnews.com\/content\/uploads\/2025\/06\/1344\/756\/smoke-rises-israel-iran-conflict.jpg?ve=1&amp;tl=1 2x\" height=\"378\" width=\"672\"><source media=\"(min-width: 1024px) and (max-width: 1279px)\" srcset=\"https:\/\/a57.foxnews.com\/static.foxnews.com\/foxnews.com\/content\/uploads\/2025\/06\/931\/523\/smoke-rises-israel-iran-conflict.jpg?ve=1&amp;tl=1, https:\/\/a57.foxnews.com\/static.foxnews.com\/foxnews.com\/content\/uploads\/2025\/06\/1862\/1046\/smoke-rises-israel-iran-conflict.jpg?ve=1&amp;tl=1 2x\" height=\"523\" width=\"931\"><source media=\"(min-width: 1280px)\" srcset=\"https:\/\/a57.foxnews.com\/static.foxnews.com\/foxnews.com\/content\/uploads\/2025\/06\/720\/405\/smoke-rises-israel-iran-conflict.jpg?ve=1&amp;tl=1, https:\/\/a57.foxnews.com\/static.foxnews.com\/foxnews.com\/content\/uploads\/2025\/06\/1440\/810\/smoke-rises-israel-iran-conflict.jpg?ve=1&amp;tl=1 2x\" height=\"405\" width=\"720\"><img loading=\"lazy\" decoding=\"async\" src=\"https:\/\/a57.foxnews.com\/static.foxnews.com\/foxnews.com\/content\/uploads\/2025\/06\/1200\/675\/smoke-rises-israel-iran-conflict.jpg?ve=1&amp;tl=1\" alt=\"El humo se eleva de la televisi\u00f3n estatal de Ir\u00e1n\" width=\"1200\" height=\"675\"\/><\/source><\/source><\/source><\/source><\/picture><\/div>\n<div class=\"info\">\n<div class=\"caption\">\n<p><span>El humo se eleva desde la construcci\u00f3n de la televisi\u00f3n estatal de Ir\u00e1n despu\u00e9s de una huelga israel\u00ed en Teher\u00e1n, el 16 de junio de 2025. <\/span> <span>(Foto AP)<\/span><\/p>\n<\/div>\n<\/div>\n<\/div>\n<p>Volviendo a Gaza, Trump dijo que cree que pronto se puede llegar a un acuerdo de alto el fuego pronto. \u00abQuieren ese alto el fuego\u00bb, dijo, en referencia a Hamas. Netanyahu se hizo eco de ese deseo, pero reiter\u00f3 que \u00abciertos poderes, como la seguridad general, siempre permanecer\u00e1n en nuestras manos. Nadie en Israel estar\u00e1 de acuerdo con nada m\u00e1s. No nos suicidamos. Apreciamos la vida\u00bb.<\/p>\n<p>Cuando se le pregunt\u00f3 si su plan de reubicaci\u00f3n palestino todav\u00eda estaba sobre la mesa, Trump inicialmente aplaz\u00f3 a Netanyahu, quien respondi\u00f3 alabando lo que llam\u00f3 \u00abuna visi\u00f3n brillante\u00bb.<\/p>\n<p>\u00abSe llama libre elecci\u00f3n\u00bb, dijo Netanyahu. \u00abSi las personas quieren quedarse, pueden quedarse. Pero si quieren irse, deber\u00edan poder irse\u00bb.<\/p>\n<div class=\"image-ct inline\">\n<div class=\"m\"><picture><source media=\"(max-width: 767px)\" srcset=\"https:\/\/a57.foxnews.com\/static.foxnews.com\/foxnews.com\/content\/uploads\/2025\/05\/343\/192\/gaza-1.jpg?ve=1&amp;tl=1, https:\/\/a57.foxnews.com\/static.foxnews.com\/foxnews.com\/content\/uploads\/2025\/05\/686\/384\/gaza-1.jpg?ve=1&amp;tl=1 2x\" height=\"192\" width=\"343\"><source media=\"(min-width: 768px) and (max-width: 1023px)\" srcset=\"https:\/\/a57.foxnews.com\/static.foxnews.com\/foxnews.com\/content\/uploads\/2025\/05\/672\/378\/gaza-1.jpg?ve=1&amp;tl=1, https:\/\/a57.foxnews.com\/static.foxnews.com\/foxnews.com\/content\/uploads\/2025\/05\/1344\/756\/gaza-1.jpg?ve=1&amp;tl=1 2x\" height=\"378\" width=\"672\"><source media=\"(min-width: 1024px) and (max-width: 1279px)\" srcset=\"https:\/\/a57.foxnews.com\/static.foxnews.com\/foxnews.com\/content\/uploads\/2025\/05\/931\/523\/gaza-1.jpg?ve=1&amp;tl=1, https:\/\/a57.foxnews.com\/static.foxnews.com\/foxnews.com\/content\/uploads\/2025\/05\/1862\/1046\/gaza-1.jpg?ve=1&amp;tl=1 2x\" height=\"523\" width=\"931\"><source media=\"(min-width: 1280px)\" srcset=\"https:\/\/a57.foxnews.com\/static.foxnews.com\/foxnews.com\/content\/uploads\/2025\/05\/720\/405\/gaza-1.jpg?ve=1&amp;tl=1, https:\/\/a57.foxnews.com\/static.foxnews.com\/foxnews.com\/content\/uploads\/2025\/05\/1440\/810\/gaza-1.jpg?ve=1&amp;tl=1 2x\" height=\"405\" width=\"720\"><img loading=\"lazy\" decoding=\"async\" src=\"https:\/\/a57.foxnews.com\/static.foxnews.com\/foxnews.com\/content\/uploads\/2025\/05\/1200\/675\/gaza-1.jpg?ve=1&amp;tl=1\" alt=\"Los gazanes huyen de sus hogares en medio de ataques a\u00e9reos israel\u00edes\" width=\"1200\" height=\"675\"\/><\/source><\/source><\/source><\/source><\/picture><\/div>\n<div class=\"info\">\n<div class=\"caption\">\n<p><span>Los palestinos se abren paso con pertenencias mientras huyen de sus hogares, despu\u00e9s de los ataques a\u00e9reos israel\u00edes, en la Franja del Norte de Gaza el 16 de mayo de 2025.<\/span> <span>(Reuters\/Mahmoud Issa)<\/span><\/p>\n<\/div>\n<\/div>\n<\/div>\n<p>Agreg\u00f3 que Israel est\u00e1 trabajando estrechamente con Estados Unidos para encontrar pa\u00edses dispuestos a ayudar a realizar este enfoque. \u00abNos estamos acercando a encontrar varios pa\u00edses\u00bb, dijo Netanyahu. \u00abY creo que esto dar\u00e1, nuevamente, la libertad de elegir. Los palestinos deber\u00edan tenerlo. Y espero que podamos asegurarlo\u00bb.<\/p>\n<p>Makovsky dijo que Trump ahora ve a Gaza e Ir\u00e1n como \u00abepisodios\u00bb secuenciales. \u00abVe la guerra con Ir\u00e1n como un episodio exitoso: es hora de terminar con eso y pivotar a la paz\u00bb, dijo. \u00abQuiere avanzar para expandir los acuerdos de Abraham, particularmente con Arabia Saudita\u00bb.<\/p>\n<p>Los dos l\u00edderes tambi\u00e9n tocaron Siria. \u00abCreo que hay una oportunidad para explorar\u00bb, dijo Netanyahu, haciendo referencia a turnos recientes despu\u00e9s del colapso del r\u00e9gimen de Assad. Makovsky dijo que el presidente sirio Ahmed Al-Sharaa puede estar buscando \u00abalg\u00fan tipo de acuerdo\u00bb con Israel para obtener apoyo de los Estados Unidos. \u00abEs incre\u00edblemente flexible y pr\u00e1ctico\u00bb, se\u00f1al\u00f3 Makovsky.<\/p>\n<div class=\"image-ct inline\">\n<div class=\"m\"><picture><source media=\"(max-width: 767px)\" srcset=\"https:\/\/a57.foxnews.com\/static.foxnews.com\/foxnews.com\/content\/uploads\/2025\/05\/343\/192\/2025-05-14t084614z_941002951_rc2kheapb9yi_rtrmadp_3_usa-trump-gulf-syria.jpg?ve=1&amp;tl=1, https:\/\/a57.foxnews.com\/static.foxnews.com\/foxnews.com\/content\/uploads\/2025\/05\/686\/384\/2025-05-14t084614z_941002951_rc2kheapb9yi_rtrmadp_3_usa-trump-gulf-syria.jpg?ve=1&amp;tl=1 2x\" height=\"192\" width=\"343\"><source media=\"(min-width: 768px) and (max-width: 1023px)\" srcset=\"https:\/\/a57.foxnews.com\/static.foxnews.com\/foxnews.com\/content\/uploads\/2025\/05\/672\/378\/2025-05-14t084614z_941002951_rc2kheapb9yi_rtrmadp_3_usa-trump-gulf-syria.jpg?ve=1&amp;tl=1, https:\/\/a57.foxnews.com\/static.foxnews.com\/foxnews.com\/content\/uploads\/2025\/05\/1344\/756\/2025-05-14t084614z_941002951_rc2kheapb9yi_rtrmadp_3_usa-trump-gulf-syria.jpg?ve=1&amp;tl=1 2x\" height=\"378\" width=\"672\"><source media=\"(min-width: 1024px) and (max-width: 1279px)\" srcset=\"https:\/\/a57.foxnews.com\/static.foxnews.com\/foxnews.com\/content\/uploads\/2025\/05\/931\/523\/2025-05-14t084614z_941002951_rc2kheapb9yi_rtrmadp_3_usa-trump-gulf-syria.jpg?ve=1&amp;tl=1, https:\/\/a57.foxnews.com\/static.foxnews.com\/foxnews.com\/content\/uploads\/2025\/05\/1862\/1046\/2025-05-14t084614z_941002951_rc2kheapb9yi_rtrmadp_3_usa-trump-gulf-syria.jpg?ve=1&amp;tl=1 2x\" height=\"523\" width=\"931\"><source media=\"(min-width: 1280px)\" srcset=\"https:\/\/a57.foxnews.com\/static.foxnews.com\/foxnews.com\/content\/uploads\/2025\/05\/720\/405\/2025-05-14t084614z_941002951_rc2kheapb9yi_rtrmadp_3_usa-trump-gulf-syria.jpg?ve=1&amp;tl=1, https:\/\/a57.foxnews.com\/static.foxnews.com\/foxnews.com\/content\/uploads\/2025\/05\/1440\/810\/2025-05-14t084614z_941002951_rc2kheapb9yi_rtrmadp_3_usa-trump-gulf-syria.jpg?ve=1&amp;tl=1 2x\" height=\"405\" width=\"720\"><img loading=\"lazy\" decoding=\"async\" src=\"https:\/\/a57.foxnews.com\/static.foxnews.com\/foxnews.com\/content\/uploads\/2025\/05\/1200\/675\/2025-05-14t084614z_941002951_rc2kheapb9yi_rtrmadp_3_usa-trump-gulf-syria.jpg?ve=1&amp;tl=1\" alt=\"Trump conoce a Al Sharaa\" width=\"1200\" height=\"675\"\/><\/source><\/source><\/source><\/source><\/picture><\/div>\n<div class=\"info\">\n<div class=\"caption\">\n<p><span>El presidente Donald Trump se re\u00fane con el presidente sirio Ahmed al-Sharaa en Riad, Arabia Saudita, el 14 de mayo de 2025. (Agencia de prensa saudita\/folleto a trav\u00e9s de Reuters)<\/span> <!----><\/p>\n<\/div>\n<\/div>\n<\/div>\n<p><strong>Haga clic aqu\u00ed para obtener la aplicaci\u00f3n Fox News<\/strong><\/p>\n<p>Como dijo Netanyahu, \u00abEsto ya ha cambiado la cara de Medio Oriente\u00bb. Trump agreg\u00f3: \u00abEstamos en camino a muchos resultados excelentes\u00bb.<\/p>\n<p>El martes, Netanyahu se reunir\u00e1 con el presidente de la casa, Mike Johnson, R-La.<\/p>\n<p> <!----> <\/p>\n<div class=\"article-meta\">\n<div class=\"author-bio\">\n<p>Efrat Lachter es un reportero de investigaci\u00f3n y corresponsal de guerra. Su trabajo la ha llevado a 40 pa\u00edses, incluidos Ucrania, Rusia, Irak, Siria, Sud\u00e1n y Afganist\u00e1n. Recibi\u00f3 la Comunidad para el Periodismo 2024 Knight-Wallace para periodismo. Lachter se puede seguir en x @efratlachter.<\/p>\n<\/div>\n<\/div>\n<\/div>\n\n","protected":false},"excerpt":{"rendered":"<p>NUEVO\u00a1Ahora puedes escuchar art\u00edculos de Fox News! El presidente Donald Trump y el primer ministro israel\u00ed, Benjamin Netanyahu, se reunieron en la Casa Blanca el lunes por la noche para consolidar un mensaje compartido: la alianza de Estados Unidos-Israel ha remodelado el Medio Oriente, y se acerca m\u00e1s. \u00abTuvimos un tremendo \u00e9xito juntos\u00bb, dijo Trump &hellip;<\/p>\n","protected":false},"author":1,"featured_media":35052,"comment_status":"open","ping_status":"open","sticky":false,"template":"","format":"standard","meta":{"fifu_image_url":"https:\/\/static.foxnews.com\/foxnews.com\/content\/uploads\/2025\/07\/trump-netanyahu-white-house-scaled.jpg","fifu_image_alt":"","footnotes":""},"categories":[13],"tags":[],"class_list":["post-35050","post","type-post","status-publish","format-standard","has-post-thumbnail","","category-mundo"],"_links":{"self":[{"href":"https:\/\/noticiasveraces.com\/index.php?rest_route=\/wp\/v2\/posts\/35050","targetHints":{"allow":["GET"]}}],"collection":[{"href":"https:\/\/noticiasveraces.com\/index.php?rest_route=\/wp\/v2\/posts"}],"about":[{"href":"https:\/\/noticiasveraces.com\/index.php?rest_route=\/wp\/v2\/types\/post"}],"author":[{"embeddable":true,"href":"https:\/\/noticiasveraces.com\/index.php?rest_route=\/wp\/v2\/users\/1"}],"replies":[{"embeddable":true,"href":"https:\/\/noticiasveraces.com\/index.php?rest_route=%2Fwp%2Fv2%2Fcomments&post=35050"}],"version-history":[{"count":0,"href":"https:\/\/noticiasveraces.com\/index.php?rest_route=\/wp\/v2\/posts\/35050\/revisions"}],"wp:featuredmedia":[{"embeddable":true,"href":"https:\/\/noticiasveraces.com\/index.php?rest_route=\/wp\/v2\/media\/35052"}],"wp:attachment":[{"href":"https:\/\/noticiasveraces.com\/index.php?rest_route=%2Fwp%2Fv2%2Fmedia&parent=35050"}],"wp:term":[{"taxonomy":"category","embeddable":true,"href":"https:\/\/noticiasveraces.com\/index.php?rest_route=%2Fwp%2Fv2%2Fcategories&post=35050"},{"taxonomy":"post_tag","embeddable":true,"href":"https:\/\/noticiasveraces.com\/index.php?rest_route=%2Fwp%2Fv2%2Ftags&post=35050"}],"curies":[{"name":"wp","href":"https:\/\/api.w.org\/{rel}","templated":true}]}}