{"id":35046,"date":"2025-07-08T06:24:55","date_gmt":"2025-07-08T10:24:55","guid":{"rendered":"https:\/\/noticiasveraces.com\/?p=35046"},"modified":"2025-07-08T06:24:55","modified_gmt":"2025-07-08T10:24:55","slug":"alemania-debera-dar-visado-a-familia-afgana-dw-08-07-2025","status":"publish","type":"post","link":"https:\/\/noticiasveraces.com\/?p=35046","title":{"rendered":"Alemania deber\u00e1 dar visado a familia afgana \u2013 DW \u2013 08\/07\/2025"},"content":{"rendered":"<p> \n<\/p>\n<div>\n<p>Alemania debe conceder visados a una ciudadana afgana y sus familiares tras haberle hecho promesas en este sentido, seg\u00fan una decisi\u00f3n del Tribunal Administrativo de Berl\u00edn que se produce en medio de los intentos del actual Gobierno germano de poner fin al programa de admisi\u00f3n para Afganist\u00e1n.<\/p>\n<p>Seg\u00fan inform\u00f3 la corte este martes (08.07.2025) en un comunicado, los solicitantes afganos se encuentran actualmente en Pakist\u00e1n.<\/p>\n<p>El programa federal de admisi\u00f3n para Afganist\u00e1n, que se puso en marcha en octubre de 2022, ten\u00eda por objeto ofrecer a los afganos especialmente vulnerables y a sus familiares la perspectiva de ser admitidos en Alemania, aunque el n\u00famero de admisiones previstas es limitado.<\/p>\n<p>Sobre la base de este programa, la Oficina Federal de Migraci\u00f3n y Refugiados emiti\u00f3 promesas de admisi\u00f3n a los solicitantes en octubre de 2023, pero la petici\u00f3n de la afgana y sus familiares de visados en la Embajada de Alemania en Islamabad fue ignorada hasta ahora.<\/p>\n<p><strong>Temen por su vida en Afganist\u00e1n<\/strong><\/p>\n<p>En su demanda en Berl\u00edn, los ciudadanos afganos alegaron que tienen derecho a un visado y que ya no pueden permanecer en Pakist\u00e1n, porque se les amenaza con la deportaci\u00f3n a Afganist\u00e1n, donde tendr\u00edan que temer por su vida y su integridad f\u00edsica.<\/p>\n<p>En su decisi\u00f3n, la Sala 8\u00aa del Tribunal Administrativo de Berl\u00edn argumenta que, si bien el Gobierno germano puede decidir no continuar con el programa de admisi\u00f3n y, por tanto, no emitir nuevas promesas, s\u00ed est\u00e1 jur\u00eddicamente vinculado por los compromisos no revocados.<\/p>\n<p>\u00abLa Rep\u00fablica Federal de Alemania no puede liberarse de este compromiso voluntariamente asumido y todav\u00eda efectivo\u00bb, enfatizan los jueces en su decisi\u00f3n, que puede ser recurrida ante el Tribunal Administrativo Superior de Berl\u00edn-Brandemburgo.<\/p>\n<p>CT (EFE, NTV)<\/p>\n<\/div>\n\n","protected":false},"excerpt":{"rendered":"<p>Alemania debe conceder visados a una ciudadana afgana y sus familiares tras haberle hecho promesas en este sentido, seg\u00fan una decisi\u00f3n del Tribunal Administrativo de Berl\u00edn que se produce en medio de los intentos del actual Gobierno germano de poner fin al programa de admisi\u00f3n para Afganist\u00e1n. Seg\u00fan inform\u00f3 la corte este martes (08.07.2025) en &hellip;<\/p>\n","protected":false},"author":1,"featured_media":35047,"comment_status":"open","ping_status":"open","sticky":false,"template":"","format":"standard","meta":{"fifu_image_url":"https:\/\/static.dw.com\/image\/71206940_6.jpg","fifu_image_alt":"","footnotes":""},"categories":[13],"tags":[],"class_list":["post-35046","post","type-post","status-publish","format-standard","has-post-thumbnail","","category-mundo"],"_links":{"self":[{"href":"https:\/\/noticiasveraces.com\/index.php?rest_route=\/wp\/v2\/posts\/35046","targetHints":{"allow":["GET"]}}],"collection":[{"href":"https:\/\/noticiasveraces.com\/index.php?rest_route=\/wp\/v2\/posts"}],"about":[{"href":"https:\/\/noticiasveraces.com\/index.php?rest_route=\/wp\/v2\/types\/post"}],"author":[{"embeddable":true,"href":"https:\/\/noticiasveraces.com\/index.php?rest_route=\/wp\/v2\/users\/1"}],"replies":[{"embeddable":true,"href":"https:\/\/noticiasveraces.com\/index.php?rest_route=%2Fwp%2Fv2%2Fcomments&post=35046"}],"version-history":[{"count":0,"href":"https:\/\/noticiasveraces.com\/index.php?rest_route=\/wp\/v2\/posts\/35046\/revisions"}],"wp:featuredmedia":[{"embeddable":true,"href":"https:\/\/noticiasveraces.com\/index.php?rest_route=\/wp\/v2\/media\/35047"}],"wp:attachment":[{"href":"https:\/\/noticiasveraces.com\/index.php?rest_route=%2Fwp%2Fv2%2Fmedia&parent=35046"}],"wp:term":[{"taxonomy":"category","embeddable":true,"href":"https:\/\/noticiasveraces.com\/index.php?rest_route=%2Fwp%2Fv2%2Fcategories&post=35046"},{"taxonomy":"post_tag","embeddable":true,"href":"https:\/\/noticiasveraces.com\/index.php?rest_route=%2Fwp%2Fv2%2Ftags&post=35046"}],"curies":[{"name":"wp","href":"https:\/\/api.w.org\/{rel}","templated":true}]}}