{"id":35029,"date":"2025-07-08T05:24:19","date_gmt":"2025-07-08T09:24:19","guid":{"rendered":"https:\/\/noticiasveraces.com\/?p=35029"},"modified":"2025-07-08T05:24:19","modified_gmt":"2025-07-08T09:24:19","slug":"seul-y-tokio-ven-margen-para-negociar-tras-carta-de-trump-dw-08-07-2025","status":"publish","type":"post","link":"https:\/\/noticiasveraces.com\/?p=35029","title":{"rendered":"Se\u00fal y Tokio ven margen para negociar tras carta de Trump \u2013 DW \u2013 08\/07\/2025"},"content":{"rendered":"<p> \n<\/p>\n<div>\n<p>Corea del Sur dijo este martes (08.07.2025) que interpreta la carta remitida por Washington, que anuncia la imposici\u00f3n de aranceles \u00abrec\u00edprocos\u00bb del 25 % a partir del 1 de agosto, como una extensi\u00f3n t\u00e1cita del plazo de negociaciones y convoc\u00f3 una reuni\u00f3n de emergencia para delinear su estrategia de respuesta.<\/p>\n<p>La oficina presidencial surcoreana inform\u00f3 que celebrar\u00e1 a las 13:30 hora local (4:30 GMT) una reuni\u00f3n de contramedidas sobre asuntos comerciales bilaterales encabezada por el jefe secretario para pol\u00edticas Kim Yong-beom, con altos responsables de Comercio, Finanzas, Exteriores y Seguridad Nacional para analizar el impacto de la notificaci\u00f3n estadounidense y coordinar los siguientes pasos.<\/p>\n<p>\u00abConsideramos que, con esta carta, la suspensi\u00f3n de los aranceles rec\u00edprocos se ha extendido de hecho hasta el 1 de agosto, y durante el tiempo restante intensificaremos las negociaciones para lograr un resultado mutuamente beneficioso y reducir cuanto antes la incertidumbre causada por los aranceles\u00bb, dijo el Ministerio de Comercio surcoreano, en declaraciones recogidas por la agencia local de noticias Yonhap.<\/p>\n<p>Por su parte, el Gobierno japon\u00e9s celebr\u00f3 la extensi\u00f3n de la pr\u00f3rroga arancelaria de Estados Unidos hasta finales de mes, pero evit\u00f3 valorar el anuncio del incremento hasta el 25 % del gravamen a sus bienes, limit\u00e1ndose a decir que seguir\u00e1 negociando con Washington con sus propios intereses en mente.<\/p>\n<p>\u00abEstamos tratando de evitar la adopci\u00f3n de un acuerdo por la v\u00eda f\u00e1cil. Pedimos lo que debemos pedir y protegemos lo que tenemos que proteger, y as\u00ed estamos negociando con todo nuestro esfuerzo\u00bb, dijo hoy el primer ministro japon\u00e9s, Shigeru Ishiba, en declaraciones a la prensa desde el Kantei, sede del Gobierno nip\u00f3n, tras una reuni\u00f3n de su Gabinete para discutir contramedidas frente a los aranceles.<\/p>\n<p>Ishiba atribuy\u00f3 el retraso de la fecha de entrada en vigor de los aranceles a las negociaciones realizadas hasta el momento y reiter\u00f3 que \u00abambos pa\u00edses seguir\u00e1n negociando con la nueva fecha l\u00edmite en el punto de mira, mientras buscan proteger sus intereses nacionales y alcanzar un acuerdo mutuamente beneficioso para los dos\u00bb.<\/p>\n<p>CT (EFE, AP)<\/p>\n<\/div>\n\n","protected":false},"excerpt":{"rendered":"<p>Corea del Sur dijo este martes (08.07.2025) que interpreta la carta remitida por Washington, que anuncia la imposici\u00f3n de aranceles \u00abrec\u00edprocos\u00bb del 25 % a partir del 1 de agosto, como una extensi\u00f3n t\u00e1cita del plazo de negociaciones y convoc\u00f3 una reuni\u00f3n de emergencia para delinear su estrategia de respuesta. La oficina presidencial surcoreana inform\u00f3 &hellip;<\/p>\n","protected":false},"author":1,"featured_media":35030,"comment_status":"open","ping_status":"open","sticky":false,"template":"","format":"standard","meta":{"fifu_image_url":"https:\/\/static.dw.com\/image\/72561233_6.jpg","fifu_image_alt":"","footnotes":""},"categories":[13],"tags":[],"class_list":["post-35029","post","type-post","status-publish","format-standard","has-post-thumbnail","","category-mundo"],"_links":{"self":[{"href":"https:\/\/noticiasveraces.com\/index.php?rest_route=\/wp\/v2\/posts\/35029","targetHints":{"allow":["GET"]}}],"collection":[{"href":"https:\/\/noticiasveraces.com\/index.php?rest_route=\/wp\/v2\/posts"}],"about":[{"href":"https:\/\/noticiasveraces.com\/index.php?rest_route=\/wp\/v2\/types\/post"}],"author":[{"embeddable":true,"href":"https:\/\/noticiasveraces.com\/index.php?rest_route=\/wp\/v2\/users\/1"}],"replies":[{"embeddable":true,"href":"https:\/\/noticiasveraces.com\/index.php?rest_route=%2Fwp%2Fv2%2Fcomments&post=35029"}],"version-history":[{"count":0,"href":"https:\/\/noticiasveraces.com\/index.php?rest_route=\/wp\/v2\/posts\/35029\/revisions"}],"wp:featuredmedia":[{"embeddable":true,"href":"https:\/\/noticiasveraces.com\/index.php?rest_route=\/wp\/v2\/media\/35030"}],"wp:attachment":[{"href":"https:\/\/noticiasveraces.com\/index.php?rest_route=%2Fwp%2Fv2%2Fmedia&parent=35029"}],"wp:term":[{"taxonomy":"category","embeddable":true,"href":"https:\/\/noticiasveraces.com\/index.php?rest_route=%2Fwp%2Fv2%2Fcategories&post=35029"},{"taxonomy":"post_tag","embeddable":true,"href":"https:\/\/noticiasveraces.com\/index.php?rest_route=%2Fwp%2Fv2%2Ftags&post=35029"}],"curies":[{"name":"wp","href":"https:\/\/api.w.org\/{rel}","templated":true}]}}