{"id":35023,"date":"2025-07-08T04:22:45","date_gmt":"2025-07-08T08:22:45","guid":{"rendered":"https:\/\/noticiasveraces.com\/?p=35023"},"modified":"2025-07-08T04:22:45","modified_gmt":"2025-07-08T08:22:45","slug":"incendio-en-francia-destruye-2-000-hectareas-de-bosque-dw-08-07-2025","status":"publish","type":"post","link":"https:\/\/noticiasveraces.com\/?p=35023","title":{"rendered":"Incendio en Francia destruye 2.000 hect\u00e1reas de bosque \u2013 DW \u2013 08\/07\/2025"},"content":{"rendered":"<p> \n<\/p>\n<div>\n<p>Un incendio arras\u00f3 m\u00e1s de 2.000 hect\u00e1reas de bosque en los alrededores de Narbona, en el sur de Francia, y oblig\u00f3 a evacuar a los habitantes de la zona, donde las llamas alcanzaron sus casas, indicaron este martes (08.07.2025) las autoridades.<\/p>\n<p>M\u00e1s de mil bomberos est\u00e1n movilizados y cinco de ellos sufrieron lesiones leves, indic\u00f3 la prefectura del departamento de Aude, que sufri\u00f3 tres incendios forestales en una semana.<\/p>\n<p>El incendio \u00absigue activo\u00bb, advirtieron los servicios estatales y las condiciones de circulaci\u00f3n \u00abpermanecer\u00e1n muy perturbadas\u00bb.<\/p>\n<p>\u00abLo he perdido todo. Estoy en mi auto con mis seis perros. Tenemos caballos que murieron en el incendio, los vecinos nos ayudaron a salvar unos 30\u00bb, cont\u00f3 Nathalie Bueno, de 60 a\u00f1os, gerente de una caballeriza con 43 animales.<\/p>\n<p>Muchas personas quedaron atrapadas en la autopista A9, que une Francia con Espa\u00f1a. Algunos pasaron la noche en sus autom\u00f3viles y 150 est\u00e1n alojadas en un recinto ferial de Narbona o en gimnasios de pueblos cercanos.<\/p>\n<p>El incendio comenz\u00f3 hacia las 15.00 horas del lunes por razones desconocidas en una propiedad vit\u00edcola cerca de la zona monta\u00f1osa de Corbieres, y se propag\u00f3 r\u00e1pidamente, atizado por el viento de hasta 90 km\/h, indic\u00f3 Adrien Warnan, de la agencia meteorol\u00f3gica francesa.<\/p>\n<p>CT (AFP, Efe)<\/p>\n<\/div>\n\n","protected":false},"excerpt":{"rendered":"<p>Un incendio arras\u00f3 m\u00e1s de 2.000 hect\u00e1reas de bosque en los alrededores de Narbona, en el sur de Francia, y oblig\u00f3 a evacuar a los habitantes de la zona, donde las llamas alcanzaron sus casas, indicaron este martes (08.07.2025) las autoridades. M\u00e1s de mil bomberos est\u00e1n movilizados y cinco de ellos sufrieron lesiones leves, indic\u00f3 &hellip;<\/p>\n","protected":false},"author":1,"featured_media":35024,"comment_status":"open","ping_status":"open","sticky":false,"template":"","format":"standard","meta":{"fifu_image_url":"https:\/\/static.dw.com\/image\/73192390_6.jpg","fifu_image_alt":"","footnotes":""},"categories":[13],"tags":[],"class_list":["post-35023","post","type-post","status-publish","format-standard","has-post-thumbnail","","category-mundo"],"_links":{"self":[{"href":"https:\/\/noticiasveraces.com\/index.php?rest_route=\/wp\/v2\/posts\/35023","targetHints":{"allow":["GET"]}}],"collection":[{"href":"https:\/\/noticiasveraces.com\/index.php?rest_route=\/wp\/v2\/posts"}],"about":[{"href":"https:\/\/noticiasveraces.com\/index.php?rest_route=\/wp\/v2\/types\/post"}],"author":[{"embeddable":true,"href":"https:\/\/noticiasveraces.com\/index.php?rest_route=\/wp\/v2\/users\/1"}],"replies":[{"embeddable":true,"href":"https:\/\/noticiasveraces.com\/index.php?rest_route=%2Fwp%2Fv2%2Fcomments&post=35023"}],"version-history":[{"count":0,"href":"https:\/\/noticiasveraces.com\/index.php?rest_route=\/wp\/v2\/posts\/35023\/revisions"}],"wp:featuredmedia":[{"embeddable":true,"href":"https:\/\/noticiasveraces.com\/index.php?rest_route=\/wp\/v2\/media\/35024"}],"wp:attachment":[{"href":"https:\/\/noticiasveraces.com\/index.php?rest_route=%2Fwp%2Fv2%2Fmedia&parent=35023"}],"wp:term":[{"taxonomy":"category","embeddable":true,"href":"https:\/\/noticiasveraces.com\/index.php?rest_route=%2Fwp%2Fv2%2Fcategories&post=35023"},{"taxonomy":"post_tag","embeddable":true,"href":"https:\/\/noticiasveraces.com\/index.php?rest_route=%2Fwp%2Fv2%2Ftags&post=35023"}],"curies":[{"name":"wp","href":"https:\/\/api.w.org\/{rel}","templated":true}]}}