{"id":35021,"date":"2025-07-08T03:21:50","date_gmt":"2025-07-08T07:21:50","guid":{"rendered":"https:\/\/noticiasveraces.com\/?p=35021"},"modified":"2025-07-08T03:21:50","modified_gmt":"2025-07-08T07:21:50","slug":"trump-impone-a-japon-y-corea-del-sur-aranceles-del-25-dw-07-07-2025","status":"publish","type":"post","link":"https:\/\/noticiasveraces.com\/?p=35021","title":{"rendered":"Trump impone a Jap\u00f3n y Corea del Sur aranceles del 25 % \u2013 DW \u2013 07\/07\/2025"},"content":{"rendered":"<p> \n<\/p>\n<div>\n<p>El presidente estadounidense, Donald Trump, avis\u00f3 este lunes (07.07.2025) por carta a Jap\u00f3n y Corea del Sur de que a partir del 1 de agosto los bienes importados desde ambos pa\u00edses ser\u00e1n gravados con aranceles del 25\u00a0%, que podr\u00edan incrementarse si esas dos naciones deciden a su vez aumentar sus aranceles sobre los productos estadounidenses.<\/p>\n<p>Las misivas del mandatario, difundidas en su red social, Truth Social, est\u00e1n dirigidas al primer ministro nip\u00f3n, Shigeru Ishiba, y al presidente surcoreano, Lee Jae-myung. El texto es el mismo en ambas y el l\u00edder republicano comenta que esos aranceles \u00abson necesarios\u00bb para corregir lo que a su juicio son a\u00f1os de pol\u00edticas y barreras arancelarias que han provocado a Estados Unidos un d\u00e9ficit comercial en sus respectivos intercambios.<\/p>\n<h2>Unos \u00abmuy persistentes\u00bb d\u00e9ficits en la balanza comercial<\/h2>\n<p>Trump considera que han tenido a\u00f1os para abordar la relaci\u00f3n comercial tanto con Jap\u00f3n como con Corea del Sur y subraya que han concluido que es hora de pasar p\u00e1gina a esos d\u00e9ficits \u00abmuy persistentes\u00bb impulsados por las pol\u00edticas comerciales de esos pa\u00edses. \u00abLamentablemente nuestra relaci\u00f3n est\u00e1 lejos de haber sido rec\u00edproca\u00bb, les dice a uno y a otro.<\/p>\n<p>El republicano hab\u00eda adelantado que enviar\u00eda este lunes un primer lote de cartas a 15 socios comerciales, en las que recordar\u00e1 la necesidad de sellar un pacto para evitar esos grav\u00e1menes. Hasta ahora, Trump solo ha alcanzado acuerdos comerciales con Reino Unido y, m\u00e1s recientemente, con\u00a0Vietnam, aunque afirma haber recibido varias propuestas. El primer ministro de Jap\u00f3n, Shigeru Ishib, hab\u00eda dicho el domingo que no \u00abceder\u00eda f\u00e1cilmente\u00bb en las conversaciones comerciales con Washington.<\/p>\n<p>LGC (EFE, AFP)<\/p>\n<\/div>\n\n","protected":false},"excerpt":{"rendered":"<p>El presidente estadounidense, Donald Trump, avis\u00f3 este lunes (07.07.2025) por carta a Jap\u00f3n y Corea del Sur de que a partir del 1 de agosto los bienes importados desde ambos pa\u00edses ser\u00e1n gravados con aranceles del 25\u00a0%, que podr\u00edan incrementarse si esas dos naciones deciden a su vez aumentar sus aranceles sobre los productos estadounidenses. &hellip;<\/p>\n","protected":false},"author":1,"featured_media":35022,"comment_status":"open","ping_status":"open","sticky":false,"template":"","format":"standard","meta":{"fifu_image_url":"https:\/\/static.dw.com\/image\/65419747_6.jpg","fifu_image_alt":"","footnotes":""},"categories":[13],"tags":[],"class_list":["post-35021","post","type-post","status-publish","format-standard","has-post-thumbnail","","category-mundo"],"_links":{"self":[{"href":"https:\/\/noticiasveraces.com\/index.php?rest_route=\/wp\/v2\/posts\/35021","targetHints":{"allow":["GET"]}}],"collection":[{"href":"https:\/\/noticiasveraces.com\/index.php?rest_route=\/wp\/v2\/posts"}],"about":[{"href":"https:\/\/noticiasveraces.com\/index.php?rest_route=\/wp\/v2\/types\/post"}],"author":[{"embeddable":true,"href":"https:\/\/noticiasveraces.com\/index.php?rest_route=\/wp\/v2\/users\/1"}],"replies":[{"embeddable":true,"href":"https:\/\/noticiasveraces.com\/index.php?rest_route=%2Fwp%2Fv2%2Fcomments&post=35021"}],"version-history":[{"count":0,"href":"https:\/\/noticiasveraces.com\/index.php?rest_route=\/wp\/v2\/posts\/35021\/revisions"}],"wp:featuredmedia":[{"embeddable":true,"href":"https:\/\/noticiasveraces.com\/index.php?rest_route=\/wp\/v2\/media\/35022"}],"wp:attachment":[{"href":"https:\/\/noticiasveraces.com\/index.php?rest_route=%2Fwp%2Fv2%2Fmedia&parent=35021"}],"wp:term":[{"taxonomy":"category","embeddable":true,"href":"https:\/\/noticiasveraces.com\/index.php?rest_route=%2Fwp%2Fv2%2Fcategories&post=35021"},{"taxonomy":"post_tag","embeddable":true,"href":"https:\/\/noticiasveraces.com\/index.php?rest_route=%2Fwp%2Fv2%2Ftags&post=35021"}],"curies":[{"name":"wp","href":"https:\/\/api.w.org\/{rel}","templated":true}]}}