{"id":35007,"date":"2025-07-07T23:17:50","date_gmt":"2025-07-08T03:17:50","guid":{"rendered":"https:\/\/noticiasveraces.com\/?p=35007"},"modified":"2025-07-07T23:17:50","modified_gmt":"2025-07-08T03:17:50","slug":"ivan-rakitic-anuncio-su-retiro-del-futbol-asi-fue-su-gran-carrera","status":"publish","type":"post","link":"https:\/\/noticiasveraces.com\/?p=35007","title":{"rendered":"Iv\u00e1n Rakitic anunci\u00f3 su retiro del f\u00fatbol: as\u00ed fue su gran carrera"},"content":{"rendered":"<p> \n<br \/><img decoding=\"async\" src=\"https:\/\/www.futbolred.com\/files\/article_graphic\/uploads\/2019\/11\/12\/5dcb0f55a2a1d.jpeg\" \/><\/p>\n<header>\n<h3>\n<p>                Curiosidades de f\u00fatbol<br \/>\n            <\/h3>\n<h1>\n<p>            Iv\u00e1n Rakitic anunci\u00f3 su retiro del f\u00fatbol: as\u00ed fue su gran carrera<br \/>\n        <\/h1>\n<address>\n            <a>Andres Julian Abril Gomez<br \/>\n        <\/address>\n<p>            07 de julio 2025 , 05:27 p.\u00a0m.<\/p>\n<\/header>\n<p>El croata pone fin a su etapa como jugador a los 37 a\u00f1os. Su \u00faltimo club fue el Hajduk Split.<\/p>\n<p><b>Iv\u00e1n Rakitic <\/b>anunci\u00f3 este lunes su retiro del f\u00fatbol profesional a sus 37 a\u00f1os. El volante croata acaba una exitosa carrera deportiva que cuenta con 887 partidos oficiales.  <\/p>\n<p>El mediocampista finaliza su etapa como jugador en el <b>Hajduk Split <\/b>de Croacia y acaba con un registro de 125 goles y 141 asistencias m\u00e1s 17 t\u00edtulos a nivel local e internacional.  <\/p>\n<p>A trav\u00e9s de sus redes sociales, Rakitic hizo oficial su retiro: \u201cQuerido f\u00fatbol, ha sido parte de mi vida desde el primer d\u00eda. Me diste mi primera oportunidad en el Basilea y me diste a entender que era todo posible. En Schalke crec\u00ed y aprend\u00ed nuevos retos y ese crecimiento me hizo abrir nuevas puertas\u201d, mencion\u00f3 de inicio.<\/p>\n<p>\u201cEn Sevilla tuve un hogar, levant\u00e9 mi primer t\u00edtulo europeo y all\u00ed conoc\u00ed al amor de mi vida y constru\u00ed mi familia y despu\u00e9s de darme mucho lleg\u00f3 el Barcelona donde pude jugar con los mejores y ser parte de su historia. Volv\u00ed a Sevilla para volver a ganar y cuando menos lo esperaba me llevaste a Al Shabab donde v\u00edvi un momento especial. Me diste la oportunidad de jugar en mi pa\u00eds y representar a la Selecci\u00f3n de Croacia y jugar una final del Mundo que es algo especial para un pa\u00eds tan peque\u00f1o como Croacia\u201d, complement\u00f3.  <\/p>\n<p>Recordemos que Rakitic tuvo su mejor momento en Sevilla y Barcelona siendo el primer club en donde m\u00e1s apariciones tuvo con 323 y registr\u00f3 53 goles y 63 asistencias.  <\/p>\n<p>Finalmente, en Barcelona fue parte fundamental del equipo de Luis Enrique que conquist\u00f3 el triplete en 2015. Como azulgrana jug\u00f3 310 partidos y marc\u00f3 36 goles. Finalmente, la c\u00faspide de su carrera fue la final del Mundial 2018 cuando Croacia termin\u00f3 subcampe\u00f3n, pero llegar hasta esa instancia ya fue ganancia para un equipo que no est\u00e1 acostumbrado a finales del mundo.<\/p>\n\n","protected":false},"excerpt":{"rendered":"<p>Curiosidades de f\u00fatbol Iv\u00e1n Rakitic anunci\u00f3 su retiro del f\u00fatbol: as\u00ed fue su gran carrera Andres Julian Abril Gomez 07 de julio 2025 , 05:27 p.\u00a0m. El croata pone fin a su etapa como jugador a los 37 a\u00f1os. Su \u00faltimo club fue el Hajduk Split. Iv\u00e1n Rakitic anunci\u00f3 este lunes su retiro del f\u00fatbol &hellip;<\/p>\n","protected":false},"author":1,"featured_media":35009,"comment_status":"open","ping_status":"open","sticky":false,"template":"","format":"standard","meta":{"fifu_image_url":"https:\/\/www.futbolred.com\/files\/og_thumbnail\/uploads\/2019\/11\/12\/5dcb0f55a2a1d.jpeg","fifu_image_alt":"","footnotes":""},"categories":[6],"tags":[],"class_list":["post-35007","post","type-post","status-publish","format-standard","has-post-thumbnail","","category-deportes"],"_links":{"self":[{"href":"https:\/\/noticiasveraces.com\/index.php?rest_route=\/wp\/v2\/posts\/35007","targetHints":{"allow":["GET"]}}],"collection":[{"href":"https:\/\/noticiasveraces.com\/index.php?rest_route=\/wp\/v2\/posts"}],"about":[{"href":"https:\/\/noticiasveraces.com\/index.php?rest_route=\/wp\/v2\/types\/post"}],"author":[{"embeddable":true,"href":"https:\/\/noticiasveraces.com\/index.php?rest_route=\/wp\/v2\/users\/1"}],"replies":[{"embeddable":true,"href":"https:\/\/noticiasveraces.com\/index.php?rest_route=%2Fwp%2Fv2%2Fcomments&post=35007"}],"version-history":[{"count":0,"href":"https:\/\/noticiasveraces.com\/index.php?rest_route=\/wp\/v2\/posts\/35007\/revisions"}],"wp:featuredmedia":[{"embeddable":true,"href":"https:\/\/noticiasveraces.com\/index.php?rest_route=\/wp\/v2\/media\/35009"}],"wp:attachment":[{"href":"https:\/\/noticiasveraces.com\/index.php?rest_route=%2Fwp%2Fv2%2Fmedia&parent=35007"}],"wp:term":[{"taxonomy":"category","embeddable":true,"href":"https:\/\/noticiasveraces.com\/index.php?rest_route=%2Fwp%2Fv2%2Fcategories&post=35007"},{"taxonomy":"post_tag","embeddable":true,"href":"https:\/\/noticiasveraces.com\/index.php?rest_route=%2Fwp%2Fv2%2Ftags&post=35007"}],"curies":[{"name":"wp","href":"https:\/\/api.w.org\/{rel}","templated":true}]}}