{"id":34965,"date":"2025-07-07T17:14:57","date_gmt":"2025-07-07T21:14:57","guid":{"rendered":"https:\/\/noticiasveraces.com\/?p=34965"},"modified":"2025-07-07T17:14:57","modified_gmt":"2025-07-07T21:14:57","slug":"allan-saint-maximin-acuso-al-fenerbahce-de-dopar-jugadores-el-club-le-respondio-al-jugador-curiosidades-de-futbol","status":"publish","type":"post","link":"https:\/\/noticiasveraces.com\/?p=34965","title":{"rendered":"Allan Saint Maximin acus\u00f3 al Fenerbahce de dopar jugadores: el club le respondi\u00f3 al jugador | Curiosidades de f\u00fatbol"},"content":{"rendered":"<p> \n<br \/><img decoding=\"async\" src=\"https:\/\/www.futbolred.com\/files\/article_graphic\/files\/crop\/uploads\/2025\/07\/06\/686afa7bdc5e7.r_1347267.0-0-1024-512.jpeg\" \/><\/p>\n<div id=\"cuerpoArticulo\">\n<p class=\"texto intro\" id=\"p250380-m1269-1268-1270\"><b>Jhon Jader Dur\u00e1n<\/b> fue oficializado en<b> Fenerbahce<\/b> en las \u00faltimas horas, club que marca el regreso del delantero colombiano a Europa luego de una corta aventura por Al Nassr.  <\/p>\n<p>El atacante llegar\u00e1 en condici\u00f3n de pr\u00e9stamo sin opci\u00f3n de compra hasta el 30 de junio de 2026 por lo que buscar\u00e1 aprovechar esta oportunidad para seguir en el club tras la cesi\u00f3n o marcharse una liga m\u00e1s importante ya que Dur\u00e1n no tendr\u00eda contemplado volver a Arabia.  <\/p>\n<p>Pues bien, a la par de la presentaci\u00f3n de Dur\u00e1n, en Fenerbahce quedaron en shock por las declaraciones de un exfutbolista del club que revel\u00f3 que lo quisieron dopar e incluso lo amenazaron.<\/p>\n<p class=\"texto contenido-parrafo-articulo\" id=\"p250380-m1345-3-1346\">Las duras declaraciones fueron del franc\u00e9s<b> Allan Saint Maximin<\/b> en el podcast \u2018Roue Libre\u2019 de Zack Nani y all\u00ed mencion\u00f3 que el club quiso hacer todo lo posible por ser campe\u00f3n entre ello supuestamente dopar futbolistas.  <\/p>\n<p>\u201cMourinho lo dio todo para ser campe\u00f3n. Pero, por desgracia, hay muchas cosas complicadas a su alrededor. La raz\u00f3n por la que el Fenerbah\u00e7e no pudo ser campe\u00f3n fue porque el club estaba rodeado de factores ajenos al f\u00fatbol. En un momento dado, incluso intentaron doparme\u201d, dijo el franc\u00e9s que milita actualmente en el Al Ahli \u00e1rabe.<\/p>\n<div id=\"p250380-m1351-4-1352\" class=\"\">\n<blockquote class=\"twitter-tweet\">\n<p lang=\"fr\" dir=\"ltr\">Veo que va en todas las direcciones en Twitter de repente especificar\u00e9 lo que dije, estaba hablando de estas personas en todo el club que est\u00e1n listas para cualquier cosa. En mi caso, cuando estaba enfermo, casi me dieron un tratamiento que se considera un producto de dopaje, no s\u00e9 &#8230; https:\/\/t.co\/xpb0qyn4av<\/p>\n<p>-Lan Saint-Maximin (@Asaintmaximin) <a href=\"https:\/\/twitter.com\/asaintmaximin\/status\/1941214123095671203?ref_src=twsrc%5Etfw\">4 de julio de 2025<\/a><\/p><\/blockquote><\/div>\n<p class=\"texto contenido-parrafo-articulo\" id=\"p250380-m1357-5-1358\">Y agreg\u00f3: \u00abSoy una persona honesta, y tampoco me gustar\u00eda poner a personas en situaciones delicadas. Pero he llegado a una etapa en la que ya no tengo miedo a nada. Intentaron doparme, inyect\u00e1ndome cosas sin sentido. Me encontr\u00e9 situaciones muy locas en el Fenerbahce, que inevitablemente me afectaron\u00bb.  <\/p>\n<p>Adem\u00e1s, mencion\u00f3 que es un tema demasiado sensible que incluso habr\u00eda recibido amenazas: \u201cLa gente no sabe estas cosas. No puedes hablar de ellas abiertamente, porque te amenazan. Si lo haces, te dicen: \u2018Te haremos esto y aquello\u2019. A veces te ves envuelto en asuntos que van m\u00e1s all\u00e1 del f\u00fatbol\u201d. <\/p>\n<p>Despu\u00e9s, del gran revuelo por las duras palabras, Saint-Maximin tuvo que salir a matizar sus propias declaraciones y asegur\u00f3 que all\u00ed se someti\u00f3 a un tratamiento por una lesi\u00f3n y el club lo quer\u00eda lo antes posible por lo que por poco le inyectan un producto dopante: \u201cMe refer\u00eda a esta gente del club que est\u00e1 dispuesta a todo. En mi caso, cuando estuve enfermo, pr\u00e1cticamente me dieron un tratamiento que se considera un producto dopante. No s\u00e9 por qu\u00e9 este equipo m\u00e9dico hizo eso\u201d. <\/p>\n<p>De igual manera, Saint-Maximin relat\u00f3 otro accidente en Fenerbahce en donde asegur\u00f3 que el club no tuvo mucha empat\u00eda cuando su pap\u00e1 estaba enfermo en un hospital y que quer\u00edan que jugara de todos modos: \u00abLo \u00fanico que es el importante partido que tenemos. \u00bfPero d\u00f3nde est\u00e1 el lado humano? En el momento en el que estoy m\u00e1s bajo, prot\u00e9geme, \u00bfno?\u00bb. <\/p>\n<p>El franc\u00e9s tambi\u00e9n revel\u00f3 que habl\u00f3 con Jos\u00e9 Mourinho y asegur\u00f3 que lo respeta mucho como persona y que lo ayud\u00f3 en su progreso: \u00abPese a todo, intent\u00e9 rendir al m\u00e1ximo. Habl\u00e9 con Mourinho, que es un entrenador excepcional y le tengo mucho respeto. Me ayud\u00f3 en mi progreso, pero lamentablemente no logramos los objetivos. Pero a \u00e9l tambi\u00e9n le pusieron muchos palos en las ruedas\u00bb.  <\/p>\n<p><b>Fenerbahce respondi\u00f3 a Saint-Maximin <br \/><\/b><br \/>Despu\u00e9s de las duras declaraciones del jugador franc\u00e9s, el cuadro turco emiti\u00f3 un comunicado en donde aseguran que el jugador est\u00e1 distorsionando la historia y que demandar\u00e1n al futbolista por declaraci\u00f3n enga\u00f1osa:  <\/p>\n<p>\u201cHemos seguido con asombro las declaraciones realizadas por Allan Saint-Maximin, quien visti\u00f3 nuestra camiseta en la temporada 2024-25, en redes sociales. La distorsi\u00f3n de los hechos por parte del deportista sobre el tratamiento que se le aplic\u00f3 tras un problema de salud que experiment\u00f3 constituye un intento de da\u00f1ar la reputaci\u00f3n de nuestro club. Como Club Deportivo Fenerbah\u00e7e, queremos informar al p\u00fablico que haremos uso de todos nuestros derechos legales contra cualquier declaraci\u00f3n enga\u00f1osa o distorsionada sobre nuestra reputaci\u00f3n corporativa. Club Deportivo Fenerbah\u00e7e\u201d.<\/p>\n<div id=\"p250380-m1363-6-1364\" class=\"\">\n<blockquote class=\"twitter-tweet\">\n<p lang=\"tr\" dir=\"ltr\">Explicaci\u00f3n obligatoria<\/p>\n<p>En la temporada 2024-25, seguimos las declaraciones hechas por Allan Saint-Maximin, quien estaba vestido con nuestro uniforme a trav\u00e9s de una plataforma de redes sociales.<\/p>\n<p>Despu\u00e9s de un problema de salud experimentado por el atleta, los hechos sobre el proceso de tratamiento se aplicaron a \u00e9l &#8230;<\/p>\n<p>&#8211; Fenerbahce SK (@fenerbahce) <a href=\"https:\/\/twitter.com\/Fenerbahce\/status\/1941230996705128742?ref_src=twsrc%5Etfw\">4 de julio de 2025<\/a><\/p><\/blockquote><\/div>\n<\/p><\/div>\n<p><script async src=\"https:\/\/platform.twitter.com\/widgets.js\" charset=\"utf-8\"><\/script><br \/>\n<br \/>\n","protected":false},"excerpt":{"rendered":"<p>Jhon Jader Dur\u00e1n fue oficializado en Fenerbahce en las \u00faltimas horas, club que marca el regreso del delantero colombiano a Europa luego de una corta aventura por Al Nassr. El atacante llegar\u00e1 en condici\u00f3n de pr\u00e9stamo sin opci\u00f3n de compra hasta el 30 de junio de 2026 por lo que buscar\u00e1 aprovechar esta oportunidad para &hellip;<\/p>\n","protected":false},"author":1,"featured_media":34967,"comment_status":"open","ping_status":"open","sticky":false,"template":"","format":"standard","meta":{"fifu_image_url":"https:\/\/www.futbolred.com\/files\/og_thumbnail\/uploads\/2025\/07\/06\/686afa7bdc5e7.jpeg","fifu_image_alt":"","footnotes":""},"categories":[6],"tags":[],"class_list":["post-34965","post","type-post","status-publish","format-standard","has-post-thumbnail","","category-deportes"],"_links":{"self":[{"href":"https:\/\/noticiasveraces.com\/index.php?rest_route=\/wp\/v2\/posts\/34965","targetHints":{"allow":["GET"]}}],"collection":[{"href":"https:\/\/noticiasveraces.com\/index.php?rest_route=\/wp\/v2\/posts"}],"about":[{"href":"https:\/\/noticiasveraces.com\/index.php?rest_route=\/wp\/v2\/types\/post"}],"author":[{"embeddable":true,"href":"https:\/\/noticiasveraces.com\/index.php?rest_route=\/wp\/v2\/users\/1"}],"replies":[{"embeddable":true,"href":"https:\/\/noticiasveraces.com\/index.php?rest_route=%2Fwp%2Fv2%2Fcomments&post=34965"}],"version-history":[{"count":0,"href":"https:\/\/noticiasveraces.com\/index.php?rest_route=\/wp\/v2\/posts\/34965\/revisions"}],"wp:featuredmedia":[{"embeddable":true,"href":"https:\/\/noticiasveraces.com\/index.php?rest_route=\/wp\/v2\/media\/34967"}],"wp:attachment":[{"href":"https:\/\/noticiasveraces.com\/index.php?rest_route=%2Fwp%2Fv2%2Fmedia&parent=34965"}],"wp:term":[{"taxonomy":"category","embeddable":true,"href":"https:\/\/noticiasveraces.com\/index.php?rest_route=%2Fwp%2Fv2%2Fcategories&post=34965"},{"taxonomy":"post_tag","embeddable":true,"href":"https:\/\/noticiasveraces.com\/index.php?rest_route=%2Fwp%2Fv2%2Ftags&post=34965"}],"curies":[{"name":"wp","href":"https:\/\/api.w.org\/{rel}","templated":true}]}}