{"id":34880,"date":"2025-07-07T05:11:55","date_gmt":"2025-07-07T09:11:55","guid":{"rendered":"https:\/\/noticiasveraces.com\/?p=34880"},"modified":"2025-07-07T05:11:55","modified_gmt":"2025-07-07T09:11:55","slug":"revelan-nueva-hipotesis-del-accidente-en-el-que-murio-diogo-jota-esta-seria-la-principal-causa-curiosidades-de-futbol","status":"publish","type":"post","link":"https:\/\/noticiasveraces.com\/?p=34880","title":{"rendered":"Revelan nueva hip\u00f3tesis del accidente en el que muri\u00f3 Diogo Jota: esta ser\u00eda la principal causa | Curiosidades de f\u00fatbol"},"content":{"rendered":"<p> \n<\/p>\n<div id=\"cuerpoArticulo\">\n<p class=\"texto intro\" id=\"p250356-m1638-1637-1639\">El mundo sigue lamentando lo ocurrido con Diogo Jota y su hermano Andr\u00e9 Silva, quienes perdieron la vida en medio de un tr\u00e1gico accidente ocurrido en carreteras espa\u00f1olas. <\/p>\n<p>Tras varios d\u00edas de lo ocurrido, las investigaciones siguen en curso y la principal hip\u00f3tesis, respecto a las causas, es la p\u00e9rdida del control por un neum\u00e1tico que explot\u00f3. <\/p>\n<p>Sin embargo, ahora <b>se conoci\u00f3 una nueva versi\u00f3n <\/b>que podr\u00eda darle un radical giro a la misma, pues habr\u00edan incidido otros factores como la velocidad o el estado de la v\u00eda al momento de los hechos. <\/p>\n<p class=\"texto contenido-parrafo-articulo\" id=\"p250356-m1701-3-1702\">As\u00ed lo analiz\u00f3 Javier L\u00f3pez Delgado, experto de seguridad vial y actual\u00a0presidente de la Asociaci\u00f3n de Auditores de Seguridad Vial (Asevi), quien estuvo en conversaci\u00f3n con La Opini\u00f3n de Zamora, del grupo Prensa Ib\u00e9rica. <\/p>\n<div class=\"fotografia caja-articulo\" id=\"p250356-m1707-4-1708\">\n<div class=\"imagen-cuerpo-bk\">\n<figure itemscope=\"\" itemtype=\"https:\/\/schema.org\/ImageObject\" itemprop=\"image\" id=\"m1712-1711-1713\" class=\"foto-galeria-articulo imagen-articulo foto-texto-articulo-galeria\"><img decoding=\"async\" alt=\"Accidente Diogo Jota\" src=\"data:image\/png;base64,iVBORw0KGgoAAAANSUhEUgAAAAEAAAABCAQAAAC1HAwCAAAAC0lEQVR42mP8\/x0AAvsB+DlKarAAAAAASUVORK5CYII=\" style=\" display: inline;\" data-original=\"\/files\/article_content\/uploads\/2025\/07\/03\/6866718817cad.jpeg\"\/><meta itemprop=\"width\" content=\"600\"\/><meta itemprop=\"height\" content=\"450\"\/> <meta itemprop=\"url\" content=\"https:\/\/www.futbolred.com\/files\/article_content\/uploads\/2025\/07\/03\/6866718817cad.jpeg\"\/><\/figure>\n<\/div>\n<div class=\"figcaption-cuerpo-bk credito-image-bk\"><figcaption class=\"foto-info\">\n<p class=\"credito\">\n                            <span class=\"linea pre_credito\">Foto:<\/span><\/p>\n<p>                        <span id=\"m1725-2-1726\" class=\"autor\">Tomado de redes sociales<\/span><\/p>\n<\/figcaption><\/div>\n<\/p><\/div>\n<p>                                                    <span class=\"articulo-subtitulo subtitulo2 espacio-contenido\" id=\"p250356-m1733-5-1734\">Nueva hip\u00f3tesis sobre las causas del accidente de Diogo Jota<\/span><\/p>\n<p class=\"texto contenido-parrafo-articulo\" id=\"p250356-m1739-6-1740\"><b>\u201cSi hubieran ido a 90 kil\u00f3metros hora, probablemente no se hubiera matado. Parece muy claro que la velocidad era muy alta, por las huellas de frenada que hay\u201d, afirm\u00f3 el experto.<\/b><\/p>\n<p>Para Javier, <b>en el asfalto \u00abse ve muy claramente que ten\u00eda muchos errores\u201d, <\/b>lo cual pudo haber incidido en la adherencia de la llanta.<\/p>\n<div class=\"fotografia caja-articulo\" id=\"p250356-m1745-7-1746\">\n<div class=\"imagen-cuerpo-bk\">\n<figure itemscope=\"\" itemtype=\"https:\/\/schema.org\/ImageObject\" itemprop=\"image\" id=\"m1750-1749-1751\" class=\"foto-galeria-articulo imagen-articulo foto-texto-articulo-galeria\"><img decoding=\"async\" alt=\"Funeral Diogo Jota\" src=\"data:image\/png;base64,iVBORw0KGgoAAAANSUhEUgAAAAEAAAABCAQAAAC1HAwCAAAAC0lEQVR42mP8\/x0AAvsB+DlKarAAAAAASUVORK5CYII=\" style=\" display: inline;\" data-original=\"\/files\/article_content\/uploads\/2025\/07\/05\/686915a635fd0.jpeg\"\/><meta itemprop=\"width\" content=\"600\"\/><meta itemprop=\"height\" content=\"450\"\/> <meta itemprop=\"url\" content=\"https:\/\/www.futbolred.com\/files\/article_content\/uploads\/2025\/07\/05\/686915a635fd0.jpeg\"\/><\/figure>\n<\/div>\n<div class=\"figcaption-cuerpo-bk credito-image-bk\"><figcaption class=\"foto-info\">\n<p class=\"credito\">\n                            <span class=\"linea pre_credito\">Foto:<\/span><\/p>\n<p>                        <span id=\"m1763-2-1764\" class=\"autor\">Filipe Amorim \/ AFP<\/span><\/p>\n<\/figcaption><\/div>\n<\/p><\/div>\n<p class=\"texto contenido-parrafo-articulo\" id=\"p250356-m1771-8-1772\">El diario espa\u00f1ol Sport indic\u00f3 que el presidente de Asevi apunt\u00f3 a la barrera de seguridad, tambi\u00e9n conocida como quitamiedos, pues esta pudo haber actuado como un obst\u00e1culo debido a un \u00e1ngulo no adecuado y longitud.<\/p>\n<p>As\u00ed las cosas, <b>factores como la velocidad, el estado del asfalto en la v\u00eda y la barrera de protecci\u00f3n, habr\u00edan sido tambi\u00e9n determinantes para la gravedad del accidente.<\/b> Cabe recordar que el veh\u00edculo termin\u00f3 incendiado a ra\u00edz del fuerte choque.<\/p>\n<div class=\"fotografia caja-articulo\" id=\"p250356-m1777-9-1778\">\n<div class=\"imagen-cuerpo-bk\">\n<figure itemscope=\"\" itemtype=\"https:\/\/schema.org\/ImageObject\" itemprop=\"image\" id=\"m1782-1781-1783\" class=\"foto-galeria-articulo imagen-articulo foto-texto-articulo-galeria\"><img decoding=\"async\" alt=\"Diogo Jota\" src=\"data:image\/png;base64,iVBORw0KGgoAAAANSUhEUgAAAAEAAAABCAQAAAC1HAwCAAAAC0lEQVR42mP8\/x0AAvsB+DlKarAAAAAASUVORK5CYII=\" style=\" display: inline;\" data-original=\"\/files\/article_content\/uploads\/2025\/07\/03\/6866e94da551d.jpeg\"\/><meta itemprop=\"width\" content=\"600\"\/><meta itemprop=\"height\" content=\"450\"\/> <meta itemprop=\"url\" content=\"https:\/\/www.futbolred.com\/files\/article_content\/uploads\/2025\/07\/03\/6866e94da551d.jpeg\"\/><\/figure>\n<\/div>\n<div class=\"figcaption-cuerpo-bk credito-image-bk\"><figcaption class=\"foto-info\">\n<div class=\"titulo-foto-bk\">\n<p id=\"m1789-1-1790\" class=\"titulo pie-de-foto\">Diogo Jota falleci\u00f3 en Espa\u00f1a tras un accidente de tr\u00e1nsito<\/p>\n<\/div>\n<p class=\"credito\">\n                            <span class=\"linea pre_credito\">Foto:<\/span><\/p>\n<p>                        <span id=\"m1795-2-1796\" class=\"autor\">Henry Nicholls \/ AFP<\/span><\/p>\n<\/figcaption><\/div>\n<\/p><\/div>\n<p class=\"texto contenido-parrafo-articulo\" id=\"p250356-m1803-10-1804\">Por ahora, esta es una versi\u00f3n no oficial y se espera que las investigaciones avancen para determinar las verdaderas causas que llevaron al fat\u00eddico accidente en el que perdieron la vida los dos futbolistas.<\/p>\n<\/p><\/div>\n\n","protected":false},"excerpt":{"rendered":"<p>El mundo sigue lamentando lo ocurrido con Diogo Jota y su hermano Andr\u00e9 Silva, quienes perdieron la vida en medio de un tr\u00e1gico accidente ocurrido en carreteras espa\u00f1olas. Tras varios d\u00edas de lo ocurrido, las investigaciones siguen en curso y la principal hip\u00f3tesis, respecto a las causas, es la p\u00e9rdida del control por un neum\u00e1tico &hellip;<\/p>\n","protected":false},"author":1,"featured_media":34881,"comment_status":"open","ping_status":"open","sticky":false,"template":"","format":"standard","meta":{"fifu_image_url":"https:\/\/www.futbolred.com\/files\/og_thumbnail\/uploads\/2025\/07\/03\/686695b68b860.jpeg","fifu_image_alt":"","footnotes":""},"categories":[6],"tags":[],"class_list":["post-34880","post","type-post","status-publish","format-standard","has-post-thumbnail","","category-deportes"],"_links":{"self":[{"href":"https:\/\/noticiasveraces.com\/index.php?rest_route=\/wp\/v2\/posts\/34880","targetHints":{"allow":["GET"]}}],"collection":[{"href":"https:\/\/noticiasveraces.com\/index.php?rest_route=\/wp\/v2\/posts"}],"about":[{"href":"https:\/\/noticiasveraces.com\/index.php?rest_route=\/wp\/v2\/types\/post"}],"author":[{"embeddable":true,"href":"https:\/\/noticiasveraces.com\/index.php?rest_route=\/wp\/v2\/users\/1"}],"replies":[{"embeddable":true,"href":"https:\/\/noticiasveraces.com\/index.php?rest_route=%2Fwp%2Fv2%2Fcomments&post=34880"}],"version-history":[{"count":0,"href":"https:\/\/noticiasveraces.com\/index.php?rest_route=\/wp\/v2\/posts\/34880\/revisions"}],"wp:featuredmedia":[{"embeddable":true,"href":"https:\/\/noticiasveraces.com\/index.php?rest_route=\/wp\/v2\/media\/34881"}],"wp:attachment":[{"href":"https:\/\/noticiasveraces.com\/index.php?rest_route=%2Fwp%2Fv2%2Fmedia&parent=34880"}],"wp:term":[{"taxonomy":"category","embeddable":true,"href":"https:\/\/noticiasveraces.com\/index.php?rest_route=%2Fwp%2Fv2%2Fcategories&post=34880"},{"taxonomy":"post_tag","embeddable":true,"href":"https:\/\/noticiasveraces.com\/index.php?rest_route=%2Fwp%2Fv2%2Ftags&post=34880"}],"curies":[{"name":"wp","href":"https:\/\/api.w.org\/{rel}","templated":true}]}}