{"id":34877,"date":"2025-07-07T04:45:16","date_gmt":"2025-07-07T08:45:16","guid":{"rendered":"https:\/\/noticiasveraces.com\/?p=34877"},"modified":"2025-07-07T04:45:16","modified_gmt":"2025-07-07T08:45:16","slug":"en-rio-los-brics-manifestaron-su-inquietud-por-politicas-comerciales-unilaterales","status":"publish","type":"post","link":"https:\/\/noticiasveraces.com\/?p=34877","title":{"rendered":"En R\u00edo, los BRICS manifestaron su inquietud por pol\u00edticas comerciales &quot;unilaterales&quot;"},"content":{"rendered":"<p> \n<br \/><img decoding=\"async\" src=\"https:\/\/s.france24.com\/media\/display\/ddb6c0ea-59dd-11f0-a2eb-005056bf30b7\/w:1024\/p:16x9\/dcf1ed236180abb2ee6d5ef49a7b1f96e5167b0b.jpg\" \/><br \/>Los BRICS expresar\u00e1n su \u00abseria preocupaci\u00f3n\u00bb por el aumento de los aranceles \u00abunilaterales\u00bb en la declaraci\u00f3n final de su cumbre del domingo y lunes en Rio de Janeiro, aunque sin mencionar a Donald Trump, seg\u00fan el proyecto de texto acordado este s\u00e1bado por los negociadores.<br \/>\n<br \/>\n","protected":false},"excerpt":{"rendered":"<p>Los BRICS expresar\u00e1n su \u00abseria preocupaci\u00f3n\u00bb por el aumento de los aranceles \u00abunilaterales\u00bb en la declaraci\u00f3n final de su cumbre del domingo y lunes en Rio de Janeiro, aunque sin mencionar a Donald Trump, seg\u00fan el proyecto de texto acordado este s\u00e1bado por los negociadores.<\/p>\n","protected":false},"author":1,"featured_media":34879,"comment_status":"open","ping_status":"open","sticky":false,"template":"","format":"standard","meta":{"fifu_image_url":"https:\/\/s.france24.com\/media\/display\/ddb6c0ea-59dd-11f0-a2eb-005056bf30b7\/w:1024\/p:16x9\/dcf1ed236180abb2ee6d5ef49a7b1f96e5167b0b.jpg","fifu_image_alt":"","footnotes":""},"categories":[13],"tags":[],"class_list":["post-34877","post","type-post","status-publish","format-standard","has-post-thumbnail","","category-mundo"],"_links":{"self":[{"href":"https:\/\/noticiasveraces.com\/index.php?rest_route=\/wp\/v2\/posts\/34877","targetHints":{"allow":["GET"]}}],"collection":[{"href":"https:\/\/noticiasveraces.com\/index.php?rest_route=\/wp\/v2\/posts"}],"about":[{"href":"https:\/\/noticiasveraces.com\/index.php?rest_route=\/wp\/v2\/types\/post"}],"author":[{"embeddable":true,"href":"https:\/\/noticiasveraces.com\/index.php?rest_route=\/wp\/v2\/users\/1"}],"replies":[{"embeddable":true,"href":"https:\/\/noticiasveraces.com\/index.php?rest_route=%2Fwp%2Fv2%2Fcomments&post=34877"}],"version-history":[{"count":0,"href":"https:\/\/noticiasveraces.com\/index.php?rest_route=\/wp\/v2\/posts\/34877\/revisions"}],"wp:featuredmedia":[{"embeddable":true,"href":"https:\/\/noticiasveraces.com\/index.php?rest_route=\/wp\/v2\/media\/34879"}],"wp:attachment":[{"href":"https:\/\/noticiasveraces.com\/index.php?rest_route=%2Fwp%2Fv2%2Fmedia&parent=34877"}],"wp:term":[{"taxonomy":"category","embeddable":true,"href":"https:\/\/noticiasveraces.com\/index.php?rest_route=%2Fwp%2Fv2%2Fcategories&post=34877"},{"taxonomy":"post_tag","embeddable":true,"href":"https:\/\/noticiasveraces.com\/index.php?rest_route=%2Fwp%2Fv2%2Ftags&post=34877"}],"curies":[{"name":"wp","href":"https:\/\/api.w.org\/{rel}","templated":true}]}}