{"id":34858,"date":"2025-07-06T23:10:16","date_gmt":"2025-07-07T03:10:16","guid":{"rendered":"https:\/\/noticiasveraces.com\/?p=34858"},"modified":"2025-07-06T23:10:16","modified_gmt":"2025-07-07T03:10:16","slug":"video-eduardo-luis-apoyo-a-luis-diaz-por-diogo-jota-maltratar-a-idolos-curiosidades-de-futbol","status":"publish","type":"post","link":"https:\/\/noticiasveraces.com\/?p=34858","title":{"rendered":"Video: Eduardo Luis apoy\u00f3 a Luis D\u00edaz por Diogo Jota, &#8216;maltratar a \u00eddolos&#8217; | Curiosidades de f\u00fatbol"},"content":{"rendered":"<p> \n<br \/><img decoding=\"async\" src=\"https:\/\/www.futbolred.com\/files\/article_graphic\/uploads\/2025\/02\/22\/67ba6b466559f.jpeg\" \/><\/p>\n<div id=\"cuerpoArticulo\">\n<p class=\"texto intro\" id=\"p250359-m224-223-225\">Luis D\u00edaz ha sido blanco de duras cr\u00edticas por su ausencia en el funeral de Diogo Jota y su hermano Andr\u00e9, fallecidos en un tr\u00e1gico accidente de tr\u00e1nsito, un hecho que llen\u00f3 de luto a Liverpool y al f\u00fatbol mundial.<\/p>\n<p class=\"texto contenido-parrafo-articulo\" id=\"p250359-m242-2-243\">El colombiano permanece en el pa\u00eds en sus \u00faltimos d\u00edas de vacaciones y cumpliendo compromisos comerciales. Y precisamente por eso se ha ganado cr\u00edticas, ya que mientras sus compa\u00f1eros estaban en Portugal en las exequias, \u00e9l apareci\u00f3 con influenciadores, en una actitud festiva.<\/p>\n<p class=\"texto contenido-parrafo-articulo\" id=\"p250359-m306-4-307\"><b>Le sali\u00f3 defensor: &#8216;tampoco es para tanto&#8217;<br \/><\/b><br \/>\u00abVengo a mandarle un abrazo solidario a un \u00eddolo como el gran Lucho D\u00edaz. Un \u00eddolo de la Selecci\u00f3n y uno de los deportistas m\u00e1s respetados hoy por hoy de nuestro pa\u00eds\u00bb, dijo el narrador Eduardo Luis L\u00f3pez sobre las ofensas que ha recibido D\u00edaz en las rede sociales. <br \/>\u200b<br \/>\u00abEstamos de acuerdo en que se equivoc\u00f3, claro. Cometi\u00f3 un error, lo m\u00e1s prudente era haber ido al sepelio de su amigo, no sabemos por qu\u00e9 no fue. Y fue muy imprudente haber salido en estos videos con los &#8216;influencers&#8217;, por supuesto. Pero estoy seguro que despu\u00e9s de lo que ha pasado todos estos d\u00edas debe estar muy golpeado\u00bb, a\u00f1adi\u00f3.<\/p>\n<p class=\"texto contenido-parrafo-articulo\" id=\"p250359-m318-6-319\">\u200b<br \/>\u00ab\u200bConozco de su nobleza, sabe que se equivoc\u00f3 y estoy seguro que la est\u00e1 pasando mal porque es una persona muy bonita\u00bb, asegur\u00f3 el relator. <\/p>\n<p>En su opini\u00f3n, la ola de cr\u00edticas es exagerada: \u00abAhora, tampoco es para tanto, es un error pero exageran en las redes sociales, Lucho no merece tanta agresividad. Fue un error pero es un ser humano, pero en nuestro pa\u00eds se volvi\u00f3 un deporte maltratar a nuestros \u00eddolos. La lista es larga, para no mencionar al de siempre\u00bb. <\/p>\n<p>El error, a pesar de todo, es claro e invita a una reflexi\u00f3n: \u00abFalt\u00f3 un amigo, alguien que no quisiera aprovechar para estar ah\u00ed, que dijera Lucho vamos a parar, para reflexionar con qui\u00e9n te rodeas\u00bb, concluy\u00f3.<\/p>\n<\/p><\/div>\n\n","protected":false},"excerpt":{"rendered":"<p>Luis D\u00edaz ha sido blanco de duras cr\u00edticas por su ausencia en el funeral de Diogo Jota y su hermano Andr\u00e9, fallecidos en un tr\u00e1gico accidente de tr\u00e1nsito, un hecho que llen\u00f3 de luto a Liverpool y al f\u00fatbol mundial. El colombiano permanece en el pa\u00eds en sus \u00faltimos d\u00edas de vacaciones y cumpliendo compromisos &hellip;<\/p>\n","protected":false},"author":1,"featured_media":34860,"comment_status":"open","ping_status":"open","sticky":false,"template":"","format":"standard","meta":{"fifu_image_url":"https:\/\/www.futbolred.com\/files\/og_thumbnail\/uploads\/2025\/02\/22\/67ba6b466559f.jpeg","fifu_image_alt":"","footnotes":""},"categories":[6],"tags":[],"class_list":["post-34858","post","type-post","status-publish","format-standard","has-post-thumbnail","","category-deportes"],"_links":{"self":[{"href":"https:\/\/noticiasveraces.com\/index.php?rest_route=\/wp\/v2\/posts\/34858","targetHints":{"allow":["GET"]}}],"collection":[{"href":"https:\/\/noticiasveraces.com\/index.php?rest_route=\/wp\/v2\/posts"}],"about":[{"href":"https:\/\/noticiasveraces.com\/index.php?rest_route=\/wp\/v2\/types\/post"}],"author":[{"embeddable":true,"href":"https:\/\/noticiasveraces.com\/index.php?rest_route=\/wp\/v2\/users\/1"}],"replies":[{"embeddable":true,"href":"https:\/\/noticiasveraces.com\/index.php?rest_route=%2Fwp%2Fv2%2Fcomments&post=34858"}],"version-history":[{"count":0,"href":"https:\/\/noticiasveraces.com\/index.php?rest_route=\/wp\/v2\/posts\/34858\/revisions"}],"wp:featuredmedia":[{"embeddable":true,"href":"https:\/\/noticiasveraces.com\/index.php?rest_route=\/wp\/v2\/media\/34860"}],"wp:attachment":[{"href":"https:\/\/noticiasveraces.com\/index.php?rest_route=%2Fwp%2Fv2%2Fmedia&parent=34858"}],"wp:term":[{"taxonomy":"category","embeddable":true,"href":"https:\/\/noticiasveraces.com\/index.php?rest_route=%2Fwp%2Fv2%2Fcategories&post=34858"},{"taxonomy":"post_tag","embeddable":true,"href":"https:\/\/noticiasveraces.com\/index.php?rest_route=%2Fwp%2Fv2%2Ftags&post=34858"}],"curies":[{"name":"wp","href":"https:\/\/api.w.org\/{rel}","templated":true}]}}