{"id":34818,"date":"2025-07-06T17:08:33","date_gmt":"2025-07-06T21:08:33","guid":{"rendered":"https:\/\/noticiasveraces.com\/?p=34818"},"modified":"2025-07-06T17:08:33","modified_gmt":"2025-07-06T21:08:33","slug":"juanfer-expone-a-america-no-me-pudieron-pagar-sino-algo-muy-basico","status":"publish","type":"post","link":"https:\/\/noticiasveraces.com\/?p=34818","title":{"rendered":"Juanfer expone a Am\u00e9rica: \u2018No me pudieron pagar sino algo muy b\u00e1sico\u2019"},"content":{"rendered":"<p> \n<br \/><img decoding=\"async\" src=\"https:\/\/www.futbolred.com\/files\/article_graphic\/files\/crop\/uploads\/2025\/02\/15\/67b1135d9f846.r_1338970.0-0-1024-512.jpeg\" \/><\/p>\n<header>\n<h3>\n<p>                Curiosidades de f\u00fatbol<br \/>\n            <\/h3>\n<h1>\n<p>            Juanfer expone a Am\u00e9rica: \u2018No me pudieron pagar sino algo muy b\u00e1sico\u2019<br \/>\n        <\/h1>\n<address>\n            <a>Andres Julian Abril Gomez<br \/>\n        <\/address>\n<p>            06 de julio 2025 , 02:15 p.\u00a0m.<\/p>\n<\/header>\n<p>El volante desvel\u00f3 que no cobraba lo pactado con el club, sino un monto menor.<\/p>\n<p><b>Juan Fernando Quintero<\/b> viene arreglando su salida de<b> Am\u00e9rica de Cali <\/b>en los \u00faltimos d\u00edas&nbsp;luego de que se diera una situaci\u00f3n particular en el club en donde el mediocampista no recibi\u00f3 el dinero que esperaba en la instituci\u00f3n.  <\/p>\n<p>El club ya le inform\u00f3 que no cuenta con \u00e9l ya que no tendr\u00edan como pagarle lo que le deben y ahora est\u00e1n en charlas para venderlo a otro club aunque todo indica que recalar\u00eda en River Plate.<\/p>\n<p>Pues bien, en di\u00e1logo con la periodista Eva Rey en el programa \u2018Desn\u00fadate con Eva\u2019, Quintero desvel\u00f3 que lleva sin cobrar seis meses en Am\u00e9rica pr\u00e1cticamente y que solo est\u00e1 recibiendo un monto menor a lo pactado.<\/p>\n<p>\u201cAm\u00e9rica no me pudo durante seis meses sino algo muy b\u00e1sico y no era lo que esperaba\u201d a lo que Eva Rey le contra pregunta que cu\u00e1nto le deben. Quintero dice: \u201cMe deben mucho dinero\u201d y cuando la periodista le dice que si le deben m\u00e1s de un mill\u00f3n y dice: \u201cun poquito m\u00e1s, pero son cosas que pasan\u201d.<\/p>\n<p>Ante esto, Quintero da a entender que el salario prometido jam\u00e1s lleg\u00f3 y que ser\u00eda una de las razones por las que se marcha del club ya que incumplieron con su palabra inicial.  <\/p>\n<p>Recordemos que ya Juanfer hab\u00eda dicho en su momento en charla con Carlos Antonio V\u00e9lez que Am\u00e9rica no hab\u00eda asumido del todo su salario, pero en ese momento no se atrevi\u00f3 a dar una cifra de la deuda: \u201cComo los periodistas han dicho que Am\u00e9rica no ha asumido el salario, realmente no lo ha asumido todo. Son seis meses, ahora llega el mercado y bendito Dios tengo mercado. Am\u00e9rica debe seguir, las instituciones est\u00e1n por encima de cualquier nombre\u201d.<\/p>\n\n","protected":false},"excerpt":{"rendered":"<p>Curiosidades de f\u00fatbol Juanfer expone a Am\u00e9rica: \u2018No me pudieron pagar sino algo muy b\u00e1sico\u2019 Andres Julian Abril Gomez 06 de julio 2025 , 02:15 p.\u00a0m. El volante desvel\u00f3 que no cobraba lo pactado con el club, sino un monto menor. Juan Fernando Quintero viene arreglando su salida de Am\u00e9rica de Cali en los \u00faltimos &hellip;<\/p>\n","protected":false},"author":1,"featured_media":34820,"comment_status":"open","ping_status":"open","sticky":false,"template":"","format":"standard","meta":{"fifu_image_url":"https:\/\/www.futbolred.com\/files\/og_thumbnail\/uploads\/2025\/02\/15\/67b1135d9f846.jpeg","fifu_image_alt":"","footnotes":""},"categories":[6],"tags":[],"class_list":["post-34818","post","type-post","status-publish","format-standard","has-post-thumbnail","","category-deportes"],"_links":{"self":[{"href":"https:\/\/noticiasveraces.com\/index.php?rest_route=\/wp\/v2\/posts\/34818","targetHints":{"allow":["GET"]}}],"collection":[{"href":"https:\/\/noticiasveraces.com\/index.php?rest_route=\/wp\/v2\/posts"}],"about":[{"href":"https:\/\/noticiasveraces.com\/index.php?rest_route=\/wp\/v2\/types\/post"}],"author":[{"embeddable":true,"href":"https:\/\/noticiasveraces.com\/index.php?rest_route=\/wp\/v2\/users\/1"}],"replies":[{"embeddable":true,"href":"https:\/\/noticiasveraces.com\/index.php?rest_route=%2Fwp%2Fv2%2Fcomments&post=34818"}],"version-history":[{"count":0,"href":"https:\/\/noticiasveraces.com\/index.php?rest_route=\/wp\/v2\/posts\/34818\/revisions"}],"wp:featuredmedia":[{"embeddable":true,"href":"https:\/\/noticiasveraces.com\/index.php?rest_route=\/wp\/v2\/media\/34820"}],"wp:attachment":[{"href":"https:\/\/noticiasveraces.com\/index.php?rest_route=%2Fwp%2Fv2%2Fmedia&parent=34818"}],"wp:term":[{"taxonomy":"category","embeddable":true,"href":"https:\/\/noticiasveraces.com\/index.php?rest_route=%2Fwp%2Fv2%2Fcategories&post=34818"},{"taxonomy":"post_tag","embeddable":true,"href":"https:\/\/noticiasveraces.com\/index.php?rest_route=%2Fwp%2Fv2%2Ftags&post=34818"}],"curies":[{"name":"wp","href":"https:\/\/api.w.org\/{rel}","templated":true}]}}