{"id":34814,"date":"2025-07-06T16:29:34","date_gmt":"2025-07-06T20:29:34","guid":{"rendered":"https:\/\/noticiasveraces.com\/?p=34814"},"modified":"2025-07-06T16:29:34","modified_gmt":"2025-07-06T20:29:34","slug":"fractura-de-perone-y-baja-prolongada-dw-06-07-2025","status":"publish","type":"post","link":"https:\/\/noticiasveraces.com\/?p=34814","title":{"rendered":"fractura de peron\u00e9 y baja prolongada \u2013 DW \u2013 06\/07\/2025"},"content":{"rendered":"<p> \n<\/p>\n<div>\n<p>El centrocampista ofensivo del Bayern M\u00fanich Jamal Musiala, lesionado de gravedad el s\u00e1bado durante los cuartos de final del Mundial de Clubes contra el PSG, sufre una fractura del peron\u00e9 izquierdo como consecuencia de una dislocaci\u00f3n de tobillo\u00a0y causar\u00e1 baja por un \u00abperiodo largo\u00bb, anunci\u00f3 el domingo (06.07.2025) el club alem\u00e1n.<\/p>\n<p>Tras un choque contra el arquero rival Gianluigi Donnarumma en el tiempo a\u00f1adido de la primera mitad, Musiala tuvo que ser reemplazado en el descanso del partido, que perdi\u00f3 finalmente su equipo por 2-0 en Atlanta. El jugador de 22 a\u00f1os \u00abvol\u00f3 desde Orlando a M\u00fanich el domingo y ser\u00e1 operado en breve\u00bb.<\/p>\n<p>\u00abEsta grave lesi\u00f3n y la larga baja son un verdadero &#8216;shock&#8217; para Jamal y para todos nosotros\u00bb, indic\u00f3 Max Eberl, director deportivo del Bayern, actual campe\u00f3n de Alemania, citado en un comunicado. Seg\u00fan la prensa alemana, el jugador estar\u00e1 de baja entre cuatro y cinco meses, por lo que podr\u00eda regresar antes del par\u00f3n navide\u00f1o.<\/p>\n<p>\u00abAdem\u00e1s, el impacto humano es enormemente amargo, todos lo sentimos por \u00e9l: Jamal acababa de volver de una lesi\u00f3n y ahora volver\u00e1 a estar fuera mucho tiempo. Tendr\u00e1 todo lo que necesite de nosotros. Le apoyaremos intensamente y estaremos a su lado, y ya estamos deseando verle de vuelta en el campo\u00bb, afirm\u00f3 el dirigente.<\/p>\n<p>\u00abLa lesi\u00f3n de Jamal es un gran &#8216;shock&#8217; para todos nosotros, sobre todo porque acababa de volver a los terrenos tras una lesi\u00f3n muscular. Le deseamos lo mejor para la operaci\u00f3n adem\u00e1s de una buena y r\u00e1pida recuperaci\u00f3n\u00bb, reaccion\u00f3 el seleccionador nacional alem\u00e1n Julian Nagelsmann en un comunicado de la Federaci\u00f3n Alemana de F\u00fatbol.<\/p>\n<p>LGC (AFP, EFE)<\/p>\n<\/div>\n\n","protected":false},"excerpt":{"rendered":"<p>El centrocampista ofensivo del Bayern M\u00fanich Jamal Musiala, lesionado de gravedad el s\u00e1bado durante los cuartos de final del Mundial de Clubes contra el PSG, sufre una fractura del peron\u00e9 izquierdo como consecuencia de una dislocaci\u00f3n de tobillo\u00a0y causar\u00e1 baja por un \u00abperiodo largo\u00bb, anunci\u00f3 el domingo (06.07.2025) el club alem\u00e1n. Tras un choque contra &hellip;<\/p>\n","protected":false},"author":1,"featured_media":34815,"comment_status":"open","ping_status":"open","sticky":false,"template":"","format":"standard","meta":{"fifu_image_url":"https:\/\/static.dw.com\/image\/73171507_6.jpg","fifu_image_alt":"","footnotes":""},"categories":[13],"tags":[],"class_list":["post-34814","post","type-post","status-publish","format-standard","has-post-thumbnail","","category-mundo"],"_links":{"self":[{"href":"https:\/\/noticiasveraces.com\/index.php?rest_route=\/wp\/v2\/posts\/34814","targetHints":{"allow":["GET"]}}],"collection":[{"href":"https:\/\/noticiasveraces.com\/index.php?rest_route=\/wp\/v2\/posts"}],"about":[{"href":"https:\/\/noticiasveraces.com\/index.php?rest_route=\/wp\/v2\/types\/post"}],"author":[{"embeddable":true,"href":"https:\/\/noticiasveraces.com\/index.php?rest_route=\/wp\/v2\/users\/1"}],"replies":[{"embeddable":true,"href":"https:\/\/noticiasveraces.com\/index.php?rest_route=%2Fwp%2Fv2%2Fcomments&post=34814"}],"version-history":[{"count":0,"href":"https:\/\/noticiasveraces.com\/index.php?rest_route=\/wp\/v2\/posts\/34814\/revisions"}],"wp:featuredmedia":[{"embeddable":true,"href":"https:\/\/noticiasveraces.com\/index.php?rest_route=\/wp\/v2\/media\/34815"}],"wp:attachment":[{"href":"https:\/\/noticiasveraces.com\/index.php?rest_route=%2Fwp%2Fv2%2Fmedia&parent=34814"}],"wp:term":[{"taxonomy":"category","embeddable":true,"href":"https:\/\/noticiasveraces.com\/index.php?rest_route=%2Fwp%2Fv2%2Fcategories&post=34814"},{"taxonomy":"post_tag","embeddable":true,"href":"https:\/\/noticiasveraces.com\/index.php?rest_route=%2Fwp%2Fv2%2Ftags&post=34814"}],"curies":[{"name":"wp","href":"https:\/\/api.w.org\/{rel}","templated":true}]}}