{"id":34810,"date":"2025-07-06T14:28:07","date_gmt":"2025-07-06T18:28:07","guid":{"rendered":"https:\/\/noticiasveraces.com\/?p=34810"},"modified":"2025-07-06T14:28:07","modified_gmt":"2025-07-06T18:28:07","slug":"multitudinario-desfile-en-colonia-por-los-derechos-lgbtq-dw-06-07-2025","status":"publish","type":"post","link":"https:\/\/noticiasveraces.com\/?p=34810","title":{"rendered":"Multitudinario desfile en Colonia por los derechos LGBTQ+ \u2013 DW \u2013 06\/07\/2025"},"content":{"rendered":"<p> \n<\/p>\n<div>\n<p>Cientos de miles de personas se echaron este domingo (06.07.2025) a las calles en Colonia, al oeste de Alemania, para presenciar el desfile de unas 65.000 personas y 90 carrozas. Los colores del arco\u00edris, s\u00edmbolo de la comunidad LGBTQ+, se pod\u00edan ver por toda la ciudad, en la ropa de la gente y en las banderas que adornaban las calles. El Orgullo de Colonia es uno de los eventos m\u00e1s grandes para la comunidad LGBTQ+ en Europa, e incluye una marcha de tama\u00f1o similar a la de Berl\u00edn.<\/p>\n<p>Colonia env\u00eda hoy una se\u00f1al contundente de apoyo a los derechos humanos y al derecho de todos a vivir como deseen, declar\u00f3 la alcaldesa de la ciudad, Henriette Reker. \u00abEl ambiente es diferente esta vez\u00bb, declar\u00f3 Jens Pielhau, presidente de la asociaci\u00f3n Orgullo de Colonia, en la inauguraci\u00f3n del evento. La libertad y el derecho a manifestarse abierta y pac\u00edficamente est\u00e1n en peligro, afirm\u00f3. Como en a\u00f1os anteriores, varios pol\u00edticos participaron en el Orgullo de Colonia, entre ellos la ministra federal de Trabajo, B\u00e4rbel Bas (SPD), y el ex ministro federal de Salud, Karl Lauterbach (SPD).<\/p>\n<figure class=\"placeholder-image master_landscape big\"><img data-format=\"MASTER_LANDSCAPE\" data-id=\"73176782\" data-url=\"https:\/\/static.dw.com\/image\/73176782_${formatId}.jpg\" data-aspect-ratio=\"16\/9\" alt=\"Uno de los participantes en el desfile agita unos velos con los coleores del arco\u00edris.\" style=\"padding-bottom: 56.25%; height: 0; max-height: 0;\"\/><figcaption class=\"img-caption\">Uno de los participantes en el desfile agita unos velos con los coleores del arco\u00edris.<small class=\"copyright\">Imagen: Christoph Hardt\/Panama Pictures\/Picture Alliance <\/small><\/figcaption><\/figure>\n<p>Una declaraci\u00f3n del canciller Friedrich Merz (CDU) sobre la bandera arco\u00edris fue ampliamente criticada, como por la nueva comisionada del Gobierno Federal para Asuntos Queer, Sophie Koch (SPD). Merz dijo en un programa de entrevistas que el Bundestag \u00abno es una carpa de circo\u00bb para explicar la decisi\u00f3n de no izar la bandera arco\u00edris en el Reichstag durante el desfile del Orgullo en Berl\u00edn el 26 de julio, aunque s\u00ed que lo ha hecho en otras ocasiones. El l\u00edder del Partido Verde, Felix Banaszak, declar\u00f3 al peri\u00f3dico local K\u00f6lner Stadt-Anzeiger que la bandera arco\u00edris \u00abno era un accesorio, sino un s\u00edmbolo de diversidad y derechos humanos\u00bb.<\/p>\n<p><span data-slot-id=\"Article_InContent-1\" class=\"rich-text-ad\"\/><\/p>\n<h2>Ambiente \u00abpac\u00edfico\u00bb y \u00abalegre\u00bb, seg\u00fan la Polic\u00eda<\/h2>\n<p>La comunidad LGBTQ+ de Alemania se enfrenta a una creciente hostilidad y es blanco de un n\u00famero creciente de delitos. Ante esta hostilidad, Pielhau enfatiz\u00f3 que es a\u00fan m\u00e1s importante salir a la calle para apoyar los derechos <em>queer<\/em> y manifestarse como una gran comunidad. La polic\u00eda local inform\u00f3 que un gran n\u00famero de agentes estaban de servicio para proteger el evento. Todo transcurri\u00f3 en un ambiente \u00abpac\u00edfico y alegre\u00bb, declar\u00f3 un portavoz policial.<\/p>\n<p>El Orgullo de Colonia, que dur\u00f3 dos semanas e incluy\u00f3 el desfile y un festival callejero de dos d\u00edas, atrajo a un total de alrededor de 1,1 millones de personas, seg\u00fan los organizadores, bajo el lema \u00abPor los derechos queer. Muchos. Juntos. Fuertes\u00bb. El a\u00f1o pasado, hubo 1,4 millones de visitantes, pero la lluvia aparentemente disuadi\u00f3 a algunos en esta ocasi\u00f3n. En Alemania, estas marchas se conocen como el D\u00eda de Christopher Street (CSD), en honor a la protesta de 1969 contra el asalto policial al Stonewall Inn en Christopher Street, Nueva York, que contribuy\u00f3 al impulso del movimiento moderno por los derechos LGBTQ+.<\/p>\n<p>LGC (DPA, EPD, AFP)<\/p>\n<div class=\"vjs-wrapper embed big\">\n<h2 aria-label=\"Video integrado \u2014 EE.UU.: 50 a\u00f1os de los disturbios de Stonewall\" class=\"headline\"><svg xmlns=\"http:\/\/www.w3.org\/2000\/svg\" viewbox=\"0 0 20 20\"><g fill-rule=\"evenodd\"><path d=\"M14.114 7.599H13.5l.002 4.706h.601l4.582 3.25-.005-11.11zM11.084 4.444l-9.007.002-1.336.797.002 9.514 1.334.793 9.007.006 1.509-.799-.004-9.516z\"\/><\/g><\/svg>EE.UU.: 50 a\u00f1os de los disturbios de Stonewall<\/h2>\n<p><video id=\"video-49496129\" controls=\"\" playsinline=\"\" preload=\"none\" poster=\"data:image\/png;base64,iVBORw0KGgoAAAANSUhEUgAAAAEAAAABCAQAAAC1HAwCAAAAC0lEQVR42mNkYAAAAAYAAjCB0C8AAAAASUVORK5CYII=\" data-id=\"49496129\" data-posterurl=\"https:\/\/tvdownloaddw-a.akamaihd.net\/stills\/images\/ree\/ree20190706_eeuu_image_512x288_3.jpg\" data-duration=\"02:21\"><source src=\"https:\/\/hlsvod.dw.com\/i\/dwtv_video\/flv\/ree\/ree20190706_eeuu_,sd_sor,sd_avc,.mp4.csmil\/master.m3u8\" type=\"application\/x-mpegURL\"><source src=\"https:\/\/tvdownloaddw-a.akamaihd.net\/dwtv_video\/flv\/ree\/ree20190706_eeuu_sd_avc.mp4\" type=\"video\/mp4\"><p class=\"vjs-no-js\">Para ver este video, habilite JavaScript y considere actualizar a un navegador web que admite el video HTML5<\/p>\n<p><\/source><\/source><\/video><\/div>\n<\/div>\n\n","protected":false},"excerpt":{"rendered":"<p>Cientos de miles de personas se echaron este domingo (06.07.2025) a las calles en Colonia, al oeste de Alemania, para presenciar el desfile de unas 65.000 personas y 90 carrozas. Los colores del arco\u00edris, s\u00edmbolo de la comunidad LGBTQ+, se pod\u00edan ver por toda la ciudad, en la ropa de la gente y en las &hellip;<\/p>\n","protected":false},"author":1,"featured_media":34811,"comment_status":"open","ping_status":"open","sticky":false,"template":"","format":"standard","meta":{"fifu_image_url":"https:\/\/static.dw.com\/image\/73176846_6.jpg","fifu_image_alt":"","footnotes":""},"categories":[13],"tags":[],"class_list":["post-34810","post","type-post","status-publish","format-standard","has-post-thumbnail","","category-mundo"],"_links":{"self":[{"href":"https:\/\/noticiasveraces.com\/index.php?rest_route=\/wp\/v2\/posts\/34810","targetHints":{"allow":["GET"]}}],"collection":[{"href":"https:\/\/noticiasveraces.com\/index.php?rest_route=\/wp\/v2\/posts"}],"about":[{"href":"https:\/\/noticiasveraces.com\/index.php?rest_route=\/wp\/v2\/types\/post"}],"author":[{"embeddable":true,"href":"https:\/\/noticiasveraces.com\/index.php?rest_route=\/wp\/v2\/users\/1"}],"replies":[{"embeddable":true,"href":"https:\/\/noticiasveraces.com\/index.php?rest_route=%2Fwp%2Fv2%2Fcomments&post=34810"}],"version-history":[{"count":0,"href":"https:\/\/noticiasveraces.com\/index.php?rest_route=\/wp\/v2\/posts\/34810\/revisions"}],"wp:featuredmedia":[{"embeddable":true,"href":"https:\/\/noticiasveraces.com\/index.php?rest_route=\/wp\/v2\/media\/34811"}],"wp:attachment":[{"href":"https:\/\/noticiasveraces.com\/index.php?rest_route=%2Fwp%2Fv2%2Fmedia&parent=34810"}],"wp:term":[{"taxonomy":"category","embeddable":true,"href":"https:\/\/noticiasveraces.com\/index.php?rest_route=%2Fwp%2Fv2%2Fcategories&post=34810"},{"taxonomy":"post_tag","embeddable":true,"href":"https:\/\/noticiasveraces.com\/index.php?rest_route=%2Fwp%2Fv2%2Ftags&post=34810"}],"curies":[{"name":"wp","href":"https:\/\/api.w.org\/{rel}","templated":true}]}}