{"id":34807,"date":"2025-07-06T14:19:43","date_gmt":"2025-07-06T18:19:43","guid":{"rendered":"https:\/\/noticiasveraces.com\/?p=34807"},"modified":"2025-07-06T14:19:43","modified_gmt":"2025-07-06T18:19:43","slug":"el-compromiso-de-sevilla-llega-en-un-momento-clave-para-restaurar-la-fe-en-la-cooperacion-internacional","status":"publish","type":"post","link":"https:\/\/noticiasveraces.com\/?p=34807","title":{"rendered":"El Compromiso de Sevilla: llega en un momento clave para restaurar la fe en la cooperaci\u00f3n internacional"},"content":{"rendered":"<p> \n<\/p>\n<div>\n<p>La Cumbre Internacional sobre Financiaci\u00f3n para el Desarrollo (FFD4), que se celebra en Sevilla tiene un valor simb\u00f3lico reflejado en el llamado \u00abCompromiso de Sevilla\u00bb, pero advierten que a\u00fan queda mucho camino por recorrer para traducir promesas en acciones tangibles.<\/p>\n<p>As\u00ed lo expresa una portavoz del Instituto Internacional de Medio Ambiente y Desarrollo (IIED), un centro de investigaci\u00f3n con sede en Londres que trabaja desde hace d\u00e9cadas en sostenibilidad y justicia clim\u00e1tica en Am\u00e9rica Latina, \u00c1frica y Asia.<\/p>\n<p>\u201cEsta cumbre ha sido un momento clave para intentar restaurar la fe en la cooperaci\u00f3n internacional, especialmente despu\u00e9s de la pandemia, que dej\u00f3 al descubierto la falta de solidaridad global\u201d, afirm\u00f3 Paula Sevilla.<\/p>\n<h2>Prestar atenci\u00f3n a la deuda externa<\/h2>\n<p>Uno de los focos del IIED en Sevilla ha sido garantizar que los compromisos de financiaci\u00f3n anunciados realmente lleguen a las comunidades locales que est\u00e1n al frente de la lucha contra el cambio clim\u00e1tico.<\/p>\n<p>Para ello, insisten en que se debe <strong>prestar m\u00e1s atenci\u00f3n a temas como la deuda externa<\/strong>que ahoga los presupuestos p\u00fablicos, y a mecanismos innovadores como la financiaci\u00f3n mixta para canalizar recursos hacia quienes m\u00e1s los necesitan.<\/p>\n<p>\u201cEstamos viendo c\u00f3mo pa\u00edses gastan m\u00e1s en pagar deuda que en salud o educaci\u00f3n, mientras las desigualdades se agravan\u201d, advirti\u00f3 la experta, poco despu\u00e9s de una manifestaci\u00f3n en el foro donde la sociedad civil participa en la Conferencia de Sevilla.<\/p>\n<div class=\"context-un_news_large_uncropped_credit_caption type-entermedia_image media media--type-entermedia-image media--view-mode-un-news-large-uncropped-credit-caption\">\n<div class=\"field field--name-thumbnail field--type-image field--label-hidden field__item\"><img decoding=\"async\" src=\"https:\/\/global.unitednations.entermediadb.net\/assets\/mediadb\/services\/module\/asset\/downloads\/preset\/Libraries\/Production%20Library\/03-07-25_Confence_Seville_Paula_Sevilla_IIED.jpg\/image1024x768.jpg\" alt=\"Investigadora del Instituto Internacional de Medio Ambiente y Desarrollo (IIED)\" title=\"Investigadora del Instituto Internacional de Medio Ambiente y Desarrollo (IIED)\" loading=\"lazy\" width=\"1024\" height=\"768\"\/>\n<\/div>\n<div class=\"field field--name-field-authors field--type-entity-reference field--label-hidden field__items\">\n<p>Ciudades y Gobiernos Locales Unidos<\/p>\n<\/p><\/div>\n<p>Investigadora del Instituto Internacional de Medio Ambiente y Desarrollo (IIED)<\/p>\n<\/div>\n<h2>El problema de la vivienda ausente del Compromiso<\/h2>\n<p>La vivienda, sin embargo, ha brillado por su ausencia en el documento final de la cumbre.<\/p>\n<p>\u201cEs lamentable que ni siquiera se mencione, cuando atravesamos una crisis mundial del coste de vida. No s\u00f3lo en el Sur Global, sino tambi\u00e9n aqu\u00ed en Espa\u00f1a. La vivienda es fuente de angustia y desconfianza para la ciudadan\u00eda y ha sido completamente ignorada\u201d, se\u00f1al\u00f3 Sevilla, cuya organizaci\u00f3n intenta, no obstante, usar el documento para encontrar medios con los que canalizar flujos de recursos al tema de la vivienda.<\/p>\n<p>Respecto a la iniciativa liderada por Espa\u00f1a y Brasil para mejorar la imposici\u00f3n global sobre la riqueza, la portavoz del IIED consider\u00f3 que podr\u00eda ser <strong>una v\u00eda \u00fatil para corregir desequilibrios estructurales<\/strong>.<\/p>\n<p>\u00ab<strong>Necesitamos liderazgo del Norte Global, donde est\u00e1n radicadas muchas de las grandes empresas que eluden impuestos<\/strong>. Sin su compromiso, no lograremos avanzar\u201d, afirm\u00f3.<\/p>\n<p>No obstante, critic\u00f3 la ausencia de Estados Unidos en la cumbre, no s\u00f3lo como obst\u00e1culo diplom\u00e1tico, sino tambi\u00e9n como precedente preocupante tras el desmantelamiento de su agencia de cooperaci\u00f3n (USAID).<\/p>\n<p>\u201cEstamos hablando de personas que cuentan sus pastillas para saber cu\u00e1ntos d\u00edas de vida les quedan. Esto es dram\u00e1tico\u201d, subray\u00f3.<\/p>\n<p>A cinco a\u00f1os del plazo l\u00edmite para cumplir los Objetivos de Desarrollo Sostenible, la experta advierte que el reloj corre y que el compromiso de Sevilla ser\u00e1 in\u00fatil si no hay un cambio real.<\/p>\n<p>\u201cNecesitamos liderazgo pol\u00edtico, voluntad de cooperar y proteger el espacio democr\u00e1tico. Al final, son las personas organizadas las que mantienen viva la esperanza y exigen rendici\u00f3n de cuentas\u201d, concluy\u00f3 Sevilla.La Cumbre Internacional sobre Financiaci\u00f3n para el Desarrollo (FFD4), que se celebra en Sevilla tiene un valor simb\u00f3lico reflejado en el llamado \u00abCompromiso de Sevilla\u00bb, pero advierten que a\u00fan queda mucho camino por recorrer para traducir promesas en acciones tangibles.<\/p>\n<p>As\u00ed lo expresa una portavoz del Instituto Internacional de Medio Ambiente y Desarrollo (IIED), un centro de investigaci\u00f3n con sede en Londres que trabaja desde hace d\u00e9cadas en sostenibilidad y justicia clim\u00e1tica en Am\u00e9rica Latina, \u00c1frica y Asia.<\/p>\n<p>\u201cEsta cumbre ha sido un momento clave para intentar restaurar la fe en la cooperaci\u00f3n internacional, especialmente despu\u00e9s de la pandemia, que dej\u00f3 al descubierto la falta de solidaridad global\u201d, afirm\u00f3 Paula Sevilla.<\/p>\n<h2>Prestar atenci\u00f3n a la deuda externa<\/h2>\n<p>Uno de los focos del IIED en Sevilla ha sido garantizar que los compromisos de financiaci\u00f3n anunciados realmente lleguen a las comunidades locales que est\u00e1n al frente de la lucha contra el cambio clim\u00e1tico.<\/p>\n<p>Para ello, insisten en que se debe <strong>prestar m\u00e1s atenci\u00f3n a temas como la deuda externa<\/strong>que ahoga los presupuestos p\u00fablicos, y a mecanismos innovadores como la financiaci\u00f3n mixta para canalizar recursos hacia quienes m\u00e1s los necesitan, que son los que est\u00e1n al frente de las soluciones.<\/p>\n<p>\u201cEstamos viendo c\u00f3mo pa\u00edses gastan m\u00e1s en pagar deuda que en salud o educaci\u00f3n, mientras las desigualdades se agravan\u201d, advirti\u00f3 la experta, poco despu\u00e9s de una manifestaci\u00f3n en el foro donde la sociedad civil participa en la Conferencia de Sevilla.<\/p>\n<h2>El problema de la vivienda ausente del Compromiso<\/h2>\n<p>La vivienda, sin embargo, ha brillado por su ausencia en el documento final de la cumbre.<\/p>\n<p>\u201cEs lamentable que ni siquiera se mencione, cuando atravesamos una crisis mundial del coste de vida. No s\u00f3lo en el Sur Global, sino tambi\u00e9n aqu\u00ed en Espa\u00f1a. La vivienda es fuente de angustia y desconfianza para la ciudadan\u00eda y ha sido completamente ignorada\u201d, se\u00f1al\u00f3 Sevilla, cuya organizaci\u00f3n intenta, no obstante, usar el documento para encontrar medios con los que canalizar flujos de recursos al tema de la vivienda.<\/p>\n<p>Respecto a la iniciativa liderada por Espa\u00f1a y Brasil para mejorar la imposici\u00f3n global sobre la riqueza, la portavoz del IIED consider\u00f3 que podr\u00eda ser <strong>una v\u00eda \u00fatil para corregir desequilibrios estructurales<\/strong>.<\/p>\n<p>\u00ab<strong>Necesitamos liderazgo del Norte Global, donde est\u00e1n radicadas muchas de las grandes empresas que eluden impuestos<\/strong>. Sin su compromiso, no lograremos avanzar\u201d, afirm\u00f3.<\/p>\n<p>No obstante, critic\u00f3 la ausencia de Estados Unidos en la cumbre, no s\u00f3lo como obst\u00e1culo diplom\u00e1tico, sino tambi\u00e9n como precedente preocupante tras el desmantelamiento de su agencia de cooperaci\u00f3n (USAID).<\/p>\n<p>\u201cEstamos hablando de personas que cuentan sus pastillas para saber cu\u00e1ntos d\u00edas de vida les quedan. Esto es dram\u00e1tico\u201d, subray\u00f3.<\/p>\n<p>A cinco a\u00f1os del plazo l\u00edmite para cumplir los Objetivos de Desarrollo Sostenible, la experta advierte que el reloj corre y que el compromiso de Sevilla ser\u00e1 in\u00fatil si no hay un cambio real.<\/p>\n<p>\u201cNecesitamos liderazgo pol\u00edtico, voluntad de cooperar y proteger el espacio democr\u00e1tico. Al final, son las personas organizadas las que mantienen viva la esperanza y exigen rendici\u00f3n de cuentas\u201d, concluy\u00f3 Sevilla.<\/p>\n<\/div>\n\n","protected":false},"excerpt":{"rendered":"<p>La Cumbre Internacional sobre Financiaci\u00f3n para el Desarrollo (FFD4), que se celebra en Sevilla tiene un valor simb\u00f3lico reflejado en el llamado \u00abCompromiso de Sevilla\u00bb, pero advierten que a\u00fan queda mucho camino por recorrer para traducir promesas en acciones tangibles. As\u00ed lo expresa una portavoz del Instituto Internacional de Medio Ambiente y Desarrollo (IIED), un &hellip;<\/p>\n","protected":false},"author":1,"featured_media":34809,"comment_status":"open","ping_status":"open","sticky":false,"template":"","format":"standard","meta":{"fifu_image_url":"https:\/\/global.unitednations.entermediadb.net\/assets\/mediadb\/services\/module\/asset\/downloads\/preset\/Libraries\/Production%20Library\/03-07-25_Confence_Seville_Demonstration1.jpg\/image770x420cropped.jpg","fifu_image_alt":"","footnotes":""},"categories":[3],"tags":[],"class_list":["post-34807","post","type-post","status-publish","format-standard","has-post-thumbnail","","category-negocio"],"_links":{"self":[{"href":"https:\/\/noticiasveraces.com\/index.php?rest_route=\/wp\/v2\/posts\/34807","targetHints":{"allow":["GET"]}}],"collection":[{"href":"https:\/\/noticiasveraces.com\/index.php?rest_route=\/wp\/v2\/posts"}],"about":[{"href":"https:\/\/noticiasveraces.com\/index.php?rest_route=\/wp\/v2\/types\/post"}],"author":[{"embeddable":true,"href":"https:\/\/noticiasveraces.com\/index.php?rest_route=\/wp\/v2\/users\/1"}],"replies":[{"embeddable":true,"href":"https:\/\/noticiasveraces.com\/index.php?rest_route=%2Fwp%2Fv2%2Fcomments&post=34807"}],"version-history":[{"count":0,"href":"https:\/\/noticiasveraces.com\/index.php?rest_route=\/wp\/v2\/posts\/34807\/revisions"}],"wp:featuredmedia":[{"embeddable":true,"href":"https:\/\/noticiasveraces.com\/index.php?rest_route=\/wp\/v2\/media\/34809"}],"wp:attachment":[{"href":"https:\/\/noticiasveraces.com\/index.php?rest_route=%2Fwp%2Fv2%2Fmedia&parent=34807"}],"wp:term":[{"taxonomy":"category","embeddable":true,"href":"https:\/\/noticiasveraces.com\/index.php?rest_route=%2Fwp%2Fv2%2Fcategories&post=34807"},{"taxonomy":"post_tag","embeddable":true,"href":"https:\/\/noticiasveraces.com\/index.php?rest_route=%2Fwp%2Fv2%2Ftags&post=34807"}],"curies":[{"name":"wp","href":"https:\/\/api.w.org\/{rel}","templated":true}]}}