{"id":34792,"date":"2025-07-06T13:27:15","date_gmt":"2025-07-06T17:27:15","guid":{"rendered":"https:\/\/noticiasveraces.com\/?p=34792"},"modified":"2025-07-06T13:27:15","modified_gmt":"2025-07-06T17:27:15","slug":"arranca-la-cumbre-de-los-brics-en-brasil-dw-06-07-2025","status":"publish","type":"post","link":"https:\/\/noticiasveraces.com\/?p=34792","title":{"rendered":"Arranca la cumbre de los BRICS en Brasil \u2013 DW \u2013 06\/07\/2025"},"content":{"rendered":"<p> \n<\/p>\n<div>\n<p>El grupo de los BRICS iniciaron este domingo (06.07.2025) en R\u00edo de Janeiro su primera cumbre desde que el foro fue ampliado a once miembros, en medio de las tensiones generadas por la guerra comercial desatada por el presidente de Estados Unidos, Donald Trump, y por los conflictos en Oriente Medio y Ucrania.<\/p>\n<p>El presidente brasile\u00f1o Luiz In\u00e1cio Lula da Silva, anfitri\u00f3n de la cumbre y encargado de su apertura, llam\u00f3 o a no permanecer \u00abindiferentes\u00bb al \u00abgenocidio\u00bb de Israel en Gaza, dijo que aplazar la reforma del Consejo de Seguridad de la ONU deja al mundo cada d\u00eda m\u00e1s peligroso y critic\u00f3 el aumento del gasto en defensa de los pa\u00edses que conforman la Organizaci\u00f3n del Tratado del Atl\u00e1ntico Norte (OTAN).<\/p>\n<h2>Los aranceles de Trump en la mira<\/h2>\n<p>La cita anual del foro en R\u00edo, que re\u00fane a los jefes de Estado de 14 pa\u00edses, entre miembros, asociados e invitados, arranc\u00f3 marcada por la ausencia del presidente chino, Xi Jinping, y por la participaci\u00f3n online de su hom\u00f3logo ruso, Vladimir Putin. Un borrador de declaraci\u00f3n adelantado ayer indica que la cumbre est\u00e1 llamada a rechazar los aranceles unilaterales y el proteccionismo de Donald Trump, pese a que sus miembros se cuidar\u00e1n de no nombrar directamente al presidente estadounidense.<\/p>\n<p>La reuni\u00f3n comenz\u00f3 a solo tres d\u00edas de concluir el plazo fijado por Trump para alcanzar acuerdos comerciales con los pa\u00edses interesados antes de una elevaci\u00f3n hist\u00f3rica de los aranceles para colocar productos en la mayor econom\u00eda mundial. En el caso concreto de los BRICS, Trump tambi\u00e9n ha amenazado con imponer aranceles adicionales del 100 % si las econom\u00edas emergentes toman medidas que pongan en tela de juicio la hegemon\u00eda del d\u00f3lar en el comercio internacional. \u00abSi no encontramos una nueva f\u00f3rmula, vamos a terminar el siglo XXI como empezamos el XX\u00bb, dijo Lula da Silva.<\/p>\n<p>LGC (AFP, EFE)<\/p>\n<\/div>\n\n","protected":false},"excerpt":{"rendered":"<p>El grupo de los BRICS iniciaron este domingo (06.07.2025) en R\u00edo de Janeiro su primera cumbre desde que el foro fue ampliado a once miembros, en medio de las tensiones generadas por la guerra comercial desatada por el presidente de Estados Unidos, Donald Trump, y por los conflictos en Oriente Medio y Ucrania. El presidente &hellip;<\/p>\n","protected":false},"author":1,"featured_media":34793,"comment_status":"open","ping_status":"open","sticky":false,"template":"","format":"standard","meta":{"fifu_image_url":"https:\/\/static.dw.com\/image\/73177325_6.jpg","fifu_image_alt":"","footnotes":""},"categories":[13],"tags":[],"class_list":["post-34792","post","type-post","status-publish","format-standard","has-post-thumbnail","","category-mundo"],"_links":{"self":[{"href":"https:\/\/noticiasveraces.com\/index.php?rest_route=\/wp\/v2\/posts\/34792","targetHints":{"allow":["GET"]}}],"collection":[{"href":"https:\/\/noticiasveraces.com\/index.php?rest_route=\/wp\/v2\/posts"}],"about":[{"href":"https:\/\/noticiasveraces.com\/index.php?rest_route=\/wp\/v2\/types\/post"}],"author":[{"embeddable":true,"href":"https:\/\/noticiasveraces.com\/index.php?rest_route=\/wp\/v2\/users\/1"}],"replies":[{"embeddable":true,"href":"https:\/\/noticiasveraces.com\/index.php?rest_route=%2Fwp%2Fv2%2Fcomments&post=34792"}],"version-history":[{"count":0,"href":"https:\/\/noticiasveraces.com\/index.php?rest_route=\/wp\/v2\/posts\/34792\/revisions"}],"wp:featuredmedia":[{"embeddable":true,"href":"https:\/\/noticiasveraces.com\/index.php?rest_route=\/wp\/v2\/media\/34793"}],"wp:attachment":[{"href":"https:\/\/noticiasveraces.com\/index.php?rest_route=%2Fwp%2Fv2%2Fmedia&parent=34792"}],"wp:term":[{"taxonomy":"category","embeddable":true,"href":"https:\/\/noticiasveraces.com\/index.php?rest_route=%2Fwp%2Fv2%2Fcategories&post=34792"},{"taxonomy":"post_tag","embeddable":true,"href":"https:\/\/noticiasveraces.com\/index.php?rest_route=%2Fwp%2Fv2%2Ftags&post=34792"}],"curies":[{"name":"wp","href":"https:\/\/api.w.org\/{rel}","templated":true}]}}