{"id":34743,"date":"2025-07-06T05:25:53","date_gmt":"2025-07-06T09:25:53","guid":{"rendered":"https:\/\/noticiasveraces.com\/?p=34743"},"modified":"2025-07-06T05:25:53","modified_gmt":"2025-07-06T09:25:53","slug":"la-decision-de-reeleccion-del-gobernador-tony-evers-se-avecina-sobre-el-campo-de-batalla-wisconsin","status":"publish","type":"post","link":"https:\/\/noticiasveraces.com\/?p=34743","title":{"rendered":"La decisi\u00f3n de reelecci\u00f3n del gobernador Tony Evers se avecina sobre el campo de batalla Wisconsin"},"content":{"rendered":"<p> \n<br \/><img decoding=\"async\" src=\"https:\/\/media-cldnry.s-nbcnews.com\/image\/upload\/t_fit_1500w\/rockcms\/2025-07\/250701-Tony-Evers-ch-1430-d8edb1.jpg\" \/><\/p>\n<div>\n<p id=\"anchor-404b2f\" class=\"body-graf\">En uno de los estados de campo de batalla m\u00e1s divididos de la naci\u00f3n, hay una gran pregunta en las mentes de ambas partes: \u00bfEl gobernador Tony Evers se realizar\u00e1 para un tercer mandato el pr\u00f3ximo a\u00f1o?<\/p>\n<p id=\"anchor-ca4027\" class=\"body-graf\">La respuesta tendr\u00e1 consecuencias reverberantes en Wisconsin, donde una de las cinco gobernaciones controladas por dem\u00f3crata est\u00e1 en juego en 2026 en los estados que el presidente Donald Trump gan\u00f3 el a\u00f1o pasado.<\/p>\n<p id=\"anchor-c896ae\" class=\"body-graf\">Evers, de 73 a\u00f1os, ha dicho que anunciar\u00eda si volver\u00eda a correr despu\u00e9s de llegar a un acuerdo presupuestario con los republicanos, que controlan ambas c\u00e1maras de la legislatura. Pero con un acuerdo r\u00e1pidamente firmado, sellado y entregado la semana pasada, algunos dem\u00f3cratas de Wisconsin se vuelven impacientes por su decisi\u00f3n.<\/p>\n<p id=\"anchor-e8bd21\" class=\"body-graf\">\u00abMe gustar\u00eda verlo tomar una decisi\u00f3n, con suerte m\u00e1s temprano que tarde, porque creo que tenemos muchas elecciones en las que necesitamos ganar y centrarnos\u00bb, dijo el mes pasado, la senadora estatal dem\u00f3crata Kelda Roys, que se postul\u00f3 contra Evers en las primarias gubernador dem\u00f3cratas de 2018. \u00abSi el gobernador toma una decisi\u00f3n, espero que sea pronto\u00bb.<\/p>\n<p id=\"anchor-7956cd\" class=\"body-graf\">Una din\u00e1mica colgada por la decisi\u00f3n de Evers es la posibilidad de que no tenga que lidiar con una legislatura combativa totalmente controlada por los republicanos, como lo ha hecho durante todo su mandato. Una decisi\u00f3n hist\u00f3rica de la Corte Suprema de Wisconsin de una mayor\u00eda liberal recientemente instalada llev\u00f3 a los mapas gerrymandered del estado a ser redise\u00f1ados, dando a los democr\u00e1ticos un camino mucho m\u00e1s realista para tomar el control de la Asamblea Estatal o el Senado en 2026.<\/p>\n<p id=\"anchor-c15e94\" class=\"body-graf\">\u00abUna pregunta que est\u00e1 sopesando es: &#8216;\u00bfTrato de permanecer por un per\u00edodo m\u00e1s y posiblemente tengo una, si no ambas, las c\u00e1maras m\u00e1s bajas para trabajar, en lugar de tratar de regatear con los republicanos y empujar el bol\u00edgrafo de veto cada vez que un operativo dem\u00f3crata en el estado que solicit\u00f3 el anonimato para hablar con franqueza sobre la raza.<\/p>\n<p id=\"anchor-e71aaf\" class=\"body-graf\">Algunos dem\u00f3cratas tambi\u00e9n sienten que Evers, con el beneficio de la incumbencia, todav\u00eda representa la mejor oportunidad del partido de ganar las elecciones de gobernador del pr\u00f3ximo a\u00f1o.<\/p>\n<p id=\"anchor-830af9\" class=\"body-graf\">\u00abNo hay duda de que Evers es el m\u00e1s equipado para ganar el pr\u00f3ximo a\u00f1o\u00bb, dijo Joe Zepecki, un estratega dem\u00f3crata con sede en Milwaukee que termin\u00f3 segundo en la carrera del mes pasado para ser el presidente del Partido Dem\u00f3crata de Wisconsin. \u00ab\u00bfPor qu\u00e9 no querr\u00edamos tener un gobernador democr\u00e1tico titular que sea el pol\u00edtico m\u00e1s popular del estado, amado por la base democr\u00e1tica? Eso tiene todo el sentido del mundo en lo que ser\u00e1 un buen ambiente pol\u00edtico para los dem\u00f3cratas\u00bb.<\/p>\n<p id=\"anchor-67fb9e\" class=\"body-graf\">Pero otros han advertido que los dem\u00f3cratas no deber\u00edan continuar dependiendo de los candidatos septuagenarios y deber\u00edan despejar el camino para nuevas voces, particularmente siguiendo su experiencia con el entonces presidente Joe Biden en 2024.<\/p>\n<p id=\"anchor-23e3cc\" class=\"body-graf\">Los aliados de Evers han respondido a esa narraci\u00f3n, se\u00f1alando las encuestas recientes.<\/p>\n<p id=\"anchor-83893d\" class=\"body-graf\">Un operativo dem\u00f3crata de Wisconsin familiarizado con el pensamiento de Evers, que solicit\u00f3 el anonimato para hablar con franqueza mientras el proceso de toma de decisiones de Evers est\u00e1 en curso, agreg\u00f3: \u00abEso no coincide con lo que escuchamos de los dem\u00f3cratas y de la encuesta de Marquette\u00bb.<\/p>\n<p id=\"anchor-913066\" class=\"body-graf\">Eso se refiere a una encuesta de la Facultad de Derecho de la Universidad de Marquette de los votantes registrados de Wisconsin publicados el mes pasado, lo que demuestra que los dem\u00f3cratas siguen apoyando ampliamente que Evers se ejecuta nuevamente, incluso cuando el electorado general en el estado p\u00farpura sigue siendo m\u00e1s dividido.<\/p>\n<p id=\"anchor-25892c\" class=\"body-graf\">La encuesta encontr\u00f3 que el 83% de los dem\u00f3cratas dijeron que apoyaron a Evers buscando un tercer mandato. Esa encuesta tambi\u00e9n encontr\u00f3 que el 42% de todos los votantes registrados dijeron que quer\u00edan que Evers se ejecutara nuevamente, en comparaci\u00f3n con el 55% que dijeron que no. Ese nivel de apoyo, se\u00f1al\u00f3 los encuestadores, sigue siendo fuerte para los est\u00e1ndares hist\u00f3ricos. En 2016, antes de la decisi\u00f3n del gobernador republicano Scott Walker de postularse para un tercer mandato, la misma encuesta encontr\u00f3 que solo el 36% de los votantes registrados quer\u00edan que se ejecutara por tercera vez, en comparaci\u00f3n con el 61% que no lo hizo. Walker volvi\u00f3 a correr en 2018 y perdi\u00f3 ante Evers.<\/p>\n<p id=\"anchor-e3bab4\" class=\"body-graf\">Las calificaciones de aprobaci\u00f3n de Evers en la encuesta, el 48% de los votantes dijeron que aprobaron su desempe\u00f1o laboral, en comparaci\u00f3n con el 46% que dijo que no lo hicieron, est\u00e1 en l\u00ednea con los niveles que ha visto en esa encuesta a lo largo de sus dos t\u00e9rminos en el cargo en el estado de swing.<\/p>\n<h2 id=\"anchor-bd6919\" class=\"body-heading\">Esperando en las alas<\/h2>\n<p id=\"anchor-aad78e\" class=\"body-graf\">Si Evers finalmente se niega a correr, hay varios dem\u00f3cratas que podr\u00edan buscar reemplazarlo, incluido el fiscal general estatal Josh Kaul, la teniente gobernadora Sara Rodr\u00edguez, la secretaria de Estado Sarah Godlewski, el ejecutivo del condado de Milwaukee, David Crowley y la alcaldesa de Milwaukee, Cavalier Johnson.<\/p>\n<p id=\"anchor-a383ea\" class=\"body-graf\">Pero algunos dem\u00f3cratas de Wisconsin expresaron su preocupaci\u00f3n de que una salida de Evers pudiera conducir a una primaria costosa y divisiva.<\/p>\n<p id=\"anchor-d539b9\" class=\"body-graf\">\u00abSer\u00eda un gran campo si no corre. Eso podr\u00eda ponerse desordenado\u00bb, dijo el operativo dem\u00f3crata familiarizado con el pensamiento de Evers.<\/p>\n<p id=\"anchor-aa8fc8\" class=\"body-graf\">Los representantes de las operaciones pol\u00edticas de Kaul, Rodr\u00edguez y Crowley no respondieron a las preguntas.<\/p>\n<p id=\"anchor-1bd1de\" class=\"body-graf\">El portavoz de Johnson, Thad Nation, dijo en un correo electr\u00f3nico que \u00abel alcalde tiene un profundo respeto por ese liderazgo y ciertamente espera que el gobernador elija volver a correr\u00bb, pero que \u00absi el gobernador Evers decide no buscar la reelecci\u00f3n, el alcalde Johnson estar\u00eda en una posici\u00f3n fuerte para ingresar a la carrera\u00bb.<\/p>\n<p id=\"anchor-32b4c3\" class=\"body-graf\">Es probable que la decisi\u00f3n de Evers tenga mucho en cuenta qui\u00e9n decide postularse para la nominaci\u00f3n republicana. Actualmente, el \u00fanico candidato declarado en la carrera es Josh Schoemann, el ejecutivo del condado del condado de Washington, un \u00e1rea exurbana al noroeste de Milwaukee.<\/p>\n<p id=\"anchor-2e345b\" class=\"body-graf\">Tambi\u00e9n sopesan las ofertas Eric Hovde, quien perdi\u00f3 por poco una carrera del Senado de los Estados Unidos en 2024 ante el dem\u00f3crata Tammy Baldwin, y Tim Michels, que perdi\u00f3 ante Evers en 2022. El representante estadounidense Tom Tiffany tampoco ha descartado una campa\u00f1a.<\/p>\n<p id=\"anchor-40016d\" class=\"body-graf\">Los estrategas en ambas partes dijeron que la decisi\u00f3n de Evers de esperar hasta despu\u00e9s de que se lleg\u00f3 a un acuerdo presupuestario con los legisladores estatales podr\u00eda presentar al gobernador la oportunidad de irse con una nota alta o ayudar a construir su caso para un tercer mandato.<\/p>\n<p id=\"anchor-813831\" class=\"body-graf\">\u00abEvers obtuvo la mayor parte de lo que quer\u00eda. Ahora est\u00e1 en condiciones de decir: &#8216;He hecho lo que ten\u00eda que hacer. Obtuve fondos de regreso a UW [the University of Wisconsin system]Obtuve fondos para el cuidado infantil, hemos salvado a los ni\u00f1os en Wisconsin. Tenemos un presupuesto para ni\u00f1os, creo que eso le da una salida \u00ab, dijo Brandon Scholz, un estratega republicano de Wisconsin.\u00bb Puede salir en la cima \u00ab.<\/p>\n<p id=\"anchor-8064b6\" class=\"body-graf\">Los aliados de Evers dijo que retrasar su anuncio le proporcion\u00f3 un m\u00e1ximo influencia durante las discusiones presupuestarias con los republicanos.<\/p>\n<p id=\"anchor-c941d3\" class=\"body-graf\">\u00abCreo que probablemente mejor\u00f3 su capacidad para trabajar con los republicanos en la Legislatura para llegar a lo que parece ser un presupuesto razonable\u00bb, dijo Zepecki.<\/p>\n<p id=\"anchor-073bd2\" class=\"body-graf\">Respondiendo a las preguntas sobre si el gobernador anunciar\u00eda su decisi\u00f3n inminentemente ahora que el proceso de presupuesto estatal ha terminado, el asesor principal de Evers Sam Roecker dijo solo que \u00abel gobernador ha sido claro que no tomar\u00e1 una decisi\u00f3n sobre 2026 hasta que concluya el proceso presupuestario\u00bb.<\/p>\n<p id=\"anchor-6f83b3\" class=\"body-graf\">Pero algunos dem\u00f3cratas dijeron que las perspectivas de una legislatura m\u00e1s amigable, los n\u00fameros de encuestas de Evers y la capacidad de evitar una primaria fracturada apuntaban en una direcci\u00f3n.<\/p>\n<p id=\"anchor-429824\" class=\"endmark body-graf\">\u00abCreo que ha decidido, y creo que correr\u00e1\u00bb, dijo Zepecki. \u00abSi tuviera que apostar dinero hoy, ah\u00ed es donde estamos\u00bb.<\/p>\n<\/div>\n\n","protected":false},"excerpt":{"rendered":"<p>En uno de los estados de campo de batalla m\u00e1s divididos de la naci\u00f3n, hay una gran pregunta en las mentes de ambas partes: \u00bfEl gobernador Tony Evers se realizar\u00e1 para un tercer mandato el pr\u00f3ximo a\u00f1o? La respuesta tendr\u00e1 consecuencias reverberantes en Wisconsin, donde una de las cinco gobernaciones controladas por dem\u00f3crata est\u00e1 en &hellip;<\/p>\n","protected":false},"author":1,"featured_media":34745,"comment_status":"open","ping_status":"open","sticky":false,"template":"","format":"standard","meta":{"fifu_image_url":"https:\/\/media-cldnry.s-nbcnews.com\/image\/upload\/t_nbcnews-fp-1200-630,f_auto,q_auto:best\/rockcms\/2025-07\/250701-Tony-Evers-ch-1430-d8edb1.jpg","fifu_image_alt":"","footnotes":""},"categories":[4],"tags":[],"class_list":["post-34743","post","type-post","status-publish","format-standard","has-post-thumbnail","","category-historias-destacadas"],"_links":{"self":[{"href":"https:\/\/noticiasveraces.com\/index.php?rest_route=\/wp\/v2\/posts\/34743","targetHints":{"allow":["GET"]}}],"collection":[{"href":"https:\/\/noticiasveraces.com\/index.php?rest_route=\/wp\/v2\/posts"}],"about":[{"href":"https:\/\/noticiasveraces.com\/index.php?rest_route=\/wp\/v2\/types\/post"}],"author":[{"embeddable":true,"href":"https:\/\/noticiasveraces.com\/index.php?rest_route=\/wp\/v2\/users\/1"}],"replies":[{"embeddable":true,"href":"https:\/\/noticiasveraces.com\/index.php?rest_route=%2Fwp%2Fv2%2Fcomments&post=34743"}],"version-history":[{"count":0,"href":"https:\/\/noticiasveraces.com\/index.php?rest_route=\/wp\/v2\/posts\/34743\/revisions"}],"wp:featuredmedia":[{"embeddable":true,"href":"https:\/\/noticiasveraces.com\/index.php?rest_route=\/wp\/v2\/media\/34745"}],"wp:attachment":[{"href":"https:\/\/noticiasveraces.com\/index.php?rest_route=%2Fwp%2Fv2%2Fmedia&parent=34743"}],"wp:term":[{"taxonomy":"category","embeddable":true,"href":"https:\/\/noticiasveraces.com\/index.php?rest_route=%2Fwp%2Fv2%2Fcategories&post=34743"},{"taxonomy":"post_tag","embeddable":true,"href":"https:\/\/noticiasveraces.com\/index.php?rest_route=%2Fwp%2Fv2%2Ftags&post=34743"}],"curies":[{"name":"wp","href":"https:\/\/api.w.org\/{rel}","templated":true}]}}