{"id":34738,"date":"2025-07-06T05:06:02","date_gmt":"2025-07-06T09:06:02","guid":{"rendered":"https:\/\/noticiasveraces.com\/?p=34738"},"modified":"2025-07-06T05:06:02","modified_gmt":"2025-07-06T09:06:02","slug":"por-que-luis-diaz-no-asistio-al-funeral-de-diogo-jota-revelan-el-motivo-y-hay-criticas-curiosidades-de-futbol","status":"publish","type":"post","link":"https:\/\/noticiasveraces.com\/?p=34738","title":{"rendered":"\u00bfPor qu\u00e9 Luis D\u00edaz no asisti\u00f3 al funeral de Diogo Jota? Revelan el motivo y hay cr\u00edticas | Curiosidades de f\u00fatbol"},"content":{"rendered":"<p> \n<br \/><img decoding=\"async\" src=\"https:\/\/www.futbolred.com\/files\/article_graphic\/uploads\/2025\/07\/03\/6866bc61c60a5.jpeg\" \/><\/p>\n<div id=\"cuerpoArticulo\">\n<p class=\"texto intro\" id=\"p250276-m355-354-356\"><b>Diogo Jota <\/b>y su hermano <b>Andr\u00e9 Silva<\/b> tuvieron este s\u00e1bado su \u00faltimo adi\u00f3s luego de su fallecimiento hace un par de d\u00edas tras un grave accidente de tr\u00e1nsito ocurrido en Zamora, Espa\u00f1a.  <\/p>\n<p>El jugador iba rumbo a Inglaterra para empezar la pretemporada con Liverpool y ante la imposibilidad de viajar en avi\u00f3n por un tema de salud decidi\u00f3 irse en su Lamborghini para tomar un ferry al cual finalmente no lleg\u00f3.  <\/p>\n<p>Pues bien, tras el triste suceso, ambos jugadores tuvieron sus exequias y all\u00ed fue una gran parte de la plantilla de Liverpool y varios compa\u00f1eros de Jota en la Selecci\u00f3n de Portugal y anteriores equipos que fueron a darle el \u00faltimo adi\u00f3s.<\/p>\n<p class=\"texto contenido-parrafo-articulo\" id=\"p250276-m431-3-432\">No obstante, una de las ausencias m\u00e1s notables en el funeral fue el colombiano <b>Luis D\u00edaz<\/b> quien tuvo una cercana relaci\u00f3n con Jota e incluso el portugu\u00e9s tuvo un gesto importante con el de Barrancas cuando secuestraron a Mane D\u00edaz en su momento.  <\/p>\n<p>Pues bien, en las \u00faltimas horas se supo las razones por las cuales el futbolista colombiano y hay bastantes cr\u00edticas por parte de los aficionados por el motivo en cuesti\u00f3n.  <\/p>\n<p>Y es que D\u00edaz se encuentra en Colombia cumpliendo compromisos comerciales y personales, motivo por el que no pudo asistir al funeral de su compa\u00f1ero en Liverpool que se dio en Oporto en la iglesia de Gondomar.<\/p>\n<p>Varios de esos compromisos\u00a0 se dieron con algunos influencers lo cual gener\u00f3 muchas cr\u00edticas en redes sociales ya que los hinchas consideran que debi\u00f3 cancelar todo para acompa\u00f1ar a la familia de su amigo. <\/p>\n<p>Vale se\u00f1alar que pese a no estar en el funeral, D\u00edaz le dej\u00f3 unas sentidas palabras a su amigo, Diogo Jota, en redes sociales: \u201cNo tengo palabras\u2026 Me duele en el alma. No solo por lo que fue en la cancha, sino por la persona que fue fuera de ella Hay gestos que uno nunca olvida, y Diogo tuvo uno conmigo que me acompa\u00f1ar\u00e1 toda la vida. Mi abrazo est\u00e1 con Rute, sus tres hijos y su familia. Descansen en paz, Diogo y Andr\u00e9\u201d.<\/p>\n<\/p><\/div>\n\n","protected":false},"excerpt":{"rendered":"<p>Diogo Jota y su hermano Andr\u00e9 Silva tuvieron este s\u00e1bado su \u00faltimo adi\u00f3s luego de su fallecimiento hace un par de d\u00edas tras un grave accidente de tr\u00e1nsito ocurrido en Zamora, Espa\u00f1a. El jugador iba rumbo a Inglaterra para empezar la pretemporada con Liverpool y ante la imposibilidad de viajar en avi\u00f3n por un tema &hellip;<\/p>\n","protected":false},"author":1,"featured_media":34740,"comment_status":"open","ping_status":"open","sticky":false,"template":"","format":"standard","meta":{"fifu_image_url":"https:\/\/www.futbolred.com\/files\/og_thumbnail\/uploads\/2025\/07\/03\/6866bc61c60a5.jpeg","fifu_image_alt":"","footnotes":""},"categories":[6],"tags":[],"class_list":["post-34738","post","type-post","status-publish","format-standard","has-post-thumbnail","","category-deportes"],"_links":{"self":[{"href":"https:\/\/noticiasveraces.com\/index.php?rest_route=\/wp\/v2\/posts\/34738","targetHints":{"allow":["GET"]}}],"collection":[{"href":"https:\/\/noticiasveraces.com\/index.php?rest_route=\/wp\/v2\/posts"}],"about":[{"href":"https:\/\/noticiasveraces.com\/index.php?rest_route=\/wp\/v2\/types\/post"}],"author":[{"embeddable":true,"href":"https:\/\/noticiasveraces.com\/index.php?rest_route=\/wp\/v2\/users\/1"}],"replies":[{"embeddable":true,"href":"https:\/\/noticiasveraces.com\/index.php?rest_route=%2Fwp%2Fv2%2Fcomments&post=34738"}],"version-history":[{"count":0,"href":"https:\/\/noticiasveraces.com\/index.php?rest_route=\/wp\/v2\/posts\/34738\/revisions"}],"wp:featuredmedia":[{"embeddable":true,"href":"https:\/\/noticiasveraces.com\/index.php?rest_route=\/wp\/v2\/media\/34740"}],"wp:attachment":[{"href":"https:\/\/noticiasveraces.com\/index.php?rest_route=%2Fwp%2Fv2%2Fmedia&parent=34738"}],"wp:term":[{"taxonomy":"category","embeddable":true,"href":"https:\/\/noticiasveraces.com\/index.php?rest_route=%2Fwp%2Fv2%2Fcategories&post=34738"},{"taxonomy":"post_tag","embeddable":true,"href":"https:\/\/noticiasveraces.com\/index.php?rest_route=%2Fwp%2Fv2%2Ftags&post=34738"}],"curies":[{"name":"wp","href":"https:\/\/api.w.org\/{rel}","templated":true}]}}