{"id":34732,"date":"2025-07-06T03:16:09","date_gmt":"2025-07-06T07:16:09","guid":{"rendered":"https:\/\/noticiasveraces.com\/?p=34732"},"modified":"2025-07-06T03:16:09","modified_gmt":"2025-07-06T07:16:09","slug":"como-pueden-los-medios-hoy-ser-fieles-a-su-mision-dw-04-07-2025","status":"publish","type":"post","link":"https:\/\/noticiasveraces.com\/?p=34732","title":{"rendered":"\u00bfC\u00f3mo pueden los medios hoy ser fieles a su misi\u00f3n? \u2013 DW \u2013 04\/07\/2025"},"content":{"rendered":"<p> \n<\/p>\n<div>\n<p>Los reg\u00edmenes autoritarios de todo el mundo est\u00e1n ganando poder con un populismo estridente y la restricci\u00f3n de la libertad de prensa. Por ello, el Global Media Forum de Deutsche Welle se propone este a\u00f1o \u00absuperar barreras y tender puentes\u00bb para contrarrestar estos tonos populistas. Ese es, al menos, el lema del congreso de medios de comunicaci\u00f3n de dos d\u00edas de duraci\u00f3n, que comienza este\u00a0lunes 7 de julio de 2025 en\u00a0Bonn.<\/p>\n<h2>\u00bfEnfrentan las cadenas internacionales estadounidenses el cierre sin fondos de Trump?<\/h2>\n<p>La visita de Steve Capus, presidente de la cadena estadounidense Radio Free Europe\/Radio Liberty (RFE\/RL), demuestra hasta qu\u00e9 punto los medios libres, como las emisoras p\u00fablicas, se encuentran ahora bajo presi\u00f3n, incluso en pa\u00edses occidentales. El Gobierno estadounidense, bajo la presidencia de Donald Trump, quiere cerrar el grifo a la financiaci\u00f3n de\u00a0la emisora con sede en Praga. Esta\u00a0ha sido un pilar para\u00a0la colaboraci\u00f3n transatl\u00e1ntica entre Europa y Estados Unidos durante d\u00e9cadas.<\/p>\n<p>Al igual que DW, RFE\/RL tambi\u00e9n emite sin censura a pa\u00edses con mercados medi\u00e1ticos dominados por la propaganda. \u00abDebemos sobrevivir; de lo contrario, esto ser\u00eda un gran regalo para Rusia y China\u00bb, declar\u00f3\u00a0con anterioridad Capus, director de RFE. \u00c9l debatir\u00e1 sobre el tema en Bonn con Micha\u0142 Broniatowski, director de la cadena internacional polaca TVP World, Peter Limbourg, director general de DW, y Jonathan Munro, director global de la BBC.<\/p>\n<p>\u00abLa inestabilidad pol\u00edtica est\u00e1 aumentando en muchas partes del mundo, y las consecuencias para todos nuestros espectadores son enormes\u00bb, declar\u00f3 Munro, director de la BBC. Al mismo tiempo, colegas en Estados Unidos se ven obligados a cerrar o restringir sus medios de comunicaci\u00f3n libres. \u00abEste es un hecho preocupante, sobre todo, porque la desinformaci\u00f3n y la informaci\u00f3n falsa est\u00e1n aumentando r\u00e1pidamente en todo el mundo\u00bb.<\/p>\n<p><span data-slot-id=\"Article_InContent-1\" class=\"rich-text-ad\"\/><\/p>\n<h2>Premio de DW para periodista\u00a0georgiana<\/h2>\n<p>Esta edici\u00f3n del Premio a la Libertad de Expresi\u00f3n, un galard\u00f3n anual de DW, que reconoce logros destacados en el \u00e1mbito de la libertad de prensa, recay\u00f3 en Tamar Kinzurashvili, de Georgia. \u00abBajo la \u00e9gida de la Uni\u00f3n Sovi\u00e9tica, no ten\u00edamos voz ni voto y depend\u00edamos de un sistema totalitario\u00bb, declar\u00f3 a DW.<\/p>\n<p>\u00abPero en un Estado democr\u00e1tico, todos los ciudadanos deben mantener al Gobierno bajo control para preservar nuestra libertad. Los medios de comunicaci\u00f3n tienen la responsabilidad especial de garantizar la separaci\u00f3n de poderes\u00bb. La periodista demuestra c\u00f3mo hacerlo con su Fundaci\u00f3n para el Desarrollo de los Medios, una ONG, en la capital, Tiflis. Ense\u00f1a a periodistas a verificar datos y sensibiliza sobre los discursos de odio.<\/p>\n<h2>Superando las barreras digitales de reg\u00edmenes totalitarios<\/h2>\n<p>Numerosas mesas redondas del programa del GMF buscan debatir herramientas pr\u00e1cticas para los profesionales de los medios: \u00abC\u00f3mo los reg\u00edmenes autoritarios erigen muros digitales y c\u00f3mo superarlos\u00bb es el t\u00edtulo de una de ellas. Tras un evento inicial sobre inteligencia artificial generativa en el periodismo en 2024, el GMF 2025 tambi\u00e9n se centrar\u00e1 en cuestiones de \u00e9tica de la IA en el periodismo. \u00bfHasta qu\u00e9 punto es admisible que los periodistas utilicen la IA en su trabajo?<\/p>\n<p>Una de las respuestas de Europa contra la fragmentaci\u00f3n y el populismo es la expansi\u00f3n para incluir a m\u00e1s Estados miembros. Ucrania, el \u00faltimo candidato a la ampliaci\u00f3n de la UE, se encuentra en medio de la guerra iniciada por Rusia. Por lo tanto, se espera con inter\u00e9s el discurso inaugural de la comisaria de Ampliaci\u00f3n de la UE, Marta Kos: \u00bfCumplir\u00e1 la Comunidad Europea su palabra con el pa\u00eds atacado por las tropas de Putin?<\/p>\n<h2>Ministro de Informaci\u00f3n sirio visita el GMF<\/h2>\n<p>Este a\u00f1o, el GMF recibe como invitado al Ministro de Informaci\u00f3n sirio, Hamza Almustafa. Tras el derrocamiento de Bashar al Assad, un gobernante apoyado por el presidente ruso Vladimir Putin, el futuro de la multi\u00e9tnica Siria es incierto. Almustafa hablar\u00e1 sobre el papel de los medios de comunicaci\u00f3n en la reconstrucci\u00f3n de Siria.<\/p>\n<figure class=\"placeholder-image master_landscape big\"><img data-format=\"MASTER_LANDSCAPE\" data-id=\"72682238\" data-url=\"https:\/\/static.dw.com\/image\/72682238_${formatId}.jpeg\" data-aspect-ratio=\"16\/9\" alt=\"Hamza Almusafa.\" style=\"padding-bottom: 56.25%; height: 0; max-height: 0;\"\/><figcaption class=\"img-caption\">El ministro de Informaci\u00f3n sirio, Hamza Almustafa, hablar\u00e1 en el GMF sobre la reconstrucci\u00f3n de su pa\u00eds y el papel de los medios de comunicaci\u00f3n en ese proceso.<small class=\"copyright\">Imagen: privat<\/small><\/figcaption><\/figure>\n<p>\u00bfC\u00f3mo pueden los medios ayudar a superar las barreras cuando muchas personas, sobre todo, en el Medio Oriente sufren una guerra que consolida las divisiones entre los pueblos?<\/p>\n<p>Adem\u00e1s, un documental coproducido por DW busca respuestas al mayor crimen de guerra en Europa desde la Segunda Guerra Mundial. \u00abLa cinta de Srebrenica: de pap\u00e1 a Alisa\u00bb es el t\u00edtulo de la pel\u00edcula de la autora Chiara Sambuchi, que se estrenar\u00e1 en DW durante el GMF.<\/p>\n<p>Hace 30 a\u00f1os, la protagonista, Alisa, ten\u00eda\u00a0nueve a\u00f1os cuando su padre\u00a0fue uno de los 8.000 j\u00f3venes y hombres asesinados\u00a0de la zona protegida de la ONU de Srebrenica,\u00a0en el este de Bosnia, por las fuerzas serbias en una masacre que dur\u00f3 varios d\u00edas.<\/p>\n<p>Su padre, cineasta aficionado y cin\u00e9filo, film\u00f3 la vida cotidiana en la peque\u00f1a ciudad sitiada durante m\u00e1s de tres a\u00f1os de bloqueo de la zona protegida de la ONU de Srebrenica. Logr\u00f3 enviarle una cinta VHS antes de que Srebrenica fuera invadida por las tropas serbias, al mando del general serbobosnio Ratko Mladic.<\/p>\n<p>Para Alisa, hija de madre serbia y padre bosnio musulm\u00e1n asesinado por serbios, construir puentes y superar barreras es vital. \u00abAlisa ha decidido no tomar partido\u00bb, declar\u00f3 el cineasta Sambuchi a DW. La clave para Alisa, dice Sambuchi, es plantar cara \u00abcontra este terrible odio religioso, \u00e9tnico-religioso y todo lo que conlleva\u00bb.<\/p>\n<p>(RMR\/RML)<\/p>\n<\/div>\n\n","protected":false},"excerpt":{"rendered":"<p>Los reg\u00edmenes autoritarios de todo el mundo est\u00e1n ganando poder con un populismo estridente y la restricci\u00f3n de la libertad de prensa. Por ello, el Global Media Forum de Deutsche Welle se propone este a\u00f1o \u00absuperar barreras y tender puentes\u00bb para contrarrestar estos tonos populistas. Ese es, al menos, el lema del congreso de medios &hellip;<\/p>\n","protected":false},"author":1,"featured_media":34733,"comment_status":"open","ping_status":"open","sticky":false,"template":"","format":"standard","meta":{"fifu_image_url":"https:\/\/static.dw.com\/image\/46090316_6.jpg","fifu_image_alt":"","footnotes":""},"categories":[13],"tags":[],"class_list":["post-34732","post","type-post","status-publish","format-standard","has-post-thumbnail","","category-mundo"],"_links":{"self":[{"href":"https:\/\/noticiasveraces.com\/index.php?rest_route=\/wp\/v2\/posts\/34732","targetHints":{"allow":["GET"]}}],"collection":[{"href":"https:\/\/noticiasveraces.com\/index.php?rest_route=\/wp\/v2\/posts"}],"about":[{"href":"https:\/\/noticiasveraces.com\/index.php?rest_route=\/wp\/v2\/types\/post"}],"author":[{"embeddable":true,"href":"https:\/\/noticiasveraces.com\/index.php?rest_route=\/wp\/v2\/users\/1"}],"replies":[{"embeddable":true,"href":"https:\/\/noticiasveraces.com\/index.php?rest_route=%2Fwp%2Fv2%2Fcomments&post=34732"}],"version-history":[{"count":0,"href":"https:\/\/noticiasveraces.com\/index.php?rest_route=\/wp\/v2\/posts\/34732\/revisions"}],"wp:featuredmedia":[{"embeddable":true,"href":"https:\/\/noticiasveraces.com\/index.php?rest_route=\/wp\/v2\/media\/34733"}],"wp:attachment":[{"href":"https:\/\/noticiasveraces.com\/index.php?rest_route=%2Fwp%2Fv2%2Fmedia&parent=34732"}],"wp:term":[{"taxonomy":"category","embeddable":true,"href":"https:\/\/noticiasveraces.com\/index.php?rest_route=%2Fwp%2Fv2%2Fcategories&post=34732"},{"taxonomy":"post_tag","embeddable":true,"href":"https:\/\/noticiasveraces.com\/index.php?rest_route=%2Fwp%2Fv2%2Ftags&post=34732"}],"curies":[{"name":"wp","href":"https:\/\/api.w.org\/{rel}","templated":true}]}}