{"id":34728,"date":"2025-07-06T01:14:15","date_gmt":"2025-07-06T05:14:15","guid":{"rendered":"https:\/\/noticiasveraces.com\/?p=34728"},"modified":"2025-07-06T01:14:15","modified_gmt":"2025-07-06T05:14:15","slug":"arzobispo-frances-lidera-comision-contra-pedofilia-dw-06-07-2025","status":"publish","type":"post","link":"https:\/\/noticiasveraces.com\/?p=34728","title":{"rendered":"arzobispo franc\u00e9s lidera comisi\u00f3n contra pedofilia \u2013 DW \u2013 06\/07\/2025"},"content":{"rendered":"<p> \n<\/p>\n<div>\n<p>El papa Le\u00f3n XIV nombr\u00f3 el s\u00e1bado (06.07.2025) a Thibault Verny, arzobispo de Chambery (este de Francia), como jefe de la Comisi\u00f3n Pontificia para la Protecci\u00f3n de Menores, en reemplazo del cardenal estadounidense Se\u00e1n Patrick O&#8217;Malley.<\/p>\n<p>Verny era hasta ahora miembro de esa comisi\u00f3n, que lucha contra la pedofilia y los abusos sexuales en la Iglesia, precis\u00f3 el Vaticano en un comunicado.<\/p>\n<p>El panel estuvo dirigido hasta agosto de 2024 por monse\u00f1or O&#8217;Malley, quien renunci\u00f3 por l\u00edmite de edad, al llegar a los 80 a\u00f1os.<\/p>\n<p>\u00abNuestras prioridades se concentrar\u00e1n en el apoyo a las iglesias, en particular las que tienen dificultades para aplicar medidas de protecci\u00f3n adecuadas\u00bb, asegur\u00f3 Verny.<\/p>\n<p>Verny tiene una larga experiencia en ese campo, pues ocup\u00f3 el puesto de presidente del Consejo de Prevenci\u00f3n y Lucha contra la Pedofilia de la Conferencia Episcopal francesa hasta junio pasado.<\/p>\n<p>\u00abSe trata de sensibilizar a las diferentes conferencias episcopales, a las diferentes congregaciones religiosas de los distintos pa\u00edses, sobre la escucha y el acompa\u00f1amiento espec\u00edfico de las v\u00edctimas\u00bb, agreg\u00f3 Verny en una entrevista con <em>Noticias del Vaticano<\/em>sitio de informaci\u00f3n oficial del Vaticano.<\/p>\n<p>\u00abDentro de la Comisi\u00f3n para la Protecci\u00f3n de Menores, es fundamental que haya v\u00edctimas, padres de v\u00edctimas que aporten su experiencia insustituible\u00bb, se\u00f1al\u00f3.<\/p>\n<p>GS (AFP, AP)<\/p>\n<div class=\"vjs-wrapper embed big\">\n<h2 aria-label=\"Video integrado \u2014 El Vaticano promulga ley contra abusos a menores\" class=\"headline\"><svg xmlns=\"http:\/\/www.w3.org\/2000\/svg\" viewbox=\"0 0 20 20\"><g fill-rule=\"evenodd\"><path d=\"M14.114 7.599H13.5l.002 4.706h.601l4.582 3.25-.005-11.11zM11.084 4.444l-9.007.002-1.336.797.002 9.514 1.334.793 9.007.006 1.509-.799-.004-9.516z\"\/><\/g><\/svg>El Vaticano promulga ley contra abusos a menores<\/h2>\n<p><video id=\"video-48122727\" controls=\"\" playsinline=\"\" preload=\"none\" poster=\"data:image\/png;base64,iVBORw0KGgoAAAANSUhEUgAAAAEAAAABCAQAAAC1HAwCAAAAC0lEQVR42mNkYAAAAAYAAjCB0C8AAAAASUVORK5CYII=\" data-id=\"48122727\" data-posterurl=\"https:\/\/tvdownloaddw-a.akamaihd.net\/stills\/images\/js\/js20190329_xsilva19e_image_512x288_3.jpg\" data-duration=\"02:06\"><source src=\"https:\/\/hlsvod.dw.com\/i\/dwtv_video\/flv\/js\/js20190329_xsilva19e_,sd_sor,sd_avc,.mp4.csmil\/master.m3u8\" type=\"application\/x-mpegURL\"><source src=\"https:\/\/tvdownloaddw-a.akamaihd.net\/dwtv_video\/flv\/js\/js20190329_xsilva19e_sd_avc.mp4\" type=\"video\/mp4\"><p class=\"vjs-no-js\">Para ver este video, habilite JavaScript y considere actualizar a un navegador web que admite el video HTML5<\/p>\n<p><\/source><\/source><\/video><\/div>\n<\/div>\n\n","protected":false},"excerpt":{"rendered":"<p>El papa Le\u00f3n XIV nombr\u00f3 el s\u00e1bado (06.07.2025) a Thibault Verny, arzobispo de Chambery (este de Francia), como jefe de la Comisi\u00f3n Pontificia para la Protecci\u00f3n de Menores, en reemplazo del cardenal estadounidense Se\u00e1n Patrick O&#8217;Malley. Verny era hasta ahora miembro de esa comisi\u00f3n, que lucha contra la pedofilia y los abusos sexuales en la &hellip;<\/p>\n","protected":false},"author":1,"featured_media":34729,"comment_status":"open","ping_status":"open","sticky":false,"template":"","format":"standard","meta":{"fifu_image_url":"https:\/\/static.dw.com\/image\/72502616_6.jpg","fifu_image_alt":"","footnotes":""},"categories":[13],"tags":[],"class_list":["post-34728","post","type-post","status-publish","format-standard","has-post-thumbnail","","category-mundo"],"_links":{"self":[{"href":"https:\/\/noticiasveraces.com\/index.php?rest_route=\/wp\/v2\/posts\/34728","targetHints":{"allow":["GET"]}}],"collection":[{"href":"https:\/\/noticiasveraces.com\/index.php?rest_route=\/wp\/v2\/posts"}],"about":[{"href":"https:\/\/noticiasveraces.com\/index.php?rest_route=\/wp\/v2\/types\/post"}],"author":[{"embeddable":true,"href":"https:\/\/noticiasveraces.com\/index.php?rest_route=\/wp\/v2\/users\/1"}],"replies":[{"embeddable":true,"href":"https:\/\/noticiasveraces.com\/index.php?rest_route=%2Fwp%2Fv2%2Fcomments&post=34728"}],"version-history":[{"count":0,"href":"https:\/\/noticiasveraces.com\/index.php?rest_route=\/wp\/v2\/posts\/34728\/revisions"}],"wp:featuredmedia":[{"embeddable":true,"href":"https:\/\/noticiasveraces.com\/index.php?rest_route=\/wp\/v2\/media\/34729"}],"wp:attachment":[{"href":"https:\/\/noticiasveraces.com\/index.php?rest_route=%2Fwp%2Fv2%2Fmedia&parent=34728"}],"wp:term":[{"taxonomy":"category","embeddable":true,"href":"https:\/\/noticiasveraces.com\/index.php?rest_route=%2Fwp%2Fv2%2Fcategories&post=34728"},{"taxonomy":"post_tag","embeddable":true,"href":"https:\/\/noticiasveraces.com\/index.php?rest_route=%2Fwp%2Fv2%2Ftags&post=34728"}],"curies":[{"name":"wp","href":"https:\/\/api.w.org\/{rel}","templated":true}]}}