{"id":34708,"date":"2025-07-05T22:11:19","date_gmt":"2025-07-06T02:11:19","guid":{"rendered":"https:\/\/noticiasveraces.com\/?p=34708"},"modified":"2025-07-05T22:11:19","modified_gmt":"2025-07-06T02:11:19","slug":"mueren-cuatro-alemanes-al-estrellarse-avioneta-en-austria-dw-06-07-2025","status":"publish","type":"post","link":"https:\/\/noticiasveraces.com\/?p=34708","title":{"rendered":"Mueren cuatro alemanes al estrellarse avioneta en Austria \u2013 DW \u2013 06\/07\/2025"},"content":{"rendered":"<p> \n<\/p>\n<div>\n<p>Cuatro ciudadanos alemanes murieron el s\u00e1bado (05.07.2025) al estrellarse una avioneta en el oeste de Austria, informaron las autoridades austr\u00edacas a la televisi\u00f3n p\u00fablica ORF.<\/p>\n<p>Seg\u00fan la polic\u00eda,la aeronave despeg\u00f3 de un aer\u00f3dromo de la localidad alemana de Oberschleissheim, cerca de M\u00fanich, y al momento del accidente hac\u00eda buen tiempo.<\/p>\n<p>Los cuatro pasajeros, tres hombres y una mujer, murieron en el acto y el aeroplano estall\u00f3 en llamas, causando un peque\u00f1o incendio forestal\u00a0que tuvo que ser apagado por los bomberos antes de poder inspeccionar el lugar del accidente.<\/p>\n<figure class=\"placeholder-image master_landscape big\"><img data-format=\"MASTER_LANDSCAPE\" data-id=\"73171479\" data-url=\"https:\/\/static.dw.com\/image\/73171479_${formatId}.jpg\" data-aspect-ratio=\"16\/9\" alt=\"Sitio del accidente de la avioneta de matr\u00edcula alemana, que cay\u00f3 a tierra y se incendi\u00f3 en la regi\u00f3n de Pinzgau, oeste de Austria, el s\u00e1bado 05.07.2025.\" style=\"padding-bottom: 56.25%; height: 0; max-height: 0;\"\/><figcaption class=\"img-caption\">Sitio del accidente de la avioneta de matr\u00edcula alemana, que cay\u00f3 a tierra y se incendi\u00f3 en la regi\u00f3n de Pinzgau, oeste de Austria, el s\u00e1bado 05.07.2025.<small class=\"copyright\">Im\u00e1genes: J\u00fcrgen Masching\/News5\/DPA\/Picture Alliance<\/small><\/figcaption><\/figure>\n<p>Se llam\u00f3 a los servicios de emergencia de la zona de Pinzgau para que ayudaran al rescate de los fallecidos y\u00a0a extinguir las llamas.<\/p>\n<p>A\u00fan se investigan las causas del accidente y la identidad de los pasajeros, se\u00f1al\u00f3 la televisi\u00f3n austr\u00edaca.<\/p>\n<p>GS (DPA, Efe)<\/p>\n<\/div>\n\n","protected":false},"excerpt":{"rendered":"<p>Cuatro ciudadanos alemanes murieron el s\u00e1bado (05.07.2025) al estrellarse una avioneta en el oeste de Austria, informaron las autoridades austr\u00edacas a la televisi\u00f3n p\u00fablica ORF. Seg\u00fan la polic\u00eda,la aeronave despeg\u00f3 de un aer\u00f3dromo de la localidad alemana de Oberschleissheim, cerca de M\u00fanich, y al momento del accidente hac\u00eda buen tiempo. Los cuatro pasajeros, tres hombres &hellip;<\/p>\n","protected":false},"author":1,"featured_media":34709,"comment_status":"open","ping_status":"open","sticky":false,"template":"","format":"standard","meta":{"fifu_image_url":"https:\/\/static.dw.com\/image\/73171449_6.jpg","fifu_image_alt":"","footnotes":""},"categories":[13],"tags":[],"class_list":["post-34708","post","type-post","status-publish","format-standard","has-post-thumbnail","","category-mundo"],"_links":{"self":[{"href":"https:\/\/noticiasveraces.com\/index.php?rest_route=\/wp\/v2\/posts\/34708","targetHints":{"allow":["GET"]}}],"collection":[{"href":"https:\/\/noticiasveraces.com\/index.php?rest_route=\/wp\/v2\/posts"}],"about":[{"href":"https:\/\/noticiasveraces.com\/index.php?rest_route=\/wp\/v2\/types\/post"}],"author":[{"embeddable":true,"href":"https:\/\/noticiasveraces.com\/index.php?rest_route=\/wp\/v2\/users\/1"}],"replies":[{"embeddable":true,"href":"https:\/\/noticiasveraces.com\/index.php?rest_route=%2Fwp%2Fv2%2Fcomments&post=34708"}],"version-history":[{"count":0,"href":"https:\/\/noticiasveraces.com\/index.php?rest_route=\/wp\/v2\/posts\/34708\/revisions"}],"wp:featuredmedia":[{"embeddable":true,"href":"https:\/\/noticiasveraces.com\/index.php?rest_route=\/wp\/v2\/media\/34709"}],"wp:attachment":[{"href":"https:\/\/noticiasveraces.com\/index.php?rest_route=%2Fwp%2Fv2%2Fmedia&parent=34708"}],"wp:term":[{"taxonomy":"category","embeddable":true,"href":"https:\/\/noticiasveraces.com\/index.php?rest_route=%2Fwp%2Fv2%2Fcategories&post=34708"},{"taxonomy":"post_tag","embeddable":true,"href":"https:\/\/noticiasveraces.com\/index.php?rest_route=%2Fwp%2Fv2%2Ftags&post=34708"}],"curies":[{"name":"wp","href":"https:\/\/api.w.org\/{rel}","templated":true}]}}