{"id":34694,"date":"2025-07-05T21:09:59","date_gmt":"2025-07-06T01:09:59","guid":{"rendered":"https:\/\/noticiasveraces.com\/?p=34694"},"modified":"2025-07-05T21:09:59","modified_gmt":"2025-07-06T01:09:59","slug":"australia-golpeado-por-los-ataques-antisemiticos-el-4-de-julio-incluido-el-ataque-de-la-sinagoga-incendiaria","status":"publish","type":"post","link":"https:\/\/noticiasveraces.com\/?p=34694","title":{"rendered":"Australia golpeado por los ataques antisem\u00edticos el 4 de julio, incluido el ataque de la sinagoga incendiaria"},"content":{"rendered":"<p> \n<\/p>\n<div>\n<div class=\"featured featured-video video-ct\" data-v-5f342d4c=\"\"><!----> <\/p>\n<div class=\"contain\" data-v-5f342d4c=\"\">  <!----> <\/p>\n<div class=\"info\" data-v-5f342d4c=\"\">\n<div class=\"caption\" data-v-5f342d4c=\"\">\n<h4 class=\"title\" data-v-5f342d4c=\"\">Australia golpe\u00f3 por ascenso en incidentes antisem\u00edticos<\/h4>\n<p data-v-5f342d4c=\"\">Una sinagoga fue bombardeada en Melbourne la semana pasada y ahora se est\u00e1 investigando como un probable ataque terrorista. El Consejo Ejecutivo de Jud\u00edas Australianas report\u00f3 2.062 incidentes antisemitas en Australia entre el 1 de octubre de 2023 y el 30 de septiembre de 2024. (AP)<\/p>\n<\/div>\n<\/div>\n<\/div>\n<\/div>\n<div id=\"beyondwords-wrapper\" class=\"beyondwords-wrapper\">\n<p><span class=\"label-bg\">NUEVO<\/span>\u00a1Ahora puedes escuchar art\u00edculos de Fox News!\n  <\/p>\n<\/div>\n<p class=\"speakable\">Una serie de ataques antisem\u00edticos en Australia, incluido un ataque incendio contra una sinagoga en Melbourne y una incursi\u00f3n violenta en un restaurante propiedad de Israel, hace que los jud\u00edos en la ciudad australiana que viven con miedo y exigentes funcionarios tomen medidas. <\/p>\n<p class=\"speakable\">El primer ataque ocurri\u00f3 cuando los asaltantes comenzaron un incendio fuera de las puertas exteriores de la congregaci\u00f3n hebrea de East Melbourne. Alrededor de 20 adoradores com\u00edan cena shabat adentro, seg\u00fan SBS News. La polic\u00eda a\u00fan no ha categorizado el incidente un ataque terrorista.<\/p>\n<p>Avi Yemini, reportero jefe de Rebel News Online en Australia, dijo que la r\u00e1pida respuesta de la brigada de bomberos mantuvo \u00abotra sinagoga en esta ciudad por ser destruida en un ataque terrorista, como la bomba de fuego de la sinagoga de Adas Israel el a\u00f1o pasado, que sigue sin resolverse\u00bb.<\/p>\n<p><strong>La comunidad jud\u00eda de Australia se alarm\u00f3 en medio del creciente antisemitismo: &#8216;miedo y ansiedad&#8217;<\/strong><\/p>\n<div class=\"image-ct inline\">\n<div class=\"m\"><picture><source media=\"(max-width: 767px)\" srcset=\"https:\/\/a57.foxnews.com\/static.foxnews.com\/foxnews.com\/content\/uploads\/2025\/07\/343\/192\/arson-attack-melbourne-synagogue-scaled.jpg?ve=1&amp;tl=1, https:\/\/a57.foxnews.com\/static.foxnews.com\/foxnews.com\/content\/uploads\/2025\/07\/686\/384\/arson-attack-melbourne-synagogue-scaled.jpg?ve=1&amp;tl=1 2x\" height=\"192\" width=\"343\"><source media=\"(min-width: 768px) and (max-width: 1023px)\" srcset=\"https:\/\/a57.foxnews.com\/static.foxnews.com\/foxnews.com\/content\/uploads\/2025\/07\/672\/378\/arson-attack-melbourne-synagogue-scaled.jpg?ve=1&amp;tl=1, https:\/\/a57.foxnews.com\/static.foxnews.com\/foxnews.com\/content\/uploads\/2025\/07\/1344\/756\/arson-attack-melbourne-synagogue-scaled.jpg?ve=1&amp;tl=1 2x\" height=\"378\" width=\"672\"><source media=\"(min-width: 1024px) and (max-width: 1279px)\" srcset=\"https:\/\/a57.foxnews.com\/static.foxnews.com\/foxnews.com\/content\/uploads\/2025\/07\/931\/523\/arson-attack-melbourne-synagogue-scaled.jpg?ve=1&amp;tl=1, https:\/\/a57.foxnews.com\/static.foxnews.com\/foxnews.com\/content\/uploads\/2025\/07\/1862\/1046\/arson-attack-melbourne-synagogue-scaled.jpg?ve=1&amp;tl=1 2x\" height=\"523\" width=\"931\"><source media=\"(min-width: 1280px)\" srcset=\"https:\/\/a57.foxnews.com\/static.foxnews.com\/foxnews.com\/content\/uploads\/2025\/07\/720\/405\/arson-attack-melbourne-synagogue-scaled.jpg?ve=1&amp;tl=1, https:\/\/a57.foxnews.com\/static.foxnews.com\/foxnews.com\/content\/uploads\/2025\/07\/1440\/810\/arson-attack-melbourne-synagogue-scaled.jpg?ve=1&amp;tl=1 2x\" height=\"405\" width=\"720\"><img loading=\"lazy\" decoding=\"async\" src=\"https:\/\/a57.foxnews.com\/static.foxnews.com\/foxnews.com\/content\/uploads\/2025\/07\/1200\/675\/arson-attack-melbourne-synagogue-scaled.jpg?ve=1&amp;tl=1\" alt=\"Sinagoga Attack de incendios provocados, Australia.\" width=\"1200\" height=\"675\"\/><\/source><\/source><\/source><\/source><\/picture><\/div>\n<div class=\"info\">\n<div class=\"caption\">\n<p><span>El rabino Dovid Gutnick pasa por alto el exterior del exterior de la congregaci\u00f3n hebrea de Melbourne de Melbourne en Melbourne el s\u00e1bado 5 de julio de 2025, despu\u00e9s de que un incendiario prendi\u00f3 fuego a la puerta.<\/span> <span>(Imagen de James Ross\/AAP a trav\u00e9s de AP)<\/span><\/p>\n<\/div>\n<\/div>\n<\/div>\n<p>M\u00e1s tarde, esa misma noche, unos 20 extremistas enmascarados aterrorizaron a los comensales en el restaurante Miznon, propiedad de Israel. Seg\u00fan el Jerusal\u00e9n Post, los manifestantes cantaron \u00abMuerte a las FDI (Fuerzas de Defensa de Israel)\u00bb y arrojaron sillas y cristaler\u00eda en el restaurante.<\/p>\n<p>Yemeni dijo a Fox News Digital Protesters que estaban \u00abcausando un caos absoluto\u00bb y se intensific\u00f3 \u00aba la violencia contra los clientes y la destrucci\u00f3n de la propiedad, que finalmente envi\u00f3 a los comensales aterrorizados por seguridad\u00bb. <\/p>\n<div class=\"image-ct inline\">\n<div class=\"m\"><picture><source media=\"(max-width: 767px)\" srcset=\"https:\/\/a57.foxnews.com\/static.foxnews.com\/foxnews.com\/content\/uploads\/2025\/07\/343\/192\/israeli-restaurant-attacked-melbourne-scaled.jpg?ve=1&amp;tl=1, https:\/\/a57.foxnews.com\/static.foxnews.com\/foxnews.com\/content\/uploads\/2025\/07\/686\/384\/israeli-restaurant-attacked-melbourne-scaled.jpg?ve=1&amp;tl=1 2x\" height=\"192\" width=\"343\"><source media=\"(min-width: 768px) and (max-width: 1023px)\" srcset=\"https:\/\/a57.foxnews.com\/static.foxnews.com\/foxnews.com\/content\/uploads\/2025\/07\/672\/378\/israeli-restaurant-attacked-melbourne-scaled.jpg?ve=1&amp;tl=1, https:\/\/a57.foxnews.com\/static.foxnews.com\/foxnews.com\/content\/uploads\/2025\/07\/1344\/756\/israeli-restaurant-attacked-melbourne-scaled.jpg?ve=1&amp;tl=1 2x\" height=\"378\" width=\"672\"><source media=\"(min-width: 1024px) and (max-width: 1279px)\" srcset=\"https:\/\/a57.foxnews.com\/static.foxnews.com\/foxnews.com\/content\/uploads\/2025\/07\/931\/523\/israeli-restaurant-attacked-melbourne-scaled.jpg?ve=1&amp;tl=1, https:\/\/a57.foxnews.com\/static.foxnews.com\/foxnews.com\/content\/uploads\/2025\/07\/1862\/1046\/israeli-restaurant-attacked-melbourne-scaled.jpg?ve=1&amp;tl=1 2x\" height=\"523\" width=\"931\"><source media=\"(min-width: 1280px)\" srcset=\"https:\/\/a57.foxnews.com\/static.foxnews.com\/foxnews.com\/content\/uploads\/2025\/07\/720\/405\/israeli-restaurant-attacked-melbourne-scaled.jpg?ve=1&amp;tl=1, https:\/\/a57.foxnews.com\/static.foxnews.com\/foxnews.com\/content\/uploads\/2025\/07\/1440\/810\/israeli-restaurant-attacked-melbourne-scaled.jpg?ve=1&amp;tl=1 2x\" height=\"405\" width=\"720\"><img loading=\"lazy\" decoding=\"async\" src=\"https:\/\/a57.foxnews.com\/static.foxnews.com\/foxnews.com\/content\/uploads\/2025\/07\/1200\/675\/israeli-restaurant-attacked-melbourne-scaled.jpg?ve=1&amp;tl=1\" alt=\"El restaurante israel\u00ed atac\u00f3 en Melbourne.\" width=\"1200\" height=\"675\"\/><\/source><\/source><\/source><\/source><\/picture><\/div>\n<div class=\"info\">\n<div class=\"caption\">\n<p><span>La polic\u00eda escolta a los manifestantes anti-israel\u00ed fuera de un restaurante israel\u00ed, Miznon, en Hardware Lane en Melbourne, el viernes 4 de julio de 2025.<\/span> <span>(AAP Image\/ Josh Stanyer\/ Via Reuters)<\/span><\/p>\n<\/div>\n<\/div>\n<\/div>\n<p>Un manifestante fue arrestado por la polic\u00eda de Victoria, pero fue liberado y emiti\u00f3 una citaci\u00f3n.<\/p>\n<p><strong><u>Reg\u00edstrese en un bolet\u00edn expuesto antisemitismo<\/u><\/strong><\/p>\n<p>SBS News tambi\u00e9n inform\u00f3 que la polic\u00eda de Victoria est\u00e1 investigando un tercer incidente, en el que los delincuentes prendieron fuego a tres veh\u00edculos, destruyeron uno y pintaron un muro cercano. Un comandante de la polic\u00eda se neg\u00f3 a decir si el contenido de la pintura era antisemita, pero describi\u00f3 los tres incidentes que conten\u00edan \u00abinferencias de antisemitismo\u00bb. <\/p>\n<p>Alex Ryvchin, co-CEO del Consejo Ejecutivo de Jud\u00eda Australiana (ECAJ), emiti\u00f3 una declaraci\u00f3n sobre X e inst\u00f3 a que \u00abtodos los lados de la pol\u00edtica y todos los australianos condenaran estos cr\u00edmenes deplorables\u00bb. <\/p>\n<p>\u00abAquellos que cantan por la muerte no son activistas de la paz. Aquellos que quemar\u00edan casas de oraci\u00f3n con familias dentro no buscan el fin de la guerra\u00bb, dijo Ryvchin. <\/p>\n<p>Observando la \u00abideolog\u00eda violenta en el trabajo en nuestro pa\u00eds que opera al margen de la pol\u00edtica y los movimientos sociales\u00bb, Ryvchin dijo que \u00ablos responsables no pueden ser razonados o apaciguados. Deben enfrentarse con toda la fuerza de la ley\u00bb.<\/p>\n<div class=\"image-ct inline\">\n<div class=\"m\"><picture><source media=\"(max-width: 767px)\" srcset=\"https:\/\/a57.foxnews.com\/static.foxnews.com\/foxnews.com\/content\/uploads\/2024\/12\/343\/192\/melbourne1.jpg?ve=1&amp;tl=1, https:\/\/a57.foxnews.com\/static.foxnews.com\/foxnews.com\/content\/uploads\/2024\/12\/686\/384\/melbourne1.jpg?ve=1&amp;tl=1 2x\" height=\"192\" width=\"343\"><source media=\"(min-width: 768px) and (max-width: 1023px)\" srcset=\"https:\/\/a57.foxnews.com\/static.foxnews.com\/foxnews.com\/content\/uploads\/2024\/12\/672\/378\/melbourne1.jpg?ve=1&amp;tl=1, https:\/\/a57.foxnews.com\/static.foxnews.com\/foxnews.com\/content\/uploads\/2024\/12\/1344\/756\/melbourne1.jpg?ve=1&amp;tl=1 2x\" height=\"378\" width=\"672\"><source media=\"(min-width: 1024px) and (max-width: 1279px)\" srcset=\"https:\/\/a57.foxnews.com\/static.foxnews.com\/foxnews.com\/content\/uploads\/2024\/12\/931\/523\/melbourne1.jpg?ve=1&amp;tl=1, https:\/\/a57.foxnews.com\/static.foxnews.com\/foxnews.com\/content\/uploads\/2024\/12\/1862\/1046\/melbourne1.jpg?ve=1&amp;tl=1 2x\" height=\"523\" width=\"931\"><source media=\"(min-width: 1280px)\" srcset=\"https:\/\/a57.foxnews.com\/static.foxnews.com\/foxnews.com\/content\/uploads\/2024\/12\/720\/405\/melbourne1.jpg?ve=1&amp;tl=1, https:\/\/a57.foxnews.com\/static.foxnews.com\/foxnews.com\/content\/uploads\/2024\/12\/1440\/810\/melbourne1.jpg?ve=1&amp;tl=1 2x\" height=\"405\" width=\"720\"><img loading=\"lazy\" decoding=\"async\" src=\"https:\/\/a57.foxnews.com\/static.foxnews.com\/foxnews.com\/content\/uploads\/2024\/12\/1200\/675\/melbourne1.jpg?ve=1&amp;tl=1\" alt=\"Sinagoga de Melbourne\" width=\"1200\" height=\"675\"\/><\/source><\/source><\/source><\/source><\/picture><\/div>\n<div class=\"info\">\n<div class=\"caption\">\n<p><span>Un miembro de la comunidad jud\u00eda recupera un elemento de la sinagoga ADAS Israel el 6 de diciembre de 2024 en Melbourne, Australia.<\/span> <span>(Sankanka Ratnayake\/Getty Images))<\/span><\/p>\n<\/div>\n<\/div>\n<\/div>\n<p><strong>Enfermeras suspendidas despu\u00e9s de un video viral amenazando con matar al hombre israel\u00ed: Departamento de Salud de Australia<\/strong><\/p>\n<p>Yemini dijo que los ataques del viernes demuestran c\u00f3mo se han vuelto los manifestantes \u00abenvalentonados\u00bb. <\/p>\n<p>\u00abDesde el 7 de octubre, la polic\u00eda de Victoria, bajo la direcci\u00f3n del gobierno, ha permitido que los manifestantes antiisrael\u00edes tengan como reh\u00e9n de Melbourne\u00bb, dijo. <\/p>\n<div class=\"image-ct inline\">\n<div class=\"m\"><picture><source media=\"(max-width: 767px)\" srcset=\"https:\/\/a57.foxnews.com\/static.foxnews.com\/foxnews.com\/content\/uploads\/2025\/07\/343\/192\/melbourne-arson-attack-synagogue.jpg?ve=1&amp;tl=1, https:\/\/a57.foxnews.com\/static.foxnews.com\/foxnews.com\/content\/uploads\/2025\/07\/686\/384\/melbourne-arson-attack-synagogue.jpg?ve=1&amp;tl=1 2x\" height=\"192\" width=\"343\"><source media=\"(min-width: 768px) and (max-width: 1023px)\" srcset=\"https:\/\/a57.foxnews.com\/static.foxnews.com\/foxnews.com\/content\/uploads\/2025\/07\/672\/378\/melbourne-arson-attack-synagogue.jpg?ve=1&amp;tl=1, https:\/\/a57.foxnews.com\/static.foxnews.com\/foxnews.com\/content\/uploads\/2025\/07\/1344\/756\/melbourne-arson-attack-synagogue.jpg?ve=1&amp;tl=1 2x\" height=\"378\" width=\"672\"><source media=\"(min-width: 1024px) and (max-width: 1279px)\" srcset=\"https:\/\/a57.foxnews.com\/static.foxnews.com\/foxnews.com\/content\/uploads\/2025\/07\/931\/523\/melbourne-arson-attack-synagogue.jpg?ve=1&amp;tl=1, https:\/\/a57.foxnews.com\/static.foxnews.com\/foxnews.com\/content\/uploads\/2025\/07\/1862\/1046\/melbourne-arson-attack-synagogue.jpg?ve=1&amp;tl=1 2x\" height=\"523\" width=\"931\"><source media=\"(min-width: 1280px)\" srcset=\"https:\/\/a57.foxnews.com\/static.foxnews.com\/foxnews.com\/content\/uploads\/2025\/07\/720\/405\/melbourne-arson-attack-synagogue.jpg?ve=1&amp;tl=1, https:\/\/a57.foxnews.com\/static.foxnews.com\/foxnews.com\/content\/uploads\/2025\/07\/1440\/810\/melbourne-arson-attack-synagogue.jpg?ve=1&amp;tl=1 2x\" height=\"405\" width=\"720\"><img loading=\"lazy\" decoding=\"async\" src=\"https:\/\/a57.foxnews.com\/static.foxnews.com\/foxnews.com\/content\/uploads\/2025\/07\/1200\/675\/melbourne-arson-attack-synagogue.jpg?ve=1&amp;tl=1\" alt=\"Ataque de la sinagoga en Melbourne, Australia.\" width=\"1200\" height=\"675\"\/><\/source><\/source><\/source><\/source><\/picture><\/div>\n<div class=\"info\">\n<div class=\"caption\">\n<p><span>Da\u00f1o de fuego en la entrada de la sinagoga en Melbourne, Australia, 4 de julio de 2025. <\/span> <span>(Alex Zucco\/SOPA Images\/LighTrocket a trav\u00e9s de Getty Images)<\/span><\/p>\n<\/div>\n<\/div>\n<\/div>\n<p>Gideon Sa&#8217;ar, el Ministro de Asuntos Exteriores israel\u00edes, tambi\u00e9n conden\u00f3 fuertemente los ataques, diciendo que \u00abha habido demasiados ataques antisemitas en Australia\u00bb, y pidi\u00f3 al gobierno australiano que \u00abhaga m\u00e1s para combatir esta enfermedad venenosa\u00bb.<\/p>\n<p><strong>Haga clic aqu\u00ed para obtener la aplicaci\u00f3n Fox News<\/strong><\/p>\n<p>Entre el 1 de octubre de 2023 y el 30 de septiembre de 2024, el Ecaj cont\u00f3 2.062 incidentes antisem\u00edticos en Australia.<\/p>\n<p> <!----> <\/p>\n<div class=\"article-meta\">\n<div class=\"author-bio\">\n<p>Beth Bailey es una reportera que cubre Afganist\u00e1n, Oriente Medio, Asia y Am\u00e9rica Central. Anteriormente fue analista de inteligencia civil del Departamento del Ej\u00e9rcito. Puedes seguir a Beth en Twitter @bwbailey85<\/p>\n<\/div>\n<\/div>\n<\/div>\n\n","protected":false},"excerpt":{"rendered":"<p>Australia golpe\u00f3 por ascenso en incidentes antisem\u00edticos Una sinagoga fue bombardeada en Melbourne la semana pasada y ahora se est\u00e1 investigando como un probable ataque terrorista. El Consejo Ejecutivo de Jud\u00edas Australianas report\u00f3 2.062 incidentes antisemitas en Australia entre el 1 de octubre de 2023 y el 30 de septiembre de 2024. (AP) NUEVO\u00a1Ahora puedes &hellip;<\/p>\n","protected":false},"author":1,"featured_media":34696,"comment_status":"open","ping_status":"open","sticky":false,"template":"","format":"standard","meta":{"fifu_image_url":"https:\/\/static.foxnews.com\/foxnews.com\/content\/uploads\/2025\/07\/israeli-restaurant-attacked-melbourne-scaled.jpg","fifu_image_alt":"","footnotes":""},"categories":[13],"tags":[],"class_list":["post-34694","post","type-post","status-publish","format-standard","has-post-thumbnail","","category-mundo"],"_links":{"self":[{"href":"https:\/\/noticiasveraces.com\/index.php?rest_route=\/wp\/v2\/posts\/34694","targetHints":{"allow":["GET"]}}],"collection":[{"href":"https:\/\/noticiasveraces.com\/index.php?rest_route=\/wp\/v2\/posts"}],"about":[{"href":"https:\/\/noticiasveraces.com\/index.php?rest_route=\/wp\/v2\/types\/post"}],"author":[{"embeddable":true,"href":"https:\/\/noticiasveraces.com\/index.php?rest_route=\/wp\/v2\/users\/1"}],"replies":[{"embeddable":true,"href":"https:\/\/noticiasveraces.com\/index.php?rest_route=%2Fwp%2Fv2%2Fcomments&post=34694"}],"version-history":[{"count":0,"href":"https:\/\/noticiasveraces.com\/index.php?rest_route=\/wp\/v2\/posts\/34694\/revisions"}],"wp:featuredmedia":[{"embeddable":true,"href":"https:\/\/noticiasveraces.com\/index.php?rest_route=\/wp\/v2\/media\/34696"}],"wp:attachment":[{"href":"https:\/\/noticiasveraces.com\/index.php?rest_route=%2Fwp%2Fv2%2Fmedia&parent=34694"}],"wp:term":[{"taxonomy":"category","embeddable":true,"href":"https:\/\/noticiasveraces.com\/index.php?rest_route=%2Fwp%2Fv2%2Fcategories&post=34694"},{"taxonomy":"post_tag","embeddable":true,"href":"https:\/\/noticiasveraces.com\/index.php?rest_route=%2Fwp%2Fv2%2Ftags&post=34694"}],"curies":[{"name":"wp","href":"https:\/\/api.w.org\/{rel}","templated":true}]}}