{"id":34688,"date":"2025-07-05T19:35:25","date_gmt":"2025-07-05T23:35:25","guid":{"rendered":"https:\/\/noticiasveraces.com\/?p=34688"},"modified":"2025-07-05T19:35:25","modified_gmt":"2025-07-05T23:35:25","slug":"diez-maneras-de-vivir-el-orgullo-2025-en-madrid-lgtbiq","status":"publish","type":"post","link":"https:\/\/noticiasveraces.com\/?p=34688","title":{"rendered":"Diez maneras de vivir el Orgullo 2025 en Madrid | LGTBIQ+"},"content":{"rendered":"<p> \n<\/p>\n<div data-dtm-region=\"articulo_cuerpo\">\n<p class=\"\">La manifestaci\u00f3n estatal por el Orgullo LGTBI+ ha recorrido el centro de Madrid bajo el lema <i>20 a\u00f1os avanzando en derechos: Ni un paso atr\u00e1s.<\/i> En la manifestaci\u00f3n reivindicativa, y en la posterior celebraci\u00f3n, han participado los diez protagonistas de este reportaje. Todos hablan de la necesidad de \u201cdefender los avances conseguidos\u201d ante el auge de la extrema derecha. De ah\u00ed que no hayan querido faltar al Orgullo m\u00e1s multitudinario de Europa y uno de los m\u00e1s famosos del mundo.<\/p>\n<figure class=\"a_m a_m-h \"><span class=\"_db a_m_w _pr lb_btn\"><img alt=\"Miguel Baya, durante el Orgullo en Madrid.\" decoding=\"auto\" class=\"_re lazyload a_m-h\" height=\"277\" srcset=\"https:\/\/imagenes.elpais.com\/resizer\/v2\/CSDYXB6NUFF5HHNX5SOPMKRIUI.jpg?auth=c3f4a59321a83801edc836e06f0d84f6ec560b436f3013b6a820fd496b353b9d&amp;width=414 414w,https:\/\/imagenes.elpais.com\/resizer\/v2\/CSDYXB6NUFF5HHNX5SOPMKRIUI.jpg?auth=c3f4a59321a83801edc836e06f0d84f6ec560b436f3013b6a820fd496b353b9d&amp;width=828 640w,https:\/\/imagenes.elpais.com\/resizer\/v2\/CSDYXB6NUFF5HHNX5SOPMKRIUI.jpg?auth=c3f4a59321a83801edc836e06f0d84f6ec560b436f3013b6a820fd496b353b9d&amp;width=980 1000w,https:\/\/imagenes.elpais.com\/resizer\/v2\/CSDYXB6NUFF5HHNX5SOPMKRIUI.jpg?auth=c3f4a59321a83801edc836e06f0d84f6ec560b436f3013b6a820fd496b353b9d&amp;width=1960 1960w\" width=\"414\" sizes=\"auto, (min-width:1199px) 1155px,(min-width:1001px) calc(100vw - 44px),(min-width:768px) 767px, 100vw\" src=\"https:\/\/imagenes.elpais.com\/resizer\/v2\/CSDYXB6NUFF5HHNX5SOPMKRIUI.jpg?auth=c3f4a59321a83801edc836e06f0d84f6ec560b436f3013b6a820fd496b353b9d&amp;width=414\" loading=\"lazy\"\/><svg aria-hidden=\"true\" class=\"icon_multimedia_ampliar | _pa a_m_i a_m_i-a _dn\" viewbox=\"0 0 40 40\"><use xlink:href=\"#svg-ampliar\"\/><\/svg><\/span><figcaption class=\"a_m_p\" aria-hidden=\"true\"><span>Miguel Baya, durante el Orgullo en Madrid.<\/span><span class=\"a_m_m\">Amelia Molina<\/span><\/figcaption><\/figure>\n<h3 class=\"\"><b>Miguel Baya, gay de 54 a\u00f1os: \u201cMe aterra el retroceso que est\u00e1 impulsando la extrema derecha\u201d<\/b><\/h3>\n<p class=\"\">Hace 10 a\u00f1os que Miguel Baya, 54 a\u00f1os, viaja con sus primos y amigos desde Barcelona a Madrid para acudir al Orgullo de la capital. \u201cEste a\u00f1o est\u00e1 m\u00e1s vac\u00edo, me aterra el retroceso que est\u00e1 impulsando la extrema derecha\u201c, apunta.<\/p>\n<p class=\"\">Trabaja en una aerol\u00ednea y explica que su orientaci\u00f3n sexual nunca le ha supuesto un problema en el trabajo, aunque advierte que desde hace unos a\u00f1os mide m\u00e1s sus palabras: \u201cCon la polarizaci\u00f3n actual tengo ahora m\u00e1s miedo que nunca\u201d.<\/p>\n<p class=\"\">Lleva 16 a\u00f1os con su novio. Son pareja de hecho y a\u00fan no se han casado \u201cpor el desembolso econ\u00f3mico\u201d que supone. \u201cNo dudar\u00eda en hacerlo si viera amenazados los derechos, agrega. Para Baya lo m\u00e1s caracter\u00edstico del Orgullo de Madrid es su ambiente. Y a\u00f1ade. \u201cMe parece un logro que se siga manteniendo en el clima pol\u00edtico europeo actual\u201d. <b>Por L.B.<\/b><\/p>\n<figure class=\"a_m a_m-h \"><span class=\"_db a_m_w _pr lb_btn\"><img alt=\"Coni, durante el Orgullo en Madrid.\" decoding=\"auto\" class=\"_re lazyload a_m-h\" height=\"276\" srcset=\"https:\/\/imagenes.elpais.com\/resizer\/v2\/HC7XYAZNUFBDZNDGEEV5AOSMGM.jpg?auth=ef0287f7d67f4aa806ffc5d4c120e9aea7dfcdf4d271aaa903456ad0101eb5b8&amp;width=414 414w,https:\/\/imagenes.elpais.com\/resizer\/v2\/HC7XYAZNUFBDZNDGEEV5AOSMGM.jpg?auth=ef0287f7d67f4aa806ffc5d4c120e9aea7dfcdf4d271aaa903456ad0101eb5b8&amp;width=828 640w,https:\/\/imagenes.elpais.com\/resizer\/v2\/HC7XYAZNUFBDZNDGEEV5AOSMGM.jpg?auth=ef0287f7d67f4aa806ffc5d4c120e9aea7dfcdf4d271aaa903456ad0101eb5b8&amp;width=980 1000w,https:\/\/imagenes.elpais.com\/resizer\/v2\/HC7XYAZNUFBDZNDGEEV5AOSMGM.jpg?auth=ef0287f7d67f4aa806ffc5d4c120e9aea7dfcdf4d271aaa903456ad0101eb5b8&amp;width=1960 1960w\" width=\"414\" sizes=\"auto, (min-width:1199px) 1155px,(min-width:1001px) calc(100vw - 44px),(min-width:768px) 767px, 100vw\" src=\"https:\/\/imagenes.elpais.com\/resizer\/v2\/HC7XYAZNUFBDZNDGEEV5AOSMGM.jpg?auth=ef0287f7d67f4aa806ffc5d4c120e9aea7dfcdf4d271aaa903456ad0101eb5b8&amp;width=414\" loading=\"lazy\"\/><svg aria-hidden=\"true\" class=\"icon_multimedia_ampliar | _pa a_m_i a_m_i-a _dn\" viewbox=\"0 0 40 40\"><use xlink:href=\"#svg-ampliar\"\/><\/svg><\/span><figcaption class=\"a_m_p\" aria-hidden=\"true\"><span>Coni, durante el Orgullo en Madrid.<\/span><span class=\"a_m_m\">Amelia Molina<\/span><\/figcaption><\/figure>\n<h3 class=\"\"><b>Coni, mujer asexual de 30 a\u00f1os: \u201cNo conecto con las personas a trav\u00e9s del sexo\u201d<\/b><\/h3>\n<p class=\"\">Con 16 a\u00f1os, cuando sus amigas y amigos empezaron a salir de fiesta, a tener citas y a conocer gente, Coni se dio cuenta de que \u201cno ten\u00eda ni deseo ni atracci\u00f3n, nada me llamaba la atenci\u00f3n\u201d. A partir de ese momento, comenz\u00f3 a investigar, a recabar informaci\u00f3n y a acudir a sesiones con el psic\u00f3logo de mi colegio: \u201cMe di cuenta de que era asexual\u201d, cuenta. Como tal, no siente atracci\u00f3n sexual hacia otras personas.<\/p>\n<p class=\"\">Cuando se mud\u00f3 de su Chile natal a Espa\u00f1a, hace cuatro a\u00f1os, se dio cuenta de que, adem\u00e1s de asexual, tambi\u00e9n era bi. Ella es asexual en tanto que no siente atracci\u00f3n f\u00edsica y sexual hacia otras personas, pero es bisexual porque s\u00ed que experimenta atracci\u00f3n rom\u00e1ntica y afectiva hacia hombres y mujeres. \u201cConecto con las personas\u201d, se define a s\u00ed misma.<\/p>\n<p class=\"\"> \u201cEs complicado ser bisexual y asexual por la bifobia. Por esto de que existe el clich\u00e9 de que a los bisexuales les gusta mucho el sexo y tienen muchas relaciones sexuales. Adem\u00e1s, las lesbianas me dibujan como una lesbiana reprimida, mientras que los heteros dicen que soy curiosa. Lo que yo soy asexual, y si bien s\u00ed puedo tener relaciones sexuales, no las necesito. No son una prioridad\u201d explica.<\/p>\n<p class=\"\">Est\u00e1 sentada en el c\u00e9sped, en el paseo del Prado, a la espera de que pasen las carrozas del Orgullo. A Coni le preocupa \u201cel auge del conservadurismo y de las limitaciones que se le imponen a las personas trans\u201d. <b>Por A.I.<\/b><\/p>\n<figure class=\"a_m a_m-h \"><span class=\"_db a_m_w _pr lb_btn\"><img alt=\"Nagore, este s\u00e1bado en la marcha del Orgullo en Madrid.\" decoding=\"auto\" class=\"_re lazyload a_m-h\" height=\"255\" srcset=\"https:\/\/imagenes.elpais.com\/resizer\/v2\/LVQK53ZJS5BYRNLF73TDNDPFYA.jpg?auth=48de6d79ca96135a167b664c177ad0d93b561babbdced5dc87fb584f362cf9c2&amp;width=414 414w,https:\/\/imagenes.elpais.com\/resizer\/v2\/LVQK53ZJS5BYRNLF73TDNDPFYA.jpg?auth=48de6d79ca96135a167b664c177ad0d93b561babbdced5dc87fb584f362cf9c2&amp;width=828 640w,https:\/\/imagenes.elpais.com\/resizer\/v2\/LVQK53ZJS5BYRNLF73TDNDPFYA.jpg?auth=48de6d79ca96135a167b664c177ad0d93b561babbdced5dc87fb584f362cf9c2&amp;width=980 1000w,https:\/\/imagenes.elpais.com\/resizer\/v2\/LVQK53ZJS5BYRNLF73TDNDPFYA.jpg?auth=48de6d79ca96135a167b664c177ad0d93b561babbdced5dc87fb584f362cf9c2&amp;width=1960 1960w\" width=\"414\" sizes=\"auto, (min-width:1199px) 1155px,(min-width:1001px) calc(100vw - 44px),(min-width:768px) 767px, 100vw\" src=\"https:\/\/imagenes.elpais.com\/resizer\/v2\/LVQK53ZJS5BYRNLF73TDNDPFYA.jpg?auth=48de6d79ca96135a167b664c177ad0d93b561babbdced5dc87fb584f362cf9c2&amp;width=414\" loading=\"lazy\"\/><svg aria-hidden=\"true\" class=\"icon_multimedia_ampliar | _pa a_m_i a_m_i-a _dn\" viewbox=\"0 0 40 40\"><use xlink:href=\"#svg-ampliar\"\/><\/svg><\/span><figcaption class=\"a_m_p\" aria-hidden=\"true\"><span>Nagore, este s\u00e1bado en la marcha del Orgullo en Madrid.<\/span><span class=\"a_m_m\">Amelia Molina<\/span><\/figcaption><\/figure>\n<h3 class=\"\"><b>Nagore, lesbiana de 13 a\u00f1os. \u201cEn casa no tuve problema; en el cole sufr\u00ed acoso\u201d<\/b><\/h3>\n<p class=\"\">Desde peque\u00f1a, Nagore tuvo claro que no le interesaban, ni rom\u00e1ntica ni sexualmente, los hombres. \u201cEran mis amigos y jugaba con ellos al f\u00fatbol, pero nada m\u00e1s\u201d. Poco a poco, fue d\u00e1ndose cuenta de que se sent\u00eda atra\u00edda por las chicas y de que era parte del colectivo LGTBIQ+: \u201cMe di cuenta de que era lesbiana\u201d.<\/p>\n<p class=\"\">Al tener clara su orientaci\u00f3n sexual desde una temprana edad, nunca tuvo que \u201csalir del armario\u201d. En casa, con sus padres, no tuvo ning\u00fan problema al comunicar su orientaci\u00f3n: \u201cMi madre es bisexual\u201d. Sin embargo, en el colegio y el instituto las cosas no fueron f\u00e1ciles. \u201cSufr\u00ed acoso, sobre todo por mi corte de pelo [corto]pero no me arrepiento\u201d.<\/p>\n<p class=\"\">Este es el segundo Orgullo al que viene Nagore y lo hace por un motivo: \u201cQuiero que la gente no tenga miedo de lo que pueden pensar otras personas\u201d. Tambi\u00e9n porque considera el Orgullo necesario, \u201cquiero que siga haci\u00e9ndose y que siga siendo as\u00ed de bonito\u201d. <b>Por A.I.<\/b><\/p>\n<figure class=\"a_m a_m-h \"><span class=\"_db a_m_w _pr lb_btn\"><img alt=\"David P\u00e9rez, durante el Orgullo en Madrid.\" decoding=\"auto\" class=\"_re lazyload a_m-h\" height=\"276\" srcset=\"https:\/\/imagenes.elpais.com\/resizer\/v2\/K3L7SWZUDVAMVOXABDJJUDKNHI.jpg?auth=97ddc1ce1d9e8b944f4ddd2895a2e34f04ac32b1e985d5e1ada4d663446fdf0c&amp;width=414 414w,https:\/\/imagenes.elpais.com\/resizer\/v2\/K3L7SWZUDVAMVOXABDJJUDKNHI.jpg?auth=97ddc1ce1d9e8b944f4ddd2895a2e34f04ac32b1e985d5e1ada4d663446fdf0c&amp;width=828 640w,https:\/\/imagenes.elpais.com\/resizer\/v2\/K3L7SWZUDVAMVOXABDJJUDKNHI.jpg?auth=97ddc1ce1d9e8b944f4ddd2895a2e34f04ac32b1e985d5e1ada4d663446fdf0c&amp;width=980 1000w,https:\/\/imagenes.elpais.com\/resizer\/v2\/K3L7SWZUDVAMVOXABDJJUDKNHI.jpg?auth=97ddc1ce1d9e8b944f4ddd2895a2e34f04ac32b1e985d5e1ada4d663446fdf0c&amp;width=1960 1960w\" width=\"414\" sizes=\"auto, (min-width:1199px) 1155px,(min-width:1001px) calc(100vw - 44px),(min-width:768px) 767px, 100vw\" src=\"https:\/\/imagenes.elpais.com\/resizer\/v2\/K3L7SWZUDVAMVOXABDJJUDKNHI.jpg?auth=97ddc1ce1d9e8b944f4ddd2895a2e34f04ac32b1e985d5e1ada4d663446fdf0c&amp;width=414\" loading=\"lazy\"\/><svg aria-hidden=\"true\" class=\"icon_multimedia_ampliar | _pa a_m_i a_m_i-a _dn\" viewbox=\"0 0 40 40\"><use xlink:href=\"#svg-ampliar\"\/><\/svg><\/span><figcaption class=\"a_m_p\" aria-hidden=\"true\"><span>David P\u00e9rez, durante el Orgullo en Madrid.<\/span><span class=\"a_m_m\">Amelia Molina<\/span><\/figcaption><\/figure>\n<h3 class=\"\"><b>David P\u00e9rez Alonso, bisexual de 30 a\u00f1os: \u201cSe pueden perder muchos derechos dependiendo qui\u00e9n gobierne\u201d<\/b><\/h3>\n<p class=\"\">Es el quinto a\u00f1o que David P\u00e9rez Alonso (30 a\u00f1os, Barcelona) viene al Orgullo de Madrid. Desde los 16 se identifica como bisexual y se alegra de ver c\u00f3mo la cita madrile\u00f1a es cada vez m\u00e1s multitudinaria. \u201cEs alegr\u00eda. Nada lo puede definir mejor. Ver a toda esta gente junta, incluso personas que no son parte de la comunidad, pero nos apoya\u201d, cuenta.<\/p>\n<p class=\"\">Ha venido a la manifestaci\u00f3n con una decena de amigos. Considera que son \u201cmomentos complicados\u201d para el colectivo LGTBIQ+. \u201cSe pueden perder muchos derechos dependiendo qui\u00e9n llegue al gobierno\u201d, plantea. \u201cEs un buen momento para mostrarse fuertes, unidos y dejar claro que lo que nos hemos ganado no se puede quitar\u201d, afirma.<\/p>\n<p class=\"\">P\u00e9rez no ha sufrido <i>bifobia<\/i> en su entorno, ni con su familia ni con amigos. \u201cNunca me han criticado nada. M\u00e1s me han se\u00f1alado por ser friki y gustarme los videojuegos\u201d, dice entre risas. A pesar de ello, considera necesario visibilizar m\u00e1s la bisexualidad, porque s\u00ed que se encuentra con gente que se lo cuestionan: \u201cMe dicen: \u2018T\u00fa no eres bisexual, t\u00fa eres hetero, pero te gusta pas\u00e1rtelo bien\u201d. <b>Por FR<\/b><\/p>\n<figure class=\"a_m a_m-h \"><span class=\"_db a_m_w _pr lb_btn\"><img alt=\"Estefany P\u00e9rez, durante el Orgullo en Madrid.\" decoding=\"auto\" class=\"_re lazyload a_m-h\" height=\"277\" srcset=\"https:\/\/imagenes.elpais.com\/resizer\/v2\/TXOAWQMQQRCSBK2O2XEH7KE22Y.jpg?auth=5b7fa922e9b01d856eb5679a891bc2917e39d4d2a6a633dcda54dfe2a19c68bf&amp;width=414 414w,https:\/\/imagenes.elpais.com\/resizer\/v2\/TXOAWQMQQRCSBK2O2XEH7KE22Y.jpg?auth=5b7fa922e9b01d856eb5679a891bc2917e39d4d2a6a633dcda54dfe2a19c68bf&amp;width=828 640w,https:\/\/imagenes.elpais.com\/resizer\/v2\/TXOAWQMQQRCSBK2O2XEH7KE22Y.jpg?auth=5b7fa922e9b01d856eb5679a891bc2917e39d4d2a6a633dcda54dfe2a19c68bf&amp;width=980 1000w,https:\/\/imagenes.elpais.com\/resizer\/v2\/TXOAWQMQQRCSBK2O2XEH7KE22Y.jpg?auth=5b7fa922e9b01d856eb5679a891bc2917e39d4d2a6a633dcda54dfe2a19c68bf&amp;width=1960 1960w\" width=\"414\" sizes=\"auto, (min-width:1199px) 1155px,(min-width:1001px) calc(100vw - 44px),(min-width:768px) 767px, 100vw\" src=\"https:\/\/imagenes.elpais.com\/resizer\/v2\/TXOAWQMQQRCSBK2O2XEH7KE22Y.jpg?auth=5b7fa922e9b01d856eb5679a891bc2917e39d4d2a6a633dcda54dfe2a19c68bf&amp;width=414\" loading=\"lazy\"\/><svg aria-hidden=\"true\" class=\"icon_multimedia_ampliar | _pa a_m_i a_m_i-a _dn\" viewbox=\"0 0 40 40\"><use xlink:href=\"#svg-ampliar\"\/><\/svg><\/span><figcaption class=\"a_m_p\" aria-hidden=\"true\"><span>Estefany P\u00e9rez, durante el Orgullo en Madrid.<\/span><span class=\"a_m_m\">Amelia Molina<\/span><\/figcaption><\/figure>\n<p class=\"\"><b>Estefany P\u00e9rez, mujer trans de 30 a\u00f1os: \u201cUna vez tu madre te acepta ya todo da igual\u201d<\/b><\/p>\n<p class=\"\">Estefany P\u00e9rez lleva solo 15 d\u00edas en Madrid y este es su primer Orgullo como mujer trans. Hace tres a\u00f1os que empez\u00f3 su transici\u00f3n, tras ganar un certamen de Miss Trans en Colombia. P\u00e9rez naci\u00f3 en Barinas (Venezuela) y cuando acab\u00f3 la carrera emigr\u00f3 a Colombia \u201cpor la situaci\u00f3n pol\u00edtica\u201d. All\u00ed se decidi\u00f3 a participar en el concurso.<\/p>\n<p class=\"\">Desde peque\u00f1a ve\u00eda a escondidas concursos de belleza y ayudaba a sus amigas para prepararse en los cert\u00e1menes de reinas de su colegio. Ha llegado a Madrid \u201cpara buscar mejores oportunidades laborales\u201d. Explica que en la capital se siente \u201ccon m\u00e1s confianza para ir tranquila por la calle, gracias al clima de libertad que se respira\u201d. Siempre cont\u00f3 con el apoyo de su familia, lo que para ella la salv\u00f3 desde el principio. \u201cUna vez tu madre te acepta ya todo da igual\u201d, a\u00f1ade. <b>Por L.B.<\/b><\/p>\n<figure class=\"a_m a_m-h \"><span class=\"_db a_m_w _pr lb_btn\"><img alt=\"Lisa Hoelting, este s\u00e1bado en Madrid.\" decoding=\"auto\" class=\"_re lazyload a_m-h\" height=\"276\" srcset=\"https:\/\/imagenes.elpais.com\/resizer\/v2\/QPZ2DDONDVFA3O7NDQINSPV52E.jpg?auth=51f69233f6d1fea21e7709e046cc4b1fa88e9c4360386d74175326357472f5ee&amp;width=414 414w,https:\/\/imagenes.elpais.com\/resizer\/v2\/QPZ2DDONDVFA3O7NDQINSPV52E.jpg?auth=51f69233f6d1fea21e7709e046cc4b1fa88e9c4360386d74175326357472f5ee&amp;width=828 640w,https:\/\/imagenes.elpais.com\/resizer\/v2\/QPZ2DDONDVFA3O7NDQINSPV52E.jpg?auth=51f69233f6d1fea21e7709e046cc4b1fa88e9c4360386d74175326357472f5ee&amp;width=980 1000w,https:\/\/imagenes.elpais.com\/resizer\/v2\/QPZ2DDONDVFA3O7NDQINSPV52E.jpg?auth=51f69233f6d1fea21e7709e046cc4b1fa88e9c4360386d74175326357472f5ee&amp;width=1960 1960w\" width=\"414\" sizes=\"auto, (min-width:1199px) 1155px,(min-width:1001px) calc(100vw - 44px),(min-width:768px) 767px, 100vw\" src=\"https:\/\/imagenes.elpais.com\/resizer\/v2\/QPZ2DDONDVFA3O7NDQINSPV52E.jpg?auth=51f69233f6d1fea21e7709e046cc4b1fa88e9c4360386d74175326357472f5ee&amp;width=414\" loading=\"lazy\"\/><svg aria-hidden=\"true\" class=\"icon_multimedia_ampliar | _pa a_m_i a_m_i-a _dn\" viewbox=\"0 0 40 40\"><use xlink:href=\"#svg-ampliar\"\/><\/svg><\/span><figcaption class=\"a_m_p\" aria-hidden=\"true\"><span>Lisa Hoelting, este s\u00e1bado en Madrid.<\/span><\/figcaption><\/figure>\n<p class=\"\"><b>Lisa Hoelting, heterosexual de 30 a\u00f1os: \u201cSoy una aliada: estoy aqu\u00ed en defensa de la libertad y la diversidad\u201d<\/b><\/p>\n<p class=\"\">Lisa Hoelting (Alemania, 30 a\u00f1os) ha venido desde su pa\u00eds con un grupo de amigos <i>queer.<\/i> Entre ellos, Jos\u00e9, un chico gay brasile\u00f1o que propuso el viaje al Orgullo de Madrid, el m\u00e1s multitudinario de Europa. Es la primera vez de todo el grupo en la manifestaci\u00f3n de la capital espa\u00f1ola. Hoelting es heterosexual, pero no es su primer orgullo.<\/p>\n<p class=\"\">\u201cSoy una aliada y tengo un <i>mentalidad <\/i>[una forma de pensar] <i>queer<\/i>\u201d, argumenta. \u201cEstoy aqu\u00ed en apoyo de todos los seres humanos y en defensa de la libertad y de la diversidad\u201d. Para Hoelting, las cosas est\u00e1n mejorando para las personas LGTBIQ+, pero hay espacios que hay que salir a defender. En su pa\u00eds, sobre todo en el este, las cosas se est\u00e1n poniendo \u201cfeas\u201d, asegura en referencia al auge de la extrema derecha. Por eso, siempre que hace falta, ella sale a la calle.<\/p>\n<p class=\"\">Dice estar orgullosa de que Espa\u00f1a cumpla 20 a\u00f1os de matrimonio igualitario. \u201c\u00a1Ojal\u00e1 podamos celebrar los 40!\u201d, grita mirando a sus compa\u00f1eros de viaje. Para esta mujer lo m\u00e1s importante, sin embargo, es seguir avanzando \u201chasta que no se sienta ninguna diferencia\u201d. <b>Por M.H. <\/b><\/p>\n<figure class=\"a_m a_m-h \"><span class=\"_db a_m_w _pr lb_btn\"><img alt=\"Maxx y Nico, durante el Orgullo celebrado hoy en Madrid.\" decoding=\"auto\" class=\"_re lazyload a_m-h\" height=\"277\" srcset=\"https:\/\/imagenes.elpais.com\/resizer\/v2\/JCPAM3NXPNE5XDQJK7ZXHMMMZY.jpeg?auth=742cd81bbe179faef2fc9f4bf786b35a827735e6d47a342edf5d123ef663a419&amp;width=414 414w,https:\/\/imagenes.elpais.com\/resizer\/v2\/JCPAM3NXPNE5XDQJK7ZXHMMMZY.jpeg?auth=742cd81bbe179faef2fc9f4bf786b35a827735e6d47a342edf5d123ef663a419&amp;width=828 640w,https:\/\/imagenes.elpais.com\/resizer\/v2\/JCPAM3NXPNE5XDQJK7ZXHMMMZY.jpeg?auth=742cd81bbe179faef2fc9f4bf786b35a827735e6d47a342edf5d123ef663a419&amp;width=980 1000w,https:\/\/imagenes.elpais.com\/resizer\/v2\/JCPAM3NXPNE5XDQJK7ZXHMMMZY.jpeg?auth=742cd81bbe179faef2fc9f4bf786b35a827735e6d47a342edf5d123ef663a419&amp;width=1960 1960w\" width=\"414\" sizes=\"auto, (min-width:1199px) 1155px,(min-width:1001px) calc(100vw - 44px),(min-width:768px) 767px, 100vw\" src=\"https:\/\/imagenes.elpais.com\/resizer\/v2\/JCPAM3NXPNE5XDQJK7ZXHMMMZY.jpeg?auth=742cd81bbe179faef2fc9f4bf786b35a827735e6d47a342edf5d123ef663a419&amp;width=414\" loading=\"lazy\"\/><svg aria-hidden=\"true\" class=\"icon_multimedia_ampliar | _pa a_m_i a_m_i-a _dn\" viewbox=\"0 0 40 40\"><use xlink:href=\"#svg-ampliar\"\/><\/svg><\/span><figcaption class=\"a_m_p\" aria-hidden=\"true\"><span>Maxx y Nico, durante el Orgullo celebrado hoy en Madrid.<\/span><span class=\"a_m_m\">Amelia Molina<\/span><\/figcaption><\/figure>\n<p class=\"\"><b>Maxx y Nico, dos chicos trans de 18 a\u00f1os: \u201cNo se nos respeta\u201d<\/b><\/p>\n<p class=\"\">Maxx y Nico, ambos de Madrid y de 18 a\u00f1os, han venido al Orgullo con un grupo de amigos de la universidad. Nico es la tercera vez que participa, Maxx acudi\u00f3 por primera vez el a\u00f1o pasado. \u201cEs importante que se nos vea, que sepan que existimos\u201d, afirma Maxx.<\/p>\n<p class=\"\">\u201cLa aceptaci\u00f3n del colectivo en Espa\u00f1a es amplia, aunque a\u00fan hay mucha <i>lgtbifobia<\/i>especialmente transfobia\u201d, dice Nico, quien describe el Orgullo como un espacio para que \u201cel miedo desaparezca\u201d. \u00c9l siempre se sinti\u00f3 diferente a como la gente lo ve\u00eda: \u201cNo sab\u00eda darle nombre\u201d, recuerda. Gracias a su instituto supo sobre el colectivo LGTBIQ+. \u201cEntonces pude ser yo\u201d, a\u00f1ade con una sonrisa. Lo m\u00e1s dif\u00edcil de su transici\u00f3n fue hac\u00e9rselo entender a sus padres. \u201cMe preguntaron si lo pr\u00f3ximo era que me sintiera perro\u201d, lamenta.<\/p>\n<p class=\"\">Con el tiempo, su padre lo ha comprendido mejor. Sin embargo, siente que su madre sigue \u201ccon la esperanza\u201d de que las cosas cambien. \u201cDe que me eche para atr\u00e1s\u201d, especifica. Para ambos chicos, urge arrancar de ra\u00edz la discriminaci\u00f3n, fundamentalmente, de los espacios laborales. \u201cMe hormono, y se nota mucho [la diferencia de trato] en las entrevistas\u201d, se lamenta Maxx. Y concluye: \u201cA d\u00eda de hoy, no se nos respeta\u201d. <b>Por M.H. <\/b><\/p>\n<figure class=\"a_m a_m-h \"><span class=\"_db a_m_w _pr lb_btn\"><img alt=\"De izquierda a derecha, Cristina Gonz\u00e1lez Fern\u00e1ndez y Belenchu Fern\u00e1ndez.\" decoding=\"auto\" class=\"_re lazyload a_m-h\" height=\"277\" srcset=\"https:\/\/imagenes.elpais.com\/resizer\/v2\/CKWPDLNADVDXDAMJBDLVKIWGAI.jpeg?auth=5169e09192db2533547f31dcab3d4fbd0822c5f054b8a4903a5395549fcf6992&amp;width=414 414w,https:\/\/imagenes.elpais.com\/resizer\/v2\/CKWPDLNADVDXDAMJBDLVKIWGAI.jpeg?auth=5169e09192db2533547f31dcab3d4fbd0822c5f054b8a4903a5395549fcf6992&amp;width=828 640w,https:\/\/imagenes.elpais.com\/resizer\/v2\/CKWPDLNADVDXDAMJBDLVKIWGAI.jpeg?auth=5169e09192db2533547f31dcab3d4fbd0822c5f054b8a4903a5395549fcf6992&amp;width=980 1000w,https:\/\/imagenes.elpais.com\/resizer\/v2\/CKWPDLNADVDXDAMJBDLVKIWGAI.jpeg?auth=5169e09192db2533547f31dcab3d4fbd0822c5f054b8a4903a5395549fcf6992&amp;width=1960 1960w\" width=\"414\" sizes=\"auto, (min-width:1199px) 1155px,(min-width:1001px) calc(100vw - 44px),(min-width:768px) 767px, 100vw\" src=\"https:\/\/imagenes.elpais.com\/resizer\/v2\/CKWPDLNADVDXDAMJBDLVKIWGAI.jpeg?auth=5169e09192db2533547f31dcab3d4fbd0822c5f054b8a4903a5395549fcf6992&amp;width=414\" loading=\"lazy\"\/><svg aria-hidden=\"true\" class=\"icon_multimedia_ampliar | _pa a_m_i a_m_i-a _dn\" viewbox=\"0 0 40 40\"><use xlink:href=\"#svg-ampliar\"\/><\/svg><\/span><figcaption class=\"a_m_p\" aria-hidden=\"true\"><span>De izquierda a derecha, Cristina Gonz\u00e1lez Fern\u00e1ndez y Belenchu Fern\u00e1ndez.<\/span><span class=\"a_m_m\">Francesco Raffo<\/span><\/figcaption><\/figure>\n<p class=\"\"><b>Cristina y Belenchu, lesbianas de 49 a\u00f1os: \u201cTodo el mundo quiere amar\u201d<\/b><\/p>\n<p class=\"\">Cristina Gonz\u00e1lez Fern\u00e1ndez y Belenchu Fern\u00e1ndez, ambas de 49 a\u00f1os, vienen con un grupo grande de amigas. \u201cTodas de entre 40 y 50\u201d, dicen entre risas, con la cara llena de brillantina y colores arco\u00edris. Vienen al Orgullo desde hace dos d\u00e9cadas y para ellas la mayor diferencia es que cada vez hay m\u00e1s personas. \u201cMientras m\u00e1s gente, mejor. Para que abran la mente\u201d, opina Fern\u00e1ndez. \u201cTodo el mundo es bienvenido aqu\u00ed. Todos tienen que estar orgullosos de su condici\u00f3n sexual\u201d, contin\u00faa. <\/p>\n<p class=\"\">Gonz\u00e1lez y Fern\u00e1ndez son lesbianas y lamentan que a las mujeres del colectivo a\u00fan les queda \u201ccamino por recorrer\u201d. \u201cParece que a la gente todav\u00eda le cuesta aceptar que una mujer sea lesbiana\u201d, explican. \u201cSobre todo a la gente mayor\u201d, matizan. \u201cLos chavales de 15 a 20 a\u00f1os lo tienen totalmente interiorizado, mientras que los mayores todav\u00eda cuestionan cualquier decisi\u00f3n. Tienen que cambiar la mentalidad\u201d. <b>Por FR <\/b><\/p>\n<\/div>\n\n","protected":false},"excerpt":{"rendered":"<p>La manifestaci\u00f3n estatal por el Orgullo LGTBI+ ha recorrido el centro de Madrid bajo el lema 20 a\u00f1os avanzando en derechos: Ni un paso atr\u00e1s. En la manifestaci\u00f3n reivindicativa, y en la posterior celebraci\u00f3n, han participado los diez protagonistas de este reportaje. Todos hablan de la necesidad de \u201cdefender los avances conseguidos\u201d ante el auge &hellip;<\/p>\n","protected":false},"author":1,"featured_media":34689,"comment_status":"open","ping_status":"open","sticky":false,"template":"","format":"standard","meta":{"fifu_image_url":"https:\/\/imagenes.elpais.com\/resizer\/v2\/6OEZTYWX3FGSJIGU26SQR7WXKQ.jpg?auth=21bc32cd508ea3b139d48d7fffbf404f031066ba5cb15354e2f3f6893250fae5&width=1200","fifu_image_alt":"","footnotes":""},"categories":[11],"tags":[],"class_list":["post-34688","post","type-post","status-publish","format-standard","has-post-thumbnail","","category-viaje"],"_links":{"self":[{"href":"https:\/\/noticiasveraces.com\/index.php?rest_route=\/wp\/v2\/posts\/34688","targetHints":{"allow":["GET"]}}],"collection":[{"href":"https:\/\/noticiasveraces.com\/index.php?rest_route=\/wp\/v2\/posts"}],"about":[{"href":"https:\/\/noticiasveraces.com\/index.php?rest_route=\/wp\/v2\/types\/post"}],"author":[{"embeddable":true,"href":"https:\/\/noticiasveraces.com\/index.php?rest_route=\/wp\/v2\/users\/1"}],"replies":[{"embeddable":true,"href":"https:\/\/noticiasveraces.com\/index.php?rest_route=%2Fwp%2Fv2%2Fcomments&post=34688"}],"version-history":[{"count":0,"href":"https:\/\/noticiasveraces.com\/index.php?rest_route=\/wp\/v2\/posts\/34688\/revisions"}],"wp:featuredmedia":[{"embeddable":true,"href":"https:\/\/noticiasveraces.com\/index.php?rest_route=\/wp\/v2\/media\/34689"}],"wp:attachment":[{"href":"https:\/\/noticiasveraces.com\/index.php?rest_route=%2Fwp%2Fv2%2Fmedia&parent=34688"}],"wp:term":[{"taxonomy":"category","embeddable":true,"href":"https:\/\/noticiasveraces.com\/index.php?rest_route=%2Fwp%2Fv2%2Fcategories&post=34688"},{"taxonomy":"post_tag","embeddable":true,"href":"https:\/\/noticiasveraces.com\/index.php?rest_route=%2Fwp%2Fv2%2Ftags&post=34688"}],"curies":[{"name":"wp","href":"https:\/\/api.w.org\/{rel}","templated":true}]}}