{"id":34684,"date":"2025-07-05T18:06:15","date_gmt":"2025-07-05T22:06:15","guid":{"rendered":"https:\/\/noticiasveraces.com\/?p=34684"},"modified":"2025-07-05T18:06:15","modified_gmt":"2025-07-05T22:06:15","slug":"ali-jamenei-reaparece-en-publico-en-una-mezquita-de-teheran-dw-05-07-2025","status":"publish","type":"post","link":"https:\/\/noticiasveraces.com\/?p=34684","title":{"rendered":"Ali Jamenei reaparece en p\u00fablico en una mezquita de Teher\u00e1n \u2013 DW \u2013 05\/07\/2025"},"content":{"rendered":"<p> \n<\/p>\n<div>\n<p>El gu\u00eda supremo de Ir\u00e1n, el ayatol\u00e1 Al\u00ed\u00a0Jamenei, particip\u00f3 este s\u00e1bado (05.07.2025) en Teher\u00e1n en una ceremonia religiosa, seg\u00fan im\u00e1genes difundidas por medios estatales, las primeras en las que se ve en p\u00fablico al dirigente desde el alto al fuego con Israel, el 24 de junio. Jamenei, de 86 a\u00f1os, apareci\u00f3 vestido de negro. \u00ab\u00a1La sangre de nuestras venas para nuestro dirigente!\u00bb, gritaron los fieles con los pu\u00f1os en alto<\/p>\n<p>Un video transmitido por la televisi\u00f3n estatal muestra al ayatol\u00e1 saludando a fieles en una mezquita durante una ceremonia por la Ashura, el aniversario del martirio del im\u00e1n Husein, una fecha importante para los musulmanes chiitas. La \u00faltima aparici\u00f3n en televisi\u00f3n del dirigente se remontaba al 26\u00a0de junio, duranteun discurso grabado tras el alto el fuego en la guerra contra Israel. Su \u00faltima aparici\u00f3n en p\u00fablico fue el 11 de junio, cuando recibi\u00f3 a diputados del Parlamento.<\/p>\n<p>Vestido de negro en se\u00f1al de duelo, estuvo acompa\u00f1ado por el vicepresidente primero de Ir\u00e1n, Mohamad Reza Aref; el presidente del Parlamento, Mohamad Baqer Qalibaf, y jefe del Poder Judicial iran\u00ed, Gholamhosein Mohseni Ejei. El presidente de Ir\u00e1n, Masud Pezeshkian, no estaba presente pues se encuentra en Azerbaiy\u00e1n para participar en la XVII cumbre de la Organizaci\u00f3n de Cooperaci\u00f3n Econ\u00f3mica (OCE).<\/p>\n<p>Se trata de la primera aparici\u00f3n p\u00fablica desde la guerra con Israel que comenz\u00f3 el 13 de junio y se alarg\u00f3 hasta el 24 cuando el presidente estadounidense, Donald Trump, anunci\u00f3 un alto el fuego. La televisi\u00f3n estatal precis\u00f3 que la escena fue filmada en la mezquita del im\u00e1n Jomeini, que lleva el nombre del fundador de la Rep\u00fablica Isl\u00e1mica, situada en el centro de Teher\u00e1n.<\/p>\n<p>LGC (AFP, EFE)<\/p>\n<\/div>\n\n","protected":false},"excerpt":{"rendered":"<p>El gu\u00eda supremo de Ir\u00e1n, el ayatol\u00e1 Al\u00ed\u00a0Jamenei, particip\u00f3 este s\u00e1bado (05.07.2025) en Teher\u00e1n en una ceremonia religiosa, seg\u00fan im\u00e1genes difundidas por medios estatales, las primeras en las que se ve en p\u00fablico al dirigente desde el alto al fuego con Israel, el 24 de junio. Jamenei, de 86 a\u00f1os, apareci\u00f3 vestido de negro. \u00ab\u00a1La &hellip;<\/p>\n","protected":false},"author":1,"featured_media":34685,"comment_status":"open","ping_status":"open","sticky":false,"template":"","format":"standard","meta":{"fifu_image_url":"https:\/\/static.dw.com\/image\/73170825_6.jpg","fifu_image_alt":"","footnotes":""},"categories":[13],"tags":[],"class_list":["post-34684","post","type-post","status-publish","format-standard","has-post-thumbnail","","category-mundo"],"_links":{"self":[{"href":"https:\/\/noticiasveraces.com\/index.php?rest_route=\/wp\/v2\/posts\/34684","targetHints":{"allow":["GET"]}}],"collection":[{"href":"https:\/\/noticiasveraces.com\/index.php?rest_route=\/wp\/v2\/posts"}],"about":[{"href":"https:\/\/noticiasveraces.com\/index.php?rest_route=\/wp\/v2\/types\/post"}],"author":[{"embeddable":true,"href":"https:\/\/noticiasveraces.com\/index.php?rest_route=\/wp\/v2\/users\/1"}],"replies":[{"embeddable":true,"href":"https:\/\/noticiasveraces.com\/index.php?rest_route=%2Fwp%2Fv2%2Fcomments&post=34684"}],"version-history":[{"count":0,"href":"https:\/\/noticiasveraces.com\/index.php?rest_route=\/wp\/v2\/posts\/34684\/revisions"}],"wp:featuredmedia":[{"embeddable":true,"href":"https:\/\/noticiasveraces.com\/index.php?rest_route=\/wp\/v2\/media\/34685"}],"wp:attachment":[{"href":"https:\/\/noticiasveraces.com\/index.php?rest_route=%2Fwp%2Fv2%2Fmedia&parent=34684"}],"wp:term":[{"taxonomy":"category","embeddable":true,"href":"https:\/\/noticiasveraces.com\/index.php?rest_route=%2Fwp%2Fv2%2Fcategories&post=34684"},{"taxonomy":"post_tag","embeddable":true,"href":"https:\/\/noticiasveraces.com\/index.php?rest_route=%2Fwp%2Fv2%2Ftags&post=34684"}],"curies":[{"name":"wp","href":"https:\/\/api.w.org\/{rel}","templated":true}]}}