{"id":34649,"date":"2025-07-05T12:59:22","date_gmt":"2025-07-05T16:59:22","guid":{"rendered":"https:\/\/noticiasveraces.com\/?p=34649"},"modified":"2025-07-05T12:59:22","modified_gmt":"2025-07-05T16:59:22","slug":"la-afd-se-dice-perseguida-como-en-la-epoca-nazi-dw-05-07-2025","status":"publish","type":"post","link":"https:\/\/noticiasveraces.com\/?p=34649","title":{"rendered":"La AfD se dice perseguida como en la \u00e9poca nazi \u2013 DW \u2013 05\/07\/2025"},"content":{"rendered":"<p> \n<\/p>\n<div>\n<p>La copresidenta de la ultraderechista Alternativa para Alemania (AfD), Alice Weidel, dijo este s\u00e1bado (05.07.2025) ver en el debate sobre la ilegalizaci\u00f3n de su partido un paralelismo con las pol\u00edticas de Adolf Hitler y calific\u00f3 al resto de partidos de \u00abperdedores\u00bb que quieren silenciar a diez millones de votantes. El debate sobre la posible prohibici\u00f3n de la AfD se ha intensificado desde que el partido fue reclasificado por la BfV\u00a0(la Oficina Federal para la Protecci\u00f3n de la Constituci\u00f3n).<\/p>\n<p>Weidel dijo que el debate sobre \u00abconsiderar seriamente la prohibici\u00f3n de la AfD\u00bb le recuerda \u00abtiempos muy oscuros\u00bb. \u00abBueno, ya lo vimos: Adolf Hitler \u2014oh, ya ha salido el nombre\u2014 su primera medida fue prohibir otros partidos, restringir la libertad de prensa aqu\u00ed y all\u00e1\u00bb, declar\u00f3 Weidel a la prensa tras una reuni\u00f3n a puerta cerrada del grupo parlamentario del partido populista de derecha en Berl\u00edn.<\/p>\n<h2>El SPD pidi\u00f3 iniciar el proceso para la ilegalizaci\u00f3n de AfD<\/h2>\n<p>El SPD aprob\u00f3 una moci\u00f3n en su congreso del partido el fin de semana pasado: \u00abHa llegado el momento de que los \u00f3rganos constitucionales autorizados para presentar peticiones creen las condiciones para presentar de inmediato una petici\u00f3n que declare la inconstitucionalidad de la AfD\u00bb, dec\u00eda. La prohibici\u00f3n del partido tendr\u00eda que ser decidida por el Tribunal Constitucional Federal a petici\u00f3n del gobierno federal, el Bundestag o el Bundesrat.<\/p>\n<p>Weidel agreg\u00f3 que \u00abno en vano\u00bb, el Partido Socialdem\u00f3crata (SPD), \u00aben ca\u00edda libre, que ya no es un partido obrero, que ha estafado masivamente a su electorado\u00bb, aprob\u00f3 en su reci\u00e9n celebrado congreso \u00abquerer prohibir un partido rival que, seg\u00fan las encuestas, es ahora m\u00e1s de un 10 % m\u00e1s fuerte que \u00e9l, a saber, la AfD\u00bb. Actualmente, AfD, principal partido de la oposici\u00f3n y segunda fuerza m\u00e1s votada, lucha en los tribunales para impugnar su catalogaci\u00f3n, actualmente suspendida por orden judicial, por parte de la Oficina para la Protecci\u00f3n de la Constituci\u00f3n -los servicios secretos del Interior- como \u00abcaso seguro de extremismo de derechas\u00bb a nivel nacional.<\/p>\n<p>En un documento estrat\u00e9gico de siete puntos adoptado hoy, el grupo parlamentario de la fuerza ultraderechista asegura \u00abponer nombre a los problemas sin eufemismos y plantear soluciones concretas\u00bb en materia de pol\u00edtica interior, exterior, econ\u00f3mica, energ\u00e9tica, social y de defensa para que el pa\u00eds \u00abvuelva a ser seguro\u00bb<\/p>\n<p>LGC (DPA, Efe)<\/p>\n<\/div>\n\n","protected":false},"excerpt":{"rendered":"<p>La copresidenta de la ultraderechista Alternativa para Alemania (AfD), Alice Weidel, dijo este s\u00e1bado (05.07.2025) ver en el debate sobre la ilegalizaci\u00f3n de su partido un paralelismo con las pol\u00edticas de Adolf Hitler y calific\u00f3 al resto de partidos de \u00abperdedores\u00bb que quieren silenciar a diez millones de votantes. El debate sobre la posible prohibici\u00f3n &hellip;<\/p>\n","protected":false},"author":1,"featured_media":34650,"comment_status":"open","ping_status":"open","sticky":false,"template":"","format":"standard","meta":{"fifu_image_url":"https:\/\/static.dw.com\/image\/73169818_6.jpg","fifu_image_alt":"","footnotes":""},"categories":[13],"tags":[],"class_list":["post-34649","post","type-post","status-publish","format-standard","has-post-thumbnail","","category-mundo"],"_links":{"self":[{"href":"https:\/\/noticiasveraces.com\/index.php?rest_route=\/wp\/v2\/posts\/34649","targetHints":{"allow":["GET"]}}],"collection":[{"href":"https:\/\/noticiasveraces.com\/index.php?rest_route=\/wp\/v2\/posts"}],"about":[{"href":"https:\/\/noticiasveraces.com\/index.php?rest_route=\/wp\/v2\/types\/post"}],"author":[{"embeddable":true,"href":"https:\/\/noticiasveraces.com\/index.php?rest_route=\/wp\/v2\/users\/1"}],"replies":[{"embeddable":true,"href":"https:\/\/noticiasveraces.com\/index.php?rest_route=%2Fwp%2Fv2%2Fcomments&post=34649"}],"version-history":[{"count":0,"href":"https:\/\/noticiasveraces.com\/index.php?rest_route=\/wp\/v2\/posts\/34649\/revisions"}],"wp:featuredmedia":[{"embeddable":true,"href":"https:\/\/noticiasveraces.com\/index.php?rest_route=\/wp\/v2\/media\/34650"}],"wp:attachment":[{"href":"https:\/\/noticiasveraces.com\/index.php?rest_route=%2Fwp%2Fv2%2Fmedia&parent=34649"}],"wp:term":[{"taxonomy":"category","embeddable":true,"href":"https:\/\/noticiasveraces.com\/index.php?rest_route=%2Fwp%2Fv2%2Fcategories&post=34649"},{"taxonomy":"post_tag","embeddable":true,"href":"https:\/\/noticiasveraces.com\/index.php?rest_route=%2Fwp%2Fv2%2Ftags&post=34649"}],"curies":[{"name":"wp","href":"https:\/\/api.w.org\/{rel}","templated":true}]}}