{"id":34634,"date":"2025-07-05T09:56:17","date_gmt":"2025-07-05T13:56:17","guid":{"rendered":"https:\/\/noticiasveraces.com\/?p=34634"},"modified":"2025-07-05T09:56:17","modified_gmt":"2025-07-05T13:56:17","slug":"los-criticos-golpean-a-la-onu-por-nuevos-puestos-de-comite-anti-israel-durante-los-recortes-presupuestarios","status":"publish","type":"post","link":"https:\/\/noticiasveraces.com\/?p=34634","title":{"rendered":"Los cr\u00edticos golpean a la ONU por nuevos puestos de comit\u00e9 anti-Israel durante los recortes presupuestarios"},"content":{"rendered":"<p> \n<\/p>\n<div>\n<div id=\"beyondwords-wrapper\" class=\"beyondwords-wrapper\">\n<p><span class=\"label-bg\">NUEVO<\/span>\u00a1Ahora puedes escuchar art\u00edculos de Fox News!\n  <\/p>\n<\/div>\n<p class=\"speakable\">Los cr\u00edticos criticaron a las Naciones Unidas por recompensar una controvertida Comisi\u00f3n de Investigaci\u00f3n contra el Israel con cuatro nuevas posiciones por valor de hasta tres cuartos de millones de d\u00f3lares, incluso cuando el cuerpo mundial sufre una grave crisis de efectivo.<\/p>\n<p class=\"speakable\">\u00abCuando se trata de gastar dinero para la propagaci\u00f3n del antisemitismo, la ONU no tiene un l\u00edmite de gasto\u00bb, dijo a Fox News Digital, Anne Bayefsky, directora del Instituto de Derechos Humanos y Presidenta de Voces de Derechos Humanos.<\/p>\n<p>El 4 de junio, la Comisi\u00f3n Independiente Internacional de Investigaci\u00f3n sobre el Territorio Palestino, incluido el este de Jerusal\u00e9n (COI), dirigida por Sud\u00e1frica Navi Pillay, anunci\u00f3 cuatro nuevas aperturas de trabajo para puestos de nivel superior en Ginebra. Estos incluyen dos int\u00e9rpretes asociados de nivel P-2, un oficial de derechos humanos de nivel P-3 de nivel superior y un oficial de derechos humanos de nivel P-4 de nivel superior y un oficial de derechos humanos de nivel P-4 a\u00fan m\u00e1s senior.<\/p>\n<p><strong>Revelado: Las extensas ventajas que reciben los funcionarios de la ONU mientras ordenan recortes presupuestarios<\/strong><\/p>\n<div class=\"image-ct inline\">\n<div class=\"m\"><picture><source media=\"(max-width: 767px)\" srcset=\"https:\/\/a57.foxnews.com\/static.foxnews.com\/foxnews.com\/content\/uploads\/2025\/03\/343\/192\/un-human-rights-council-scaled.jpg?ve=1&amp;tl=1, https:\/\/a57.foxnews.com\/static.foxnews.com\/foxnews.com\/content\/uploads\/2025\/03\/686\/384\/un-human-rights-council-scaled.jpg?ve=1&amp;tl=1 2x\" height=\"192\" width=\"343\"><source media=\"(min-width: 768px) and (max-width: 1023px)\" srcset=\"https:\/\/a57.foxnews.com\/static.foxnews.com\/foxnews.com\/content\/uploads\/2025\/03\/672\/378\/un-human-rights-council-scaled.jpg?ve=1&amp;tl=1, https:\/\/a57.foxnews.com\/static.foxnews.com\/foxnews.com\/content\/uploads\/2025\/03\/1344\/756\/un-human-rights-council-scaled.jpg?ve=1&amp;tl=1 2x\" height=\"378\" width=\"672\"><source media=\"(min-width: 1024px) and (max-width: 1279px)\" srcset=\"https:\/\/a57.foxnews.com\/static.foxnews.com\/foxnews.com\/content\/uploads\/2025\/03\/931\/523\/un-human-rights-council-scaled.jpg?ve=1&amp;tl=1, https:\/\/a57.foxnews.com\/static.foxnews.com\/foxnews.com\/content\/uploads\/2025\/03\/1862\/1046\/un-human-rights-council-scaled.jpg?ve=1&amp;tl=1 2x\" height=\"523\" width=\"931\"><source media=\"(min-width: 1280px)\" srcset=\"https:\/\/a57.foxnews.com\/static.foxnews.com\/foxnews.com\/content\/uploads\/2025\/03\/720\/405\/un-human-rights-council-scaled.jpg?ve=1&amp;tl=1, https:\/\/a57.foxnews.com\/static.foxnews.com\/foxnews.com\/content\/uploads\/2025\/03\/1440\/810\/un-human-rights-council-scaled.jpg?ve=1&amp;tl=1 2x\" height=\"405\" width=\"720\"><img loading=\"lazy\" decoding=\"async\" src=\"https:\/\/a57.foxnews.com\/static.foxnews.com\/foxnews.com\/content\/uploads\/2025\/03\/1200\/675\/un-human-rights-council-scaled.jpg?ve=1&amp;tl=1\" alt=\"Suiza\" width=\"1200\" height=\"675\"\/><\/source><\/source><\/source><\/source><\/picture><\/div>\n<div class=\"info\">\n<div class=\"caption\">\n<p><span>El secretario general de la ONU, Ant\u00f3nio Guterres, se ve en una pantalla que pronuncia un discurso en la apertura de la 58\u00aa sesi\u00f3n del Consejo de Derechos Humanos de las Naciones Unidas en Ginebra, el 24 de febrero de 2025.<\/span> <span>(Fabrice Coffrini\/AFP a trav\u00e9s de Getty Images)<\/span><\/p>\n<\/div>\n<\/div>\n<\/div>\n<p>Combinados, sus salarios variar\u00e1n de $ 530,000 a $ 704,000, basados \u200b\u200ben escalas salariales lanzadas por la ONU y su multiplicador salarial basado en la ubicaci\u00f3n (establecido en .814 para empleados suizos), publicado en un documento suministrado a Fox News Digital por una fuente diplom\u00e1tica. <\/p>\n<p>Estos salarios no incluyen otros beneficios de los empleados de la ONU de nivel superior, incluidos los costos dependientes, los subsidios de vivienda o las tarifas de reubicaci\u00f3n.<\/p>\n<p>Bayefsky pregunt\u00f3 por qu\u00e9 el \u00abejercicio de ajuste del cintur\u00f3n de la ONU &#8230; se aplica a todo tipo de asuntos urgentes, pero exime al COI, que ha realizado simult\u00e1neamente una espada de gastos\u00bb.<\/p>\n<p>\u00abEl COI fue creado para destruir el estado jud\u00edo y ahora se est\u00e1 llevando a cabo en consecuencia\u00bb. Ella dijo que su \u00faltimo informe, emitido en junio, est\u00e1 \u00abtotalmente desquiciado\u00bb y \u00abafirma que los israel\u00edes son como los nazis involucrados en el &#8216;exterminio&#8217; de los palestinos, se refiere a esos &#8216;jud\u00edos extremistas&#8217;, niega la historia b\u00edblica, [and] Fuele el antisemitismo al afirmar que los jud\u00edos contaminan los sitios santos musulmanes \u00ab.<\/p>\n<div class=\"image-ct inline\">\n<div class=\"m\"><picture><source media=\"(max-width: 767px)\" srcset=\"https:\/\/a57.foxnews.com\/static.foxnews.com\/foxnews.com\/content\/uploads\/2025\/07\/343\/192\/un-human-rights-pillay-scaled.jpg?ve=1&amp;tl=1, https:\/\/a57.foxnews.com\/static.foxnews.com\/foxnews.com\/content\/uploads\/2025\/07\/686\/384\/un-human-rights-pillay-scaled.jpg?ve=1&amp;tl=1 2x\" height=\"192\" width=\"343\"><source media=\"(min-width: 768px) and (max-width: 1023px)\" srcset=\"https:\/\/a57.foxnews.com\/static.foxnews.com\/foxnews.com\/content\/uploads\/2025\/07\/672\/378\/un-human-rights-pillay-scaled.jpg?ve=1&amp;tl=1, https:\/\/a57.foxnews.com\/static.foxnews.com\/foxnews.com\/content\/uploads\/2025\/07\/1344\/756\/un-human-rights-pillay-scaled.jpg?ve=1&amp;tl=1 2x\" height=\"378\" width=\"672\"><source media=\"(min-width: 1024px) and (max-width: 1279px)\" srcset=\"https:\/\/a57.foxnews.com\/static.foxnews.com\/foxnews.com\/content\/uploads\/2025\/07\/931\/523\/un-human-rights-pillay-scaled.jpg?ve=1&amp;tl=1, https:\/\/a57.foxnews.com\/static.foxnews.com\/foxnews.com\/content\/uploads\/2025\/07\/1862\/1046\/un-human-rights-pillay-scaled.jpg?ve=1&amp;tl=1 2x\" height=\"523\" width=\"931\"><source media=\"(min-width: 1280px)\" srcset=\"https:\/\/a57.foxnews.com\/static.foxnews.com\/foxnews.com\/content\/uploads\/2025\/07\/720\/405\/un-human-rights-pillay-scaled.jpg?ve=1&amp;tl=1, https:\/\/a57.foxnews.com\/static.foxnews.com\/foxnews.com\/content\/uploads\/2025\/07\/1440\/810\/un-human-rights-pillay-scaled.jpg?ve=1&amp;tl=1 2x\" height=\"405\" width=\"720\"><img loading=\"lazy\" decoding=\"async\" src=\"https:\/\/a57.foxnews.com\/static.foxnews.com\/foxnews.com\/content\/uploads\/2025\/07\/1200\/675\/un-human-rights-pillay-scaled.jpg?ve=1&amp;tl=1\" alt=\"P\u00e1jaros navi\" width=\"1200\" height=\"675\"\/><\/source><\/source><\/source><\/source><\/picture><\/div>\n<div class=\"info\">\n<div class=\"caption\">\n<p><span>El controvertido juez sudafricano Navi Pillay, presidente de la Comisi\u00f3n de Investigaci\u00f3n de las Naciones Unidas independientes sobre el territorio palestino ocupado, incluido el este de Jerusal\u00e9n, e Israel llega a una conferencia de prensa en Ginebra, el 18 de junio de 2025. <\/span> <span>(Foto de Fabrice Coffrini\/AFP a trav\u00e9s de Getty Images).<\/span><\/p>\n<\/div>\n<\/div>\n<\/div>\n<p>Un portavoz de la Oficina de Derechos Humanos de la ONU no respondi\u00f3 a las preguntas de Fox News Digital sobre los hallazgos de la comisi\u00f3n.<\/p>\n<p><strong>Los recortes presupuestarios de Dege USAID golpean a la ONU en la \u00abpeor crisis de liquidez desde su establecimiento\u00bb<\/strong><\/p>\n<p>Pillay y el COI han sido criticados previamente por el sentimiento anti-Israel. En enero de 2022, 42 republicanos y dem\u00f3cratas en el Congreso firmaron una carta abierta que pidi\u00f3 que Estados Unidos defundiera el COI. Los representantes expresaron su preocupaci\u00f3n de que \u00abla presidenta Navi Pillay, mientras se desempe\u00f1ara como Alto Comisionado de los Derechos Humanos de 2008 a 2014, acus\u00f3 a Israel de forma repetida e injustamente de cometer cr\u00edmenes de guerra\u00bb. Declararon que, si bien conden\u00f3 a Israel, Pillay \u00absupuestamente no dijeron nada sobre los abusos atroces de los derechos humanos en docenas de otros pa\u00edses que, a diferencia de Israel, recibieron la peor calificaci\u00f3n &#8216;no libre&#8217; de la respetada Freedom House\u00bb.<\/p>\n<p>En octubre de 2023, un representante de la misi\u00f3n estadounidense a la ONU en Ginebra dijo ante el tercer comit\u00e9 de la ONU que Estados Unidos \u00absigue profundamente preocupado por el alcance y la naturaleza de la comisi\u00f3n de investigaci\u00f3n abierta establecida en mayo de 2021. El COI demuestra un sesgo particular contra Israel en someterlo a un mecanismo \u00fanico que no existe para otro estado miembro de la ONU\u00bb.<\/p>\n<div class=\"image-ct inline\">\n<div class=\"m\"><picture><source media=\"(max-width: 767px)\" srcset=\"https:\/\/a57.foxnews.com\/static.foxnews.com\/foxnews.com\/content\/uploads\/2024\/07\/343\/192\/Pro-Palestinian-demonstrators.jpg?ve=1&amp;tl=1, https:\/\/a57.foxnews.com\/static.foxnews.com\/foxnews.com\/content\/uploads\/2024\/07\/686\/384\/Pro-Palestinian-demonstrators.jpg?ve=1&amp;tl=1 2x\" height=\"192\" width=\"343\"><source media=\"(min-width: 768px) and (max-width: 1023px)\" srcset=\"https:\/\/a57.foxnews.com\/static.foxnews.com\/foxnews.com\/content\/uploads\/2024\/07\/672\/378\/Pro-Palestinian-demonstrators.jpg?ve=1&amp;tl=1, https:\/\/a57.foxnews.com\/static.foxnews.com\/foxnews.com\/content\/uploads\/2024\/07\/1344\/756\/Pro-Palestinian-demonstrators.jpg?ve=1&amp;tl=1 2x\" height=\"378\" width=\"672\"><source media=\"(min-width: 1024px) and (max-width: 1279px)\" srcset=\"https:\/\/a57.foxnews.com\/static.foxnews.com\/foxnews.com\/content\/uploads\/2024\/07\/931\/523\/Pro-Palestinian-demonstrators.jpg?ve=1&amp;tl=1, https:\/\/a57.foxnews.com\/static.foxnews.com\/foxnews.com\/content\/uploads\/2024\/07\/1862\/1046\/Pro-Palestinian-demonstrators.jpg?ve=1&amp;tl=1 2x\" height=\"523\" width=\"931\"><source media=\"(min-width: 1280px)\" srcset=\"https:\/\/a57.foxnews.com\/static.foxnews.com\/foxnews.com\/content\/uploads\/2024\/07\/720\/405\/Pro-Palestinian-demonstrators.jpg?ve=1&amp;tl=1, https:\/\/a57.foxnews.com\/static.foxnews.com\/foxnews.com\/content\/uploads\/2024\/07\/1440\/810\/Pro-Palestinian-demonstrators.jpg?ve=1&amp;tl=1 2x\" height=\"405\" width=\"720\"><img loading=\"lazy\" decoding=\"async\" src=\"https:\/\/a57.foxnews.com\/static.foxnews.com\/foxnews.com\/content\/uploads\/2024\/07\/1200\/675\/Pro-Palestinian-demonstrators.jpg?ve=1&amp;tl=1\" alt=\"Demandantes pro-palestinos\" width=\"1200\" height=\"675\"\/><\/source><\/source><\/source><\/source><\/picture><\/div>\n<div class=\"info\">\n<div class=\"caption\">\n<p><span>Los manifestantes anti-Israel queman una bandera estadounidense, el d\u00eda del discurso del primer ministro israel\u00ed Benjamin Netanyahu a una reuni\u00f3n conjunta del Congreso, en Capitol Hill en Washington, el 24 de julio de 2024. <\/span> <span>(Reuters\/Nathan Howard)<\/span><\/p>\n<\/div>\n<\/div>\n<\/div>\n<p>En octubre de 2024, un informe de la COI excluy\u00f3 la informaci\u00f3n sobre el uso de operaciones de Hamas Adwan para operaciones, no pudo contar el maltrato que recibieron los rehenes israel\u00edes en los hospitales de Gazan, y \u00abno pod\u00edan verificar\u00bb que los t\u00faneles encontrados por debajo del Hospital Al-Shifa \u00abse usaron con fines militares\u00bb. Bayefsky dijo que el informe traficaba en libreles de sangre.<\/p>\n<p>En marzo, la comisi\u00f3n de Pillay afirm\u00f3 que la violaci\u00f3n y la violencia sexual son parte de los \u00abprocedimientos operativos est\u00e1ndar de la Fuerza de Defensa de Israel hacia los palestinos\u00bb. Pillay tambi\u00e9n dijo que la violencia sexual de las FDI crea \u00abun sistema de opresi\u00f3n que socava [Palestinians\u2019] Derecho a la autodeterminaci\u00f3n \u00ab. En respuesta, Bayefsky llam\u00f3 a Pillay\u00bb el principal campe\u00f3n mundial de la calumnia de la &#8216;Declaraci\u00f3n Durban&#8217; de 2001 que un estado jud\u00edo es un estado racista \u00ab.  <\/p>\n<div class=\"image-ct inline\">\n<div class=\"m\"><picture><source media=\"(max-width: 767px)\" srcset=\"https:\/\/a57.foxnews.com\/static.foxnews.com\/foxnews.com\/content\/uploads\/2024\/02\/343\/192\/Columbia-University-protest-3.jpg?ve=1&amp;tl=1, https:\/\/a57.foxnews.com\/static.foxnews.com\/foxnews.com\/content\/uploads\/2024\/02\/686\/384\/Columbia-University-protest-3.jpg?ve=1&amp;tl=1 2x\" height=\"192\" width=\"343\"><source media=\"(min-width: 768px) and (max-width: 1023px)\" srcset=\"https:\/\/a57.foxnews.com\/static.foxnews.com\/foxnews.com\/content\/uploads\/2024\/02\/672\/378\/Columbia-University-protest-3.jpg?ve=1&amp;tl=1, https:\/\/a57.foxnews.com\/static.foxnews.com\/foxnews.com\/content\/uploads\/2024\/02\/1344\/756\/Columbia-University-protest-3.jpg?ve=1&amp;tl=1 2x\" height=\"378\" width=\"672\"><source media=\"(min-width: 1024px) and (max-width: 1279px)\" srcset=\"https:\/\/a57.foxnews.com\/static.foxnews.com\/foxnews.com\/content\/uploads\/2024\/02\/931\/523\/Columbia-University-protest-3.jpg?ve=1&amp;tl=1, https:\/\/a57.foxnews.com\/static.foxnews.com\/foxnews.com\/content\/uploads\/2024\/02\/1862\/1046\/Columbia-University-protest-3.jpg?ve=1&amp;tl=1 2x\" height=\"523\" width=\"931\"><source media=\"(min-width: 1280px)\" srcset=\"https:\/\/a57.foxnews.com\/static.foxnews.com\/foxnews.com\/content\/uploads\/2024\/02\/720\/405\/Columbia-University-protest-3.jpg?ve=1&amp;tl=1, https:\/\/a57.foxnews.com\/static.foxnews.com\/foxnews.com\/content\/uploads\/2024\/02\/1440\/810\/Columbia-University-protest-3.jpg?ve=1&amp;tl=1 2x\" height=\"405\" width=\"720\"><img loading=\"lazy\" decoding=\"async\" src=\"https:\/\/a57.foxnews.com\/static.foxnews.com\/foxnews.com\/content\/uploads\/2024\/02\/1200\/675\/Columbia-University-protest-3.jpg?ve=1&amp;tl=1\" alt=\"Protesta de la Universidad de Columbia\" width=\"1200\" height=\"675\"\/><\/source><\/source><\/source><\/source><\/picture><\/div>\n<div class=\"info\">\n<div class=\"caption\">\n<p><span>Los manifestantes demuestran cerca de la Universidad de Columbia el 2 de febrero de 2024 en la ciudad de Nueva York. <\/span> <span>(Alexi J. Rosenfeld\/Getty Images)<\/span><\/p>\n<\/div>\n<\/div>\n<\/div>\n<p>En marzo de 2024, el Congreso aprob\u00f3 un proyecto de ley de presupuesto que elimin\u00f3 los fondos para el COI mientras proh\u00edbe simult\u00e1neamente fondos para la agencia de alivio y obras de la ONU para los refugiados de Palestina en el Cercano Oriente (UNRWA), seg\u00fan el Jerusal\u00e9n Post.<\/p>\n<p>El Consejo de Derechos Humanos de la ONU ya est\u00e1 experimentando el impacto de la crisis de liquidez de la organizaci\u00f3n.<\/p>\n<p>En una carta del 16 de junio escrita por el Alto Comisionado de la ONU para los derechos humanos Volker T\u00fcrk, el Consejo de Derechos Humanos describe m\u00e1s de una docena de informes, as\u00ed como estudios, talleres regionales y paneles ordenados por el Consejo, que no podr\u00edan completarse debido a recursos inadecuados.<\/p>\n<p>En respuesta a una solicitud de comentarios sobre c\u00f3mo el COI ha recibido personal adicional, mientras que el Consejo de Derechos Humanos se ocupa de la escasez, el portavoz Pascal Sim dijo a Fox News Digital que las \u00abopiniones del Consejo de Derechos Humanos solo se expresan en las resoluciones y decisiones que sus 47 estados miembros adoptan al final de cada una de sus sesiones\u00bb.<\/p>\n<div class=\"image-ct inline\">\n<div class=\"m\"><picture><source media=\"(max-width: 767px)\" srcset=\"https:\/\/a57.foxnews.com\/static.foxnews.com\/foxnews.com\/content\/uploads\/2024\/05\/343\/192\/UN.jpg?ve=1&amp;tl=1, https:\/\/a57.foxnews.com\/static.foxnews.com\/foxnews.com\/content\/uploads\/2024\/05\/686\/384\/UN.jpg?ve=1&amp;tl=1 2x\" height=\"192\" width=\"343\"><source media=\"(min-width: 768px) and (max-width: 1023px)\" srcset=\"https:\/\/a57.foxnews.com\/static.foxnews.com\/foxnews.com\/content\/uploads\/2024\/05\/672\/378\/UN.jpg?ve=1&amp;tl=1, https:\/\/a57.foxnews.com\/static.foxnews.com\/foxnews.com\/content\/uploads\/2024\/05\/1344\/756\/UN.jpg?ve=1&amp;tl=1 2x\" height=\"378\" width=\"672\"><source media=\"(min-width: 1024px) and (max-width: 1279px)\" srcset=\"https:\/\/a57.foxnews.com\/static.foxnews.com\/foxnews.com\/content\/uploads\/2024\/05\/931\/523\/UN.jpg?ve=1&amp;tl=1, https:\/\/a57.foxnews.com\/static.foxnews.com\/foxnews.com\/content\/uploads\/2024\/05\/1862\/1046\/UN.jpg?ve=1&amp;tl=1 2x\" height=\"523\" width=\"931\"><source media=\"(min-width: 1280px)\" srcset=\"https:\/\/a57.foxnews.com\/static.foxnews.com\/foxnews.com\/content\/uploads\/2024\/05\/720\/405\/UN.jpg?ve=1&amp;tl=1, https:\/\/a57.foxnews.com\/static.foxnews.com\/foxnews.com\/content\/uploads\/2024\/05\/1440\/810\/UN.jpg?ve=1&amp;tl=1 2x\" height=\"405\" width=\"720\"><img loading=\"lazy\" decoding=\"async\" src=\"https:\/\/a57.foxnews.com\/static.foxnews.com\/foxnews.com\/content\/uploads\/2024\/05\/1200\/675\/UN.jpg?ve=1&amp;tl=1\" alt=\"El edificio de las Naciones Unidas en la ciudad de Nueva York.\" width=\"1200\" height=\"675\"\/><\/source><\/source><\/source><\/source><\/picture><\/div>\n<div class=\"info\">\n<div class=\"caption\">\n<p><span>El edificio de las Naciones Unidas en la ciudad de Nueva York.<\/span> <span>(Reuters\/Mike Fresh\/Photo File)<\/span><\/p>\n<\/div>\n<\/div>\n<\/div>\n<p><strong>El ex funcionario de Trump golpea las reformas de la ONU como \u00abocho a\u00f1os y medio tarde\u00bb<\/strong><\/p>\n<p>A la cuesti\u00f3n de si el consejo necesita una mayor necesidad de personal o fondos para cumplir con su carga de trabajo actual, SIM dijo que \u00ablos Estados miembros de la ONU actualmente son consultas continuas sobre este asunto\u00bb.<\/p>\n<p>En una conferencia de prensa el 1 de julio, el subsecretario general de la ONU para la pol\u00edtica Guy Ryder actualiz\u00f3 a los reporteros en la iniciativa de la UN80 del secretario general de la ONU, Ant\u00f3nio Guterres. <\/p>\n<p>Ryder dijo que la ONU reconoce \u00abque tenemos una tarea dif\u00edcil de desenredar la maleza de las decisiones, las resoluciones y mecanismos que establecemos para implementarlos, y nos preguntamos si vamos a poder avanzar significativamente\u00bb.<\/p>\n<p>Ryder tambi\u00e9n admiti\u00f3 que \u00abcuando se realiz\u00f3 una revisi\u00f3n similar hace 20 a\u00f1os, se encontr\u00f3 bastante r\u00e1pidamente en la arena. No produjo los resultados que se esperaban y esperaban en ese momento. Estamos viendo esa experiencia hace 20 a\u00f1os, y esperamos poder evitar algunas de las trampas\u00bb. <\/p>\n<p>Sin embargo, Bayefsky dijo: \u00abDurante d\u00e9cadas, la ONU se ha involucrado en medidas falsas de ahorro de costos, mientras que sus gastos reales se han disparado\u00bb, dijo, y se\u00f1al\u00f3 que Estados Unidos \u00absiempre ha sido satisfecho al moverse alrededor de las sillas de la cubierta del Titanic\u00bb.<\/p>\n<div class=\"image-ct inline\">\n<div class=\"m\"><picture><source media=\"(max-width: 767px)\" srcset=\"https:\/\/a57.foxnews.com\/static.foxnews.com\/foxnews.com\/content\/uploads\/2023\/11\/343\/192\/State-Department-building-exterior.jpg?ve=1&amp;tl=1, https:\/\/a57.foxnews.com\/static.foxnews.com\/foxnews.com\/content\/uploads\/2023\/11\/686\/384\/State-Department-building-exterior.jpg?ve=1&amp;tl=1 2x\" height=\"192\" width=\"343\"><source media=\"(min-width: 768px) and (max-width: 1023px)\" srcset=\"https:\/\/a57.foxnews.com\/static.foxnews.com\/foxnews.com\/content\/uploads\/2023\/11\/672\/378\/State-Department-building-exterior.jpg?ve=1&amp;tl=1, https:\/\/a57.foxnews.com\/static.foxnews.com\/foxnews.com\/content\/uploads\/2023\/11\/1344\/756\/State-Department-building-exterior.jpg?ve=1&amp;tl=1 2x\" height=\"378\" width=\"672\"><source media=\"(min-width: 1024px) and (max-width: 1279px)\" srcset=\"https:\/\/a57.foxnews.com\/static.foxnews.com\/foxnews.com\/content\/uploads\/2023\/11\/931\/523\/State-Department-building-exterior.jpg?ve=1&amp;tl=1, https:\/\/a57.foxnews.com\/static.foxnews.com\/foxnews.com\/content\/uploads\/2023\/11\/1862\/1046\/State-Department-building-exterior.jpg?ve=1&amp;tl=1 2x\" height=\"523\" width=\"931\"><source media=\"(min-width: 1280px)\" srcset=\"https:\/\/a57.foxnews.com\/static.foxnews.com\/foxnews.com\/content\/uploads\/2023\/11\/720\/405\/State-Department-building-exterior.jpg?ve=1&amp;tl=1, https:\/\/a57.foxnews.com\/static.foxnews.com\/foxnews.com\/content\/uploads\/2023\/11\/1440\/810\/State-Department-building-exterior.jpg?ve=1&amp;tl=1 2x\" height=\"405\" width=\"720\"><img loading=\"lazy\" decoding=\"async\" src=\"https:\/\/a57.foxnews.com\/static.foxnews.com\/foxnews.com\/content\/uploads\/2023\/11\/1200\/675\/State-Department-building-exterior.jpg?ve=1&amp;tl=1\" alt=\"Edificio del departamento de estado\" width=\"1200\" height=\"675\"\/><\/source><\/source><\/source><\/source><\/picture><\/div>\n<div class=\"info\">\n<div class=\"caption\">\n<p><span> El exterior del complejo de Departamento de Estado en Washington, DC <\/span> <span>(Agencia Nathan Posner\/Anadolu a trav\u00e9s de Getty Images)<\/span><\/p>\n<\/div>\n<\/div>\n<\/div>\n<p>Bayefsky dijo que \u00abes el trabajo de nuestro gobierno poner fin a este c\u00e1lculo tortuoso al retener inmediatamente todo el presupuesto de la ONU hasta el momento en que se eliminan las lesiones peligrosas. Es nuestro trabajo negar visas a los miembros de COI que planean venir a los Estados Unidos en los pr\u00f3ximos meses. <\/p>\n<p>\u00abAl contrario de la creencia popular, el Acuerdo de Anfitri\u00f3n de los Estados Unidos-US-US-US para permitir a los viajeros internacionales a los Estados Unidos aviv\u00f3 las llamas del antisemitismo, y vandalizan nuestros valores fundamentales y la constituci\u00f3n desde el medio de la ciudad de Nueva York\u00bb, dijo Bayefsky. \u00abNecesitamos un bote nuevo, no nuevas sillas de cubierta\u00bb.<\/p>\n<p>Una propuesta de presupuesto de la Administraci\u00f3n Trump filtrada en abril anunci\u00f3 la intenci\u00f3n de eliminar todos los gastos a la ONU e organizaciones internacionales. <\/p>\n<p><strong>Haga clic aqu\u00ed para obtener la aplicaci\u00f3n Fox News<\/strong><\/p>\n<p>En respuesta a las preguntas sobre si se ha finalizado una decisi\u00f3n sobre la financiaci\u00f3n de la ONU, un alto funcionario del Departamento de Estado dijo a Fox News Digital que \u00abel presidente Trump est\u00e1 asegurando que los d\u00f3lares de los contribuyentes se usen sabiamente. Cualquier anuncio con respecto a la financiaci\u00f3n para las organizaciones internacionales provendr\u00e1 del presidente o la administraci\u00f3n\u00bb.<\/p>\n<p>Estados Unidos, a trav\u00e9s de sus contribuyentes, es el contribuyente m\u00e1s grande de la ONU en 2022, la ONU informa que $ 18.1 mil millones, o 26.8%, de sus $ 67.5 mil millones en gastos provienen de los Estados Unidos.<\/p>\n<p> <\/p>\n<p> <!----> <\/p>\n<div class=\"article-meta\">\n<div class=\"author-bio\">\n<p>Beth Bailey es una reportera que cubre Afganist\u00e1n, Oriente Medio, Asia y Am\u00e9rica Central. Anteriormente fue analista de inteligencia civil del Departamento del Ej\u00e9rcito. Puedes seguir a Beth en Twitter @bwbailey85<\/p>\n<\/div>\n<\/div>\n<\/div>\n\n","protected":false},"excerpt":{"rendered":"<p>NUEVO\u00a1Ahora puedes escuchar art\u00edculos de Fox News! Los cr\u00edticos criticaron a las Naciones Unidas por recompensar una controvertida Comisi\u00f3n de Investigaci\u00f3n contra el Israel con cuatro nuevas posiciones por valor de hasta tres cuartos de millones de d\u00f3lares, incluso cuando el cuerpo mundial sufre una grave crisis de efectivo. \u00abCuando se trata de gastar dinero &hellip;<\/p>\n","protected":false},"author":1,"featured_media":34636,"comment_status":"open","ping_status":"open","sticky":false,"template":"","format":"standard","meta":{"fifu_image_url":"https:\/\/static.foxnews.com\/foxnews.com\/content\/uploads\/2024\/10\/thumbnail_un-israel-flag.jpg","fifu_image_alt":"","footnotes":""},"categories":[13],"tags":[],"class_list":["post-34634","post","type-post","status-publish","format-standard","has-post-thumbnail","","category-mundo"],"_links":{"self":[{"href":"https:\/\/noticiasveraces.com\/index.php?rest_route=\/wp\/v2\/posts\/34634","targetHints":{"allow":["GET"]}}],"collection":[{"href":"https:\/\/noticiasveraces.com\/index.php?rest_route=\/wp\/v2\/posts"}],"about":[{"href":"https:\/\/noticiasveraces.com\/index.php?rest_route=\/wp\/v2\/types\/post"}],"author":[{"embeddable":true,"href":"https:\/\/noticiasveraces.com\/index.php?rest_route=\/wp\/v2\/users\/1"}],"replies":[{"embeddable":true,"href":"https:\/\/noticiasveraces.com\/index.php?rest_route=%2Fwp%2Fv2%2Fcomments&post=34634"}],"version-history":[{"count":0,"href":"https:\/\/noticiasveraces.com\/index.php?rest_route=\/wp\/v2\/posts\/34634\/revisions"}],"wp:featuredmedia":[{"embeddable":true,"href":"https:\/\/noticiasveraces.com\/index.php?rest_route=\/wp\/v2\/media\/34636"}],"wp:attachment":[{"href":"https:\/\/noticiasveraces.com\/index.php?rest_route=%2Fwp%2Fv2%2Fmedia&parent=34634"}],"wp:term":[{"taxonomy":"category","embeddable":true,"href":"https:\/\/noticiasveraces.com\/index.php?rest_route=%2Fwp%2Fv2%2Fcategories&post=34634"},{"taxonomy":"post_tag","embeddable":true,"href":"https:\/\/noticiasveraces.com\/index.php?rest_route=%2Fwp%2Fv2%2Ftags&post=34634"}],"curies":[{"name":"wp","href":"https:\/\/api.w.org\/{rel}","templated":true}]}}