{"id":34632,"date":"2025-07-05T08:55:14","date_gmt":"2025-07-05T12:55:14","guid":{"rendered":"https:\/\/noticiasveraces.com\/?p=34632"},"modified":"2025-07-05T08:55:14","modified_gmt":"2025-07-05T12:55:14","slug":"merz-quiere-un-mayor-papel-de-alemania-en-el-mundo-dw-04-07-2025","status":"publish","type":"post","link":"https:\/\/noticiasveraces.com\/?p=34632","title":{"rendered":"Merz quiere un mayor papel de Alemania en el mundo \u2013 DW \u2013 04\/07\/2025"},"content":{"rendered":"<p> \n<\/p>\n<div>\n<p>\u00abGermany is back on track\u00bb (&#8216;Alemania ha vuelto al buen camino&#8217;). El canciller, Friedrich Merz, del partido conservador CDU, reivindica, en ingl\u00e9s, la aspiraci\u00f3n de su Gobierno de un nuevo papel para Alemania en el escenario internacional. Recrimina al anterior ejecutivo del socialdem\u00f3crata Olaf Scholz haber sido demasiado reservado y vacilante a la hora de apoyar a Ucrania, adem\u00e1s de poco ambicioso en pol\u00edtica europea.<\/p>\n<p>Merz ha declarado la pol\u00edtica exterior una prioridad absoluta. Su mensaje: Alemania quiere asumir m\u00e1s responsabilidad. Deber\u00eda tener un papel de liderazgo en la UE. Deber\u00eda convertirse en el Ej\u00e9rcito m\u00e1s fuerte entre los pa\u00edses europeos de la OTAN. Al mismo tiempo, Europa deber\u00eda \u00abindependizarse de Estados Unidos\u00bb en defensa, como declar\u00f3 tras asumir el cargo.<\/p>\n<h2>Merz hace lo que Trump quiere<\/h2>\n<p>\u00bfEst\u00e1 cumpliendo esa promesa? Durante su primera visita a Washington, la mayor\u00eda de los medios de comunicaci\u00f3n ya consideraban un \u00e9xito que la comparecencia conjunta con Donald Trump se desarrollara sin grandes desacuerdos.<\/p>\n<p>Merz apenas dijo nada, parec\u00eda nervioso, mientras que Trump hablaba por tanto a\u00fan m\u00e1s. El canciller prometi\u00f3 un aumento del gasto en defensa y el presidente estadounidense pareci\u00f3 satisfecho. \u00abTrump no est\u00e1 interesado en socios, sino en el vasallaje\u00bb. As\u00ed lo ve el polit\u00f3logo Johannes Varwick, de la Universidad de Halle-Wittenberg.<\/p>\n<p>Henning Hoff, del Consejo Alem\u00e1n de Relaciones Exteriores, se\u00f1ala a DW que, en cuanto al objetivo de la \u00abindependencia\u00bb, Merz \u00abregres\u00f3 m\u00e1s a las v\u00edas transatl\u00e1nticas tradicionales\u00bb. Dada la importante dependencia de Europa en materia de seguridad respecto a EE.\u00a0UU., un rechazo abierto a Washington tambi\u00e9n ser\u00eda temerario e imprudente. Varwick coincide: \u00abNo se puede hablar de independencia\u00bb, ni pol\u00edtica ni militar.<\/p>\n<h2>\u00bfPuede y quiere Alemania reemplazar a EE. UU. en Ucrania?<\/h2>\n<p>Un tono igualmente servil hacia Trump, como destacaron varios medios de comunicaci\u00f3n, se mantuvo en la cumbre de la OTAN en La Haya. Incluso fue adulado como &#8216;pap\u00e1&#8217; por el secretario general, Mark Rutte.<\/p>\n<p>Los europeos se comprometieron a destinar el 5\u00a0% de su producci\u00f3n econ\u00f3mica al gasto en defensa. El mensaje de Trump ha sido desde hace tiempo: quien no pague, no tendr\u00e1 protecci\u00f3n estadounidense. El objetivo principal de la cumbre, mantener a Estados Unidos como garante de la seguridad en Europa, parece haberse logrado por el momento.<\/p>\n<figure class=\"placeholder-image master_landscape big\"><img data-format=\"MASTER_LANDSCAPE\" data-id=\"73033105\" data-url=\"https:\/\/static.dw.com\/image\/73033105_${formatId}.jpg\" data-aspect-ratio=\"16\/9\" alt=\"Donald Trump, en primer plano, pasa delante de (de izq. a derecha) el presidente finland\u00e9s, Alexander Stubb, que le mira con el gesto torcido; el presidente franc\u00e9s, Emmanuel Macron, y el canciller alem\u00e1n, Friedrich Merz (ambos sonrientes).\" style=\"padding-bottom: 56.25%; height: 0; max-height: 0;\"\/><figcaption class=\"img-caption\">La cumbre de la OTAN fue pr\u00e1cticamente un homenaje a Donald Trump, aunque los distintos mandatarios puedan pensar diferente sobre \u00e9l.<small class=\"copyright\">Imagen: Christian Hartmann\/REUTERS<\/small><\/figcaption><\/figure>\n<p>Sin embargo, la hoja de ruta para la adhesi\u00f3n de Ucrania a la OTAN, que tambi\u00e9n desea Alemania, ni siquiera se debati\u00f3 en La Haya: Estados Unidos ha abandonado el objetivo. Trump parece haber perdido inter\u00e9s en Ucrania. Washington ha detenido el \u00faltimo env\u00edo de misiles anti\u00e1reos Patriot aduciendo que los necesita.<\/p>\n<p>Esto plantea la pregunta de si los europeos, y Alemania en particular, van a querer tomar el relevo. Johannes Varwick cree que si los europeos quisieran compensar el papel estadounidense, \u00abno ser\u00eda muy prometedor en t\u00e9rminos de poder pol\u00edtico ni financiero; tarde o temprano, Berl\u00edn y Bruselas probablemente tambi\u00e9n adoptar\u00e1n el giro de 180 grados de los estadounidenses\u00bb.<\/p>\n<h2>Los controles fronterizos tensan las relaciones con Polonia<\/h2>\n<p>El nuevo canciller viaj\u00f3 a Par\u00eds y Varsovia inmediatamente despu\u00e9s de asumir el cargo, como muestra de la especial importancia que concede a estos dos socios europeos. Hubo, al menos en apariencia, un acuerdo cordial con el presidente franc\u00e9s, Emmanuel Macron.<\/p>\n<p>Con el primer ministro polaco, Donald Tusk, sin embargo, Merz \u00abempez\u00f3 mal\u00bb al ordenar el control de fronteras para evitar las entradas ilegales. \u00abPara \u00e9l, la pol\u00edtica migratoria simb\u00f3lica fue m\u00e1s importante que la cohesi\u00f3n europea y las buenas relaciones de vecindad con Polonia\u00bb, eval\u00faa Henning Hoff.<\/p>\n<p><span data-slot-id=\"Article_InContent-1\" class=\"rich-text-ad\"\/><\/p>\n<h2>Un mero espectador en el Medio Oriente<\/h2>\n<p>La segunda gran crisis, junto con la guerra de Ucrania, el conflicto del Medio Oriente, se est\u00e1 desarrollando pr\u00e1cticamente sin la intervenci\u00f3n europea. Israel y\u00a0pocos d\u00edas despu\u00e9s Estados Unidos atacaron objetivos en Ir\u00e1n para impedir que el pa\u00eds construyera una bomba nuclear. No hubo consultas con los europeos.<\/p>\n<p>Merz pareci\u00f3\u00a0orgulloso de haber sido informado posteriormente de los ataques: \u00abFui uno de los primeros, si no el primero, en ser informado\u00bb, declar\u00f3 a la cadena p\u00fablica alemana ARD. Johannes Varwick afirma con resignaci\u00f3n: \u00abVemos lo bajo que hemos ca\u00eddo. Europa y Alemania no juegan ning\u00fan papel aqu\u00ed. Merz no va a poder cambiar eso\u00bb.<\/p>\n<h2>\u00bfQu\u00e9 supone\u00a0el impulso de la pol\u00edtica exterior?<\/h2>\n<p>Con todo esto, una evaluaci\u00f3n inicial de la pol\u00edtica exterior de Merz tendr\u00eda claroscuros. Sin embargo, el nuevo Gobierno solo lleva dos meses en el poder.<\/p>\n<p>A Henning Hoff no le queda claro \u00abqu\u00e9 quiere decir Merz con &#8216;Alemania ha vuelto al buen camino&#8217;, qu\u00e9 quiere construir y a qu\u00e9 &#8216;camino&#8217; quiere que vuelva\u00bb. Para \u00e9l, la visi\u00f3n de Merz de un mayor papel en pol\u00edtica exterior \u00abse basa en una pol\u00edtica de gasto masivo financiado con deuda para defensa e infraestructura, posible gracias a su propio giro de 180 grados en este tema y al apoyo del partido socialdem\u00f3crata y Los Verdes\u00bb. Y recalca: \u00abEl Gobierno anterior no ten\u00eda esta opci\u00f3n\u00bb.<\/p>\n<p>Queda por ver qu\u00e9 har\u00e1 el Gobierno de Merz en pol\u00edtica exterior con este enorme bal\u00f3n de ox\u00edgeno financiero.<\/p>\n<p>(LGC\/RML)<\/p>\n<\/div>\n\n","protected":false},"excerpt":{"rendered":"<p>\u00abGermany is back on track\u00bb (&#8216;Alemania ha vuelto al buen camino&#8217;). El canciller, Friedrich Merz, del partido conservador CDU, reivindica, en ingl\u00e9s, la aspiraci\u00f3n de su Gobierno de un nuevo papel para Alemania en el escenario internacional. Recrimina al anterior ejecutivo del socialdem\u00f3crata Olaf Scholz haber sido demasiado reservado y vacilante a la hora de &hellip;<\/p>\n","protected":false},"author":1,"featured_media":34633,"comment_status":"open","ping_status":"open","sticky":false,"template":"","format":"standard","meta":{"fifu_image_url":"https:\/\/static.dw.com\/image\/73037918_6.jpg","fifu_image_alt":"","footnotes":""},"categories":[13],"tags":[],"class_list":["post-34632","post","type-post","status-publish","format-standard","has-post-thumbnail","","category-mundo"],"_links":{"self":[{"href":"https:\/\/noticiasveraces.com\/index.php?rest_route=\/wp\/v2\/posts\/34632","targetHints":{"allow":["GET"]}}],"collection":[{"href":"https:\/\/noticiasveraces.com\/index.php?rest_route=\/wp\/v2\/posts"}],"about":[{"href":"https:\/\/noticiasveraces.com\/index.php?rest_route=\/wp\/v2\/types\/post"}],"author":[{"embeddable":true,"href":"https:\/\/noticiasveraces.com\/index.php?rest_route=\/wp\/v2\/users\/1"}],"replies":[{"embeddable":true,"href":"https:\/\/noticiasveraces.com\/index.php?rest_route=%2Fwp%2Fv2%2Fcomments&post=34632"}],"version-history":[{"count":0,"href":"https:\/\/noticiasveraces.com\/index.php?rest_route=\/wp\/v2\/posts\/34632\/revisions"}],"wp:featuredmedia":[{"embeddable":true,"href":"https:\/\/noticiasveraces.com\/index.php?rest_route=\/wp\/v2\/media\/34633"}],"wp:attachment":[{"href":"https:\/\/noticiasveraces.com\/index.php?rest_route=%2Fwp%2Fv2%2Fmedia&parent=34632"}],"wp:term":[{"taxonomy":"category","embeddable":true,"href":"https:\/\/noticiasveraces.com\/index.php?rest_route=%2Fwp%2Fv2%2Fcategories&post=34632"},{"taxonomy":"post_tag","embeddable":true,"href":"https:\/\/noticiasveraces.com\/index.php?rest_route=%2Fwp%2Fv2%2Ftags&post=34632"}],"curies":[{"name":"wp","href":"https:\/\/api.w.org\/{rel}","templated":true}]}}