{"id":34625,"date":"2025-07-05T07:30:15","date_gmt":"2025-07-05T11:30:15","guid":{"rendered":"https:\/\/noticiasveraces.com\/?p=34625"},"modified":"2025-07-05T07:30:15","modified_gmt":"2025-07-05T11:30:15","slug":"borja-sainz-de-aja-abogado-el-despacho-me-saco-del-armario-sociedad","status":"publish","type":"post","link":"https:\/\/noticiasveraces.com\/?p=34625","title":{"rendered":"Borja S\u00e1inz de Aja, abogado: \u201cEl despacho me sac\u00f3 del armario\u201d | Sociedad"},"content":{"rendered":"<p> \n<br \/><img decoding=\"async\" src=\"https:\/\/imagenes.elpais.com\/resizer\/v2\/DMIFL4VTOVAG3LGSWFOTKBJKFA.jpg?auth=ca2a01ea8e15e433ba7f60a679cdca309e30303a50347e7f923628385eac2448\" \/><\/p>\n<div data-dtm-region=\"articulo_cuerpo\">\n<p class=\"\">Borja S\u00e1inz de Aja (Pamplona, 48 a\u00f1os) duda si para las fotos es mejor salir con o sin corbata. Acaba convenci\u00e9ndose de qued\u00e1rsela, como se dejar\u00e1 la chaqueta y los gemelos. Reci\u00e9n llegado de Bilbao, es pura energ\u00eda en una de las salas de la und\u00e9cima planta de la sede del bufete de abogados Ur\u00eda &#038; Men\u00e9ndez, donde ejerce como socio y trabaja desde hace 26 a\u00f1os. Es una sala donde predomina el gris, pero donde destaca un espl\u00e9ndido cuadro de Eduardo \u00darculo que ocupa m\u00e1s de una cuarta parte de la pared. \u201cT\u00fa me dir\u00e1s, \u00bfqu\u00e9 quieres que te cuente?\u201d, afirma S\u00e1inz de Aja, que tambi\u00e9n es presidente de la Red Empresarial por la Diversidad y la Inclusi\u00f3n LGBTI. <\/p>\n<p class=\"\"><b>Pregunta.<\/b> Usted dir\u00e1. Empiece cont\u00e1ndome qui\u00e9n es, y vamos viendo. <\/p>\n<p class=\"\"><b>Respuesta.<\/b> Lo m\u00edo no es por vocaci\u00f3n, ni por tradici\u00f3n familiar. Yo quer\u00eda ser diplom\u00e1tico y he acabado si\u00e9ndolo, pero a trav\u00e9s del ejercicio del Derecho. Empec\u00e9 haciendo pr\u00e1cticas y me qued\u00e9. Eso fue hace 26 a\u00f1os. <\/p>\n<p class=\"\"><b>PAG.<\/b> Usted que conoce la cocina por dentro. \u00bfQu\u00e9 son los abogados y qu\u00e9 no son?<\/p>\n<p class=\"\"><b>R.<\/b> Hay una idea de que somos un sector muy conservador. Es verdad que somos prudentes, porque defendemos intereses de terceros, pero es una profesi\u00f3n intelectual, abierta a las ideas, al debate y a la creatividad. Aqu\u00ed por el dinero no estamos. <\/p>\n<p class=\"\"><b>PAG.<\/b> \u00bfQu\u00e9 encontr\u00f3 al llegar y qu\u00e9 encuentra hoy?<\/p>\n<p class=\"\"><b>R.<\/b> Antes era un sitio donde los aspectos personales se dejaban en la puerta. Pero ahora nos hemos dado cuenta de que la sociedad pasa por nosotros y las vivencias y las exigencias son distintas. Antes la diversidad no se ve\u00eda. Hoy nos ha desbordado y no solo sabemos que existe, sino que la promovemos como parte del desarrollo profesional. Durante los primeros a\u00f1os de mi carrera pensaba que era un impostor. Yo ten\u00eda cabida en la medida en que actuase. No me lo ped\u00eda nadie, lo hac\u00eda yo. A partir de ese a\u00f1o empec\u00e9 a reflexionar y coincidi\u00f3 en que me present\u00e9 a la elecci\u00f3n como socio. Me estamp\u00e9 contra la pared. <\/p>\n<p class=\"\"><b>PAG. <\/b>\u00bfQu\u00e9 pas\u00f3?<\/p>\n<p class=\"\"><b>R. <\/b>Me dijeron que no. Fue un shock, el sentimiento de fracaso y de verg\u00fcenza m\u00e1s grande de mi vida profesional, y al mismo tiempo una catarsis. Desde entonces, para bien y para mal, decid\u00ed ser yo. Mucha gente dice: \u201cYo sal\u00ed del armario\u201d, y no es verdad, salimos a una hora y volvemos a otra. Hasta que un d\u00eda una socia me dijo: \u201cMe han pedido que desarrolle la pol\u00edtica de diversidad LGBTI y s\u00e9 que lo voy a hacer fatal. Al \u00fanico que conozco eres t\u00fa, \u00bfme ayudas?\u201d. Lo hice como cuando te encargan una demanda, sin darme cuenta de que emprend\u00eda un viaje, porque al ocuparme de esto, el despacho me sac\u00f3 del armario. Y eso, lejos de separarme de la gente, me acerc\u00f3. <\/p>\n<p class=\"\"><b>PAG.<\/b> \u00bfQu\u00e9 coste ha tenido el silencio, el disfraz?<\/p>\n<p class=\"\"><b>R. <\/b>Mi entorno ha sido muy respetuoso, y han evolucionado conmigo y con los tiempos. El silencio es muy insidioso, no te das cuenta de lo peligroso que es hasta que est\u00e1s en una situaci\u00f3n complicada, tocas suelo y te dices que tienes que cambiar. El silencio es amable y no te expone, pero es un terrorismo de baja intensidad. <\/p>\n<p class=\"\"><b>PAG. <\/b>En una entrevista dijo que cada una de las siglas LGBTI representa a personas con realidades muy distintas. <\/p>\n<p class=\"\"><b>R. <\/b>Lo \u00fanico que tenemos en com\u00fan es que nos hemos sentido inseguros y no incluidos en alg\u00fan momento de nuestras vidas. Dentro de ese abecedario, los gays somos a la sociedad LGBTI lo que los hombres heterosexuales blancos a la sociedad ordinaria. Luego hay un mundo de matices muy rico que va de lo m\u00e1s reconocido a lo m\u00e1s desconocido, las personas no binarias, las personas trans, intersexuales, etc\u00e9tera. Hay gente que lo niega como si fuera ciencia ficci\u00f3n, cuando lo que se oculta es ignorancia y miedo. El 60% de la poblaci\u00f3n tiene un amigo o un familiar directo LGBTI. <\/p>\n<\/div>\n\n","protected":false},"excerpt":{"rendered":"<p>Borja S\u00e1inz de Aja (Pamplona, 48 a\u00f1os) duda si para las fotos es mejor salir con o sin corbata. Acaba convenci\u00e9ndose de qued\u00e1rsela, como se dejar\u00e1 la chaqueta y los gemelos. Reci\u00e9n llegado de Bilbao, es pura energ\u00eda en una de las salas de la und\u00e9cima planta de la sede del bufete de abogados Ur\u00eda &hellip;<\/p>\n","protected":false},"author":1,"featured_media":34627,"comment_status":"open","ping_status":"open","sticky":false,"template":"","format":"standard","meta":{"fifu_image_url":"https:\/\/imagenes.elpais.com\/resizer\/v2\/DMIFL4VTOVAG3LGSWFOTKBJKFA.jpg?auth=ca2a01ea8e15e433ba7f60a679cdca309e30303a50347e7f923628385eac2448&width=1200","fifu_image_alt":"","footnotes":""},"categories":[11],"tags":[],"class_list":["post-34625","post","type-post","status-publish","format-standard","has-post-thumbnail","","category-viaje"],"_links":{"self":[{"href":"https:\/\/noticiasveraces.com\/index.php?rest_route=\/wp\/v2\/posts\/34625","targetHints":{"allow":["GET"]}}],"collection":[{"href":"https:\/\/noticiasveraces.com\/index.php?rest_route=\/wp\/v2\/posts"}],"about":[{"href":"https:\/\/noticiasveraces.com\/index.php?rest_route=\/wp\/v2\/types\/post"}],"author":[{"embeddable":true,"href":"https:\/\/noticiasveraces.com\/index.php?rest_route=\/wp\/v2\/users\/1"}],"replies":[{"embeddable":true,"href":"https:\/\/noticiasveraces.com\/index.php?rest_route=%2Fwp%2Fv2%2Fcomments&post=34625"}],"version-history":[{"count":0,"href":"https:\/\/noticiasveraces.com\/index.php?rest_route=\/wp\/v2\/posts\/34625\/revisions"}],"wp:featuredmedia":[{"embeddable":true,"href":"https:\/\/noticiasveraces.com\/index.php?rest_route=\/wp\/v2\/media\/34627"}],"wp:attachment":[{"href":"https:\/\/noticiasveraces.com\/index.php?rest_route=%2Fwp%2Fv2%2Fmedia&parent=34625"}],"wp:term":[{"taxonomy":"category","embeddable":true,"href":"https:\/\/noticiasveraces.com\/index.php?rest_route=%2Fwp%2Fv2%2Fcategories&post=34625"},{"taxonomy":"post_tag","embeddable":true,"href":"https:\/\/noticiasveraces.com\/index.php?rest_route=%2Fwp%2Fv2%2Ftags&post=34625"}],"curies":[{"name":"wp","href":"https:\/\/api.w.org\/{rel}","templated":true}]}}