{"id":34549,"date":"2025-07-04T19:38:46","date_gmt":"2025-07-04T23:38:46","guid":{"rendered":"https:\/\/noticiasveraces.com\/?p=34549"},"modified":"2025-07-04T19:38:46","modified_gmt":"2025-07-04T23:38:46","slug":"cientos-de-personas-rinden-homenaje-a-diogo-jota-en-portugal-dw-04-07-2025","status":"publish","type":"post","link":"https:\/\/noticiasveraces.com\/?p=34549","title":{"rendered":"Cientos de personas rinden homenaje a Diogo Jota en Portugal \u2013 DW \u2013 04\/07\/2025"},"content":{"rendered":"<p> \n<\/p>\n<div>\n<p>Cientos de residentes de Gondomar, en el norte de Portugal, desfilaron este viernes (04.07.2025) ante los cuerpos del delantero\u00a0del Liverpool Diogo Jota y su hermano Andr\u00e9 Silva en una capilla de esta ciudad en la que creci\u00f3, tras su muerte en un accidente de tr\u00e1nsito en Espa\u00f1a.<\/p>\n<h2><strong>\u00ab\u00cdcono del talento que representa el f\u00fatbol portugu\u00e9s\u00bb<\/strong><\/h2>\n<p>En un velorio privado previo, el primer ministro portugu\u00e9s Luis Montenegro, el presidente del FC Porto, Andr\u00e9 Villas-Boas; el presidente de la Federaci\u00f3n Portuguesa de F\u00fatbol, \u200b\u200bPedro Proen\u00e7a; y el agente de Jota, Jorge Mendes, se unieron a la familia de los hermanos, incluyendo a su esposa Rute Cardoso, quien se hab\u00eda casado con el futbolista apenas unas semanas antes.<\/p>\n<figure class=\"placeholder-image master_landscape big\"><img data-format=\"MASTER_LANDSCAPE\" data-id=\"73139368\" data-url=\"https:\/\/static.dw.com\/image\/73139368_${formatId}.jpg\" data-aspect-ratio=\"16\/9\" alt=\"La muerte del internacional portugu\u00e9s conmovi\u00f3 al mundo del f\u00fatbol y del deporte en general\" style=\"padding-bottom: 56.25%; height: 0; max-height: 0;\"\/><figcaption class=\"img-caption\">La muerte del internacional portugu\u00e9s conmovi\u00f3 al mundo del f\u00fatbol y del deporte en general<small class=\"copyright\">Imagen: Joe Giddens\/PA\/AP\/Picture Alliance<\/small><\/figcaption><\/figure>\n<p>\u00abEs un momento de gran dolor para la familia, que qued\u00f3 anclada en este tr\u00e1gico accidente\u00bb, declar\u00f3 Proen\u00e7a al salir del velorio. \u00abDiogo fue un \u00edcono del talento que representa el f\u00fatbol portugu\u00e9s y de su capacidad para generar unidad en torno a una persona\u00bb.<\/p>\n<p>Se cree que los hermanos se dirig\u00edan a un ferry en Espa\u00f1a para viajar a Reino Unido cuando su Lamborghini se sali\u00f3 de la carretera y estall\u00f3 en llamas despu\u00e9s de la medianoche del jueves. La polic\u00eda indic\u00f3 que sospechaba que un neum\u00e1tico hab\u00eda reventado.<\/p>\n<h2><strong>\u00abDiogo fue un h\u00e9roe silencioso\u00bb<\/strong><\/h2>\n<p>Silva tambi\u00e9n jug\u00f3 como futbolista en el Penafiel, en la segunda divisi\u00f3n portuguesa.<\/p>\n<p>Se espera que el funeral de los hermanos se celebre el s\u00e1bado en una iglesia cercana a las 10:00 a.m. hora local, indic\u00f3 la alcald\u00eda de Gondomar.<\/p>\n<figure class=\"placeholder-image master_landscape big\"><img data-format=\"MASTER_LANDSCAPE\" data-id=\"73161937\" data-url=\"https:\/\/static.dw.com\/image\/73161937_${formatId}.jpg\" data-aspect-ratio=\"16\/9\" alt=\"El presidente de Portugal, Marcelo Rebelo de Sousa (centro en la imagen), llega a la iglesia donde los cuerpos de Jota y Silva fueron llevados para un velorio y funeral, en Gondomar, cerca de Oporto, Portugal (04.07.2025)\" style=\"padding-bottom: 56.25%; height: 0; max-height: 0;\"\/><figcaption class=\"img-caption\">El presidente de Portugal, Marcelo Rebelo de Sousa (centro en la imagen), llega a la iglesia donde los cuerpos de Jota y Silva fueron llevados para un velorio y funeral, en Gondomar, cerca de Oporto, Portugal (04.07.2025)<small class=\"copyright\">Imagen: Manu Fern\u00e1ndez\/AP\/Picture Alliance<\/small><\/figcaption><\/figure>\n<p>El fallecimiento de Jota a los 28 a\u00f1os conmocion\u00f3 al mundo del f\u00fatbol, \u200b\u200bcon numerosos homenajes de excompa\u00f1eros, clubes, dirigentes nacionales y aficionados.<\/p>\n<p>\u00abDiogo fue un h\u00e9roe silencioso por todo lo que represent\u00f3 dentro y fuera del campo\u00bb, declar\u00f3 Villas-Boas al salir del velorio este viernes. \u00abSon d\u00edas tr\u00e1gicos, d\u00edas de reflexi\u00f3n, y que el recuerdo de estos dos atletas, estos dos grandes hombres, perdure\u00bb, agreg\u00f3 el exentrenador del Chelsea.<\/p>\n<p>RR Reuters\/AFP<\/p>\n<\/div>\n\n","protected":false},"excerpt":{"rendered":"<p>Cientos de residentes de Gondomar, en el norte de Portugal, desfilaron este viernes (04.07.2025) ante los cuerpos del delantero\u00a0del Liverpool Diogo Jota y su hermano Andr\u00e9 Silva en una capilla de esta ciudad en la que creci\u00f3, tras su muerte en un accidente de tr\u00e1nsito en Espa\u00f1a. \u00ab\u00cdcono del talento que representa el f\u00fatbol portugu\u00e9s\u00bb &hellip;<\/p>\n","protected":false},"author":1,"featured_media":34550,"comment_status":"open","ping_status":"open","sticky":false,"template":"","format":"standard","meta":{"fifu_image_url":"https:\/\/static.dw.com\/image\/73161759_6.jpg","fifu_image_alt":"","footnotes":""},"categories":[13],"tags":[],"class_list":["post-34549","post","type-post","status-publish","format-standard","has-post-thumbnail","","category-mundo"],"_links":{"self":[{"href":"https:\/\/noticiasveraces.com\/index.php?rest_route=\/wp\/v2\/posts\/34549","targetHints":{"allow":["GET"]}}],"collection":[{"href":"https:\/\/noticiasveraces.com\/index.php?rest_route=\/wp\/v2\/posts"}],"about":[{"href":"https:\/\/noticiasveraces.com\/index.php?rest_route=\/wp\/v2\/types\/post"}],"author":[{"embeddable":true,"href":"https:\/\/noticiasveraces.com\/index.php?rest_route=\/wp\/v2\/users\/1"}],"replies":[{"embeddable":true,"href":"https:\/\/noticiasveraces.com\/index.php?rest_route=%2Fwp%2Fv2%2Fcomments&post=34549"}],"version-history":[{"count":0,"href":"https:\/\/noticiasveraces.com\/index.php?rest_route=\/wp\/v2\/posts\/34549\/revisions"}],"wp:featuredmedia":[{"embeddable":true,"href":"https:\/\/noticiasveraces.com\/index.php?rest_route=\/wp\/v2\/media\/34550"}],"wp:attachment":[{"href":"https:\/\/noticiasveraces.com\/index.php?rest_route=%2Fwp%2Fv2%2Fmedia&parent=34549"}],"wp:term":[{"taxonomy":"category","embeddable":true,"href":"https:\/\/noticiasveraces.com\/index.php?rest_route=%2Fwp%2Fv2%2Fcategories&post=34549"},{"taxonomy":"post_tag","embeddable":true,"href":"https:\/\/noticiasveraces.com\/index.php?rest_route=%2Fwp%2Fv2%2Ftags&post=34549"}],"curies":[{"name":"wp","href":"https:\/\/api.w.org\/{rel}","templated":true}]}}