{"id":34546,"date":"2025-07-04T19:28:11","date_gmt":"2025-07-04T23:28:11","guid":{"rendered":"https:\/\/noticiasveraces.com\/?p=34546"},"modified":"2025-07-04T19:28:11","modified_gmt":"2025-07-04T23:28:11","slug":"la-covid-persistente-y-la-celiaquia-son-reconocidas-como-enfermedades-cronicas-sociedad","status":"publish","type":"post","link":"https:\/\/noticiasveraces.com\/?p=34546","title":{"rendered":"La covid persistente y la celiaqu\u00eda son reconocidas como enfermedades cr\u00f3nicas | Sociedad"},"content":{"rendered":"<p> \n<br \/><img decoding=\"async\" src=\"https:\/\/imagenes.elpais.com\/resizer\/v2\/XISEOFJGWNGSDIRNKGJ7SVGE4E.jpg?auth=2959ccf721248bb7454d1f7d7e0ffb1d4412b4008d581418f26c2089b1d359f5\" \/><\/p>\n<div data-dtm-region=\"articulo_cuerpo\">\n<p class=\"\">La covid persistente, la enfermedad celiaca, el dolor cr\u00f3nico no oncol\u00f3gico o las secuelas de la polio han pasado a ser consideradas enfermedades cr\u00f3nicas, tras el acuerdo al que han llegado este viernes el Ministerio de Sanidad y las comunidades aut\u00f3nomas en el Consejo Interterritorial del Sistema Nacional de Salud (CISNS) para aprobar el <i>Documento com\u00fan para el abordaje de la cronicidad<\/i>.<\/p>\n<p class=\"\">Supone el reconocimiento oficial de unas dolencias para las cuales los servicios de salud deber\u00e1n establecer rutas asistenciales espec\u00edficas. Hasta ahora, algunas permanec\u00edan en un limbo y la asistencia variaba mucho en funci\u00f3n del m\u00e9dico. La consideraci\u00f3n de enfermedades cr\u00f3nicas conlleva la creaci\u00f3n de protocolos espec\u00edficos de seguimiento, ayuda a reforzar el papel de la Atenci\u00f3n Primaria como eje asistencial y la coordinaci\u00f3n con servicios sociales o educativos si es necesario. Tambi\u00e9n puede servir para facilitar el acceso a recursos y prestaciones, as\u00ed como para agilizar las bajas laborales.<\/p>\n<p class=\"\">En el caso de la covid persistente, se \u201carticular\u00e1n protocolos de seguimiento multidisciplinar para personas con s\u00edntomas prolongados, garantizando una respuesta adaptada, integral y basada en la evidencia\u201d, seg\u00fan el acuerdo.<\/p>\n<p class=\"\">Las asociaciones de pacientes de covid persistente llevaban tiempo trabajando en este reconocimiento. Delphine Crespo, presidenta Long COVID Arag\u00f3n, una de las impulsoras del reconocimiento de la patolog\u00eda, celebra este paso: \u201cEs lo que ped\u00edamos, protocolos claros para todas las comunidades aut\u00f3nomas. Por fin tendremos un reconocimiento oficial por parte de los profesionales, que nos tendr\u00e1n que tratar en base a un documento establecido por el Ministerio de Sanidad y sabr\u00e1n c\u00f3mo derivarnos y c\u00f3mo trataros, entre comillas, porque no existen tratamientos curativos\u201d.<\/p>\n<p class=\"\">No existe una estimaci\u00f3n oficial de cu\u00e1ntas personas padecen covid persistente. Uno de los motivos es la dificultad de su detecci\u00f3n, ya que presenta s\u00edntomas muy variados, como disnea (dificultad para respirar), niebla mental (falta de capacidad de concentraci\u00f3n), problemas cognitivos, card\u00edacos, dolores musculares, cansancio&#8230; El diagn\u00f3stico se hace por descarte de otras enfermedades, cuando persisten alguno o varios de estos s\u00edntomas m\u00e1s de tres meses despu\u00e9s de una infecci\u00f3n de covid.<\/p>\n<p class=\"\">Crespo considera muy importante la consideraci\u00f3n de cr\u00f3nicos: \u201cHasta ahora nos dec\u00edan que nos \u00edbamos a curar, pero por desgracia todav\u00eda estamos enfermos y muchos vamos a peor\u201d. <\/p>\n<p class=\"\">Todav\u00eda queda mucho por saber de la covid persistente, que es uno de los muchos s\u00edndromes posv\u00edricos que existen. La mayor\u00eda de personas que se infectan recuperan la normalidad, pero en algunas (se calcula que un 10%, pero no est\u00e1 claro cu\u00e1ntas se recuperan tras unos meses) se produce una cascada inflamatoria que altera la inmunidad y produce un desequilibrio que puede afectar a uno o varios \u00f3rganos. <\/p>\n<p class=\"\">En el caso de la enfermedad celiaca, se estima que la padece entre 1% y 2% de la poblaci\u00f3n, lo que equivale en Espa\u00f1a a entre 450.000 y 900.000 personas. Los protocolos en este caso est\u00e1n ya establecidos en muchas comunidades aut\u00f3nomas, cuenta Roberto Espina, director de la Asociaci\u00f3n de Celiacos y Sensibles al Gluten. \u201cEsto es un nuevo paso adelante que nos acerca a un objetivo: que se reconozca que el \u00fanico tratamiento es una dieta sin gluten, y que, por tanto, se financie, al igual que sucede con los medicamentos, y como ocurre ya en otros pa\u00edses\u201d, se\u00f1ala. <\/p>\n<h3 class=\"\">M\u00e1s acuerdos del interterritorial<\/h3>\n<p class=\"\">El CISNS de este viernes llevaba una agenda cargada con una veintena de temas, tantos que los consejeros del PP la han calificado de \u201cexcesiva\u201d. Otro de los acuerdos ha sido la creaci\u00f3n del primer CSUR (siglas de Centros, Servicios y Unidades de Referencia) para personas transexuales de Espa\u00f1a, que servir\u00e1 como una referencia nacional de especializaci\u00f3n, sobre todo para cirug\u00edas que entra\u00f1en una especial complejidad. <\/p>\n<p class=\"\">Tambi\u00e9n se ha aprobado la designaci\u00f3n del Hospital Vall d\u2019Hebron de Barcelona-SEM, el Hospital Universitario 12 de Octubre de Madrid-SUMMA112 y el Hospital Universitario Regional de M\u00e1laga-SAMU como CSUR en transporte en ECMO para pacientes pedi\u00e1tricos y neonatales. <\/p>\n<p class=\"\">ECMO son las siglas inglesas de la oxigenaci\u00f3n por membrana extracorp\u00f3rea, una t\u00e9cnica de soporte vital que sustituye temporalmente las funciones card\u00edacas y\/o pulmonares en pacientes con fallo multiorg\u00e1nico reversible. Se trata de una intervenci\u00f3n altamente compleja, que requiere equipos multidisciplinares especializados, infraestructura t\u00e9cnica avanzada y capacidad de respuesta inmediata.<\/p>\n<p class=\"\">Tambi\u00e9n se ha debatido la ley del medicamento, que el Ministerio de Sanidad quiere tener listo para llevar al Consejo de Ministros en septiembre. Su titular, M\u00f3nica Garc\u00eda, ha dicho en la rueda de prensa tras el CISNS que en este tiempo quiere que el texto se \u201cafine entre todos\u201d. <\/p>\n<p class=\"\">Los consejeros hab\u00edan tachado el documento de \u201cbodrio\u201d por no incluir ninguna de las m\u00e1s de 400 alegaciones, a lo que Garc\u00eda ha respondido que en el Interterritorial se revisa la versi\u00f3n antes de las alegaciones. \u201cHa habido en torno a unas 80 reuniones de diferente con las diferentes \u00e1reas t\u00e9cnicas, y en ellas se han podido intercambiar con las comunidades multitud de informaci\u00f3n\u201d, ha aclarado la ministra.<\/p>\n<\/div>\n\n","protected":false},"excerpt":{"rendered":"<p>La covid persistente, la enfermedad celiaca, el dolor cr\u00f3nico no oncol\u00f3gico o las secuelas de la polio han pasado a ser consideradas enfermedades cr\u00f3nicas, tras el acuerdo al que han llegado este viernes el Ministerio de Sanidad y las comunidades aut\u00f3nomas en el Consejo Interterritorial del Sistema Nacional de Salud (CISNS) para aprobar el Documento &hellip;<\/p>\n","protected":false},"author":1,"featured_media":34548,"comment_status":"open","ping_status":"open","sticky":false,"template":"","format":"standard","meta":{"fifu_image_url":"https:\/\/imagenes.elpais.com\/resizer\/v2\/XISEOFJGWNGSDIRNKGJ7SVGE4E.jpg?auth=2959ccf721248bb7454d1f7d7e0ffb1d4412b4008d581418f26c2089b1d359f5&width=1200","fifu_image_alt":"","footnotes":""},"categories":[11],"tags":[],"class_list":["post-34546","post","type-post","status-publish","format-standard","has-post-thumbnail","","category-viaje"],"_links":{"self":[{"href":"https:\/\/noticiasveraces.com\/index.php?rest_route=\/wp\/v2\/posts\/34546","targetHints":{"allow":["GET"]}}],"collection":[{"href":"https:\/\/noticiasveraces.com\/index.php?rest_route=\/wp\/v2\/posts"}],"about":[{"href":"https:\/\/noticiasveraces.com\/index.php?rest_route=\/wp\/v2\/types\/post"}],"author":[{"embeddable":true,"href":"https:\/\/noticiasveraces.com\/index.php?rest_route=\/wp\/v2\/users\/1"}],"replies":[{"embeddable":true,"href":"https:\/\/noticiasveraces.com\/index.php?rest_route=%2Fwp%2Fv2%2Fcomments&post=34546"}],"version-history":[{"count":0,"href":"https:\/\/noticiasveraces.com\/index.php?rest_route=\/wp\/v2\/posts\/34546\/revisions"}],"wp:featuredmedia":[{"embeddable":true,"href":"https:\/\/noticiasveraces.com\/index.php?rest_route=\/wp\/v2\/media\/34548"}],"wp:attachment":[{"href":"https:\/\/noticiasveraces.com\/index.php?rest_route=%2Fwp%2Fv2%2Fmedia&parent=34546"}],"wp:term":[{"taxonomy":"category","embeddable":true,"href":"https:\/\/noticiasveraces.com\/index.php?rest_route=%2Fwp%2Fv2%2Fcategories&post=34546"},{"taxonomy":"post_tag","embeddable":true,"href":"https:\/\/noticiasveraces.com\/index.php?rest_route=%2Fwp%2Fv2%2Ftags&post=34546"}],"curies":[{"name":"wp","href":"https:\/\/api.w.org\/{rel}","templated":true}]}}