{"id":34527,"date":"2025-07-04T14:30:13","date_gmt":"2025-07-04T18:30:13","guid":{"rendered":"https:\/\/noticiasveraces.com\/?p=34527"},"modified":"2025-07-04T14:30:13","modified_gmt":"2025-07-04T18:30:13","slug":"alemania-quiere-defenderse-de-los-drones-con-alta-tecnologia-dw-04-07-2025","status":"publish","type":"post","link":"https:\/\/noticiasveraces.com\/?p=34527","title":{"rendered":"Alemania quiere defenderse de los drones con alta tecnolog\u00eda \u2013 DW \u2013 04\/07\/2025"},"content":{"rendered":"<p> \n<\/p>\n<div>\n<p>Los drones: el tema es importante para \u00e9l, por lo que se ha involucrado personalmente desde que asumi\u00f3 el cargo en mayo. Como ministro de\u00a0Interior de Alemania, Alexander Dobrindt\u00a0quiere saber c\u00f3mo se pueden repeler ataques con estos objetos voladores potencialmente peligrosos en caso de emergencia. Por eso visita la Oficina Federal de Polic\u00eda Criminal en un caluroso d\u00eda de verano. En la sede de la BKA en Berl\u00edn, se re\u00fane con expertos del llamado Grupo de Seguridad.<\/p>\n<h2>Unidad Especial de Protecci\u00f3n Personal<\/h2>\n<p>Una de sus tareas m\u00e1s importantes es la protecci\u00f3n del jefe de Estado alem\u00e1n, el presidente Frank-Walter Steinmeier, y de todo el Gobierno federal, encabezado por el canciller\u00a0Friedrich Merz. El equipamiento de esta unidad especial consiste en una gran cantidad de tecnolog\u00eda punta, incluyendo drones con c\u00e1mara y sistemas para contrarrestar dispositivos enemigos.<\/p>\n<p>Mientras Dobrindt inspecciona el arsenal junto con el vicepresidente de la BKA, Sven Kurenbach, no puede evitar pensar en Ucrania: \u00abTodos conocemos las im\u00e1genes de la guerra de agresi\u00f3n de Putin, de drones comerciales con artefactos explosivos fijados con cinta adhesiva\u00bb. Las tropas del presidente ruso los han utilizado para destruir gran parte de su pa\u00eds vecino y matar a muchas personas. Al mismo tiempo, Ucrania tambi\u00e9n se defiende con drones.<\/p>\n<h2>Dobrindt reflexiona sobre drones en mochilas<\/h2>\n<p>Pero, como es l\u00f3gico, el ministro del Interior alem\u00e1n, se preocupa tambi\u00e9n por la seguridad en Alemania. Es su responsable dentro del Gobierno federal. \u00ab\u00bfC\u00f3mo podemos afrontar el hecho de que algo as\u00ed pueda suponer una amenaza en cualquier momento y situaci\u00f3n?\u00bb, reflexiona Dobrindt en las instalaciones de la BKA en Berl\u00edn. \u00abB\u00e1sicamente, cualquiera puede llevar uno de estos aparatos en la mochila\u00bb.<\/p>\n<figure class=\"placeholder-image master_landscape big\"><img data-format=\"MASTER_LANDSCAPE\" data-id=\"73125101\" data-url=\"https:\/\/static.dw.com\/image\/73125101_${formatId}.jpg\" data-aspect-ratio=\"16\/9\" alt=\"El ministro, junto a un agente, mira y se\u00f1ala hacia arriba junto a un ca\u00f1\u00f3n interceptador de drones.\" style=\"padding-bottom: 56.25%; height: 0; max-height: 0;\"\/><figcaption class=\"img-caption\">El ministro del Interior alem\u00e1n, Alexander Dobrindt, durante su visita a la sede del Grupo de Seguridad de la Polic\u00eda Criminal.<small class=\"copyright\">Imagen: Kay Nietfeld\/dpa\/picture alliance<\/small><\/figcaption><\/figure>\n<p>Todo el mundo lo sabe, dice este hombre de 55 a\u00f1os: \u00abEst\u00e1s en un evento al aire libre y de repente ves drones elev\u00e1ndose\u00bb. En la mayor\u00eda de los casos, estos vienen del organizador. \u00abPero no puedes estar seguro. Y ah\u00ed se ve lo f\u00e1cil que pueden convertirse en una amenaza\u00bb.<\/p>\n<h2>Algunos elementos recuerdan a pel\u00edculas como \u00abStar Wars\u00bb<\/h2>\n<p>En caso de que se produzca el peor escenario, la BKA cree estar bien preparada. Con tecnolog\u00eda de defensa que recuerda un poco a las armas de pel\u00edculas como \u00abStar Wars\u00bb. Los drones identificados como peligrosos pueden detectarse con un dispositivo de radar y luego desactivarse con la ayuda de un inhibidor.<\/p>\n<p>Un experto del equipo de seguridad de la BKA demuestra c\u00f3mo funciona esto: un dron teledirigido se acerca a una altura de unos cinco metros con el t\u00edpico zumbido que suena como un gigantesco enjambre de avispas. De repente, el peque\u00f1o objeto volador blanco con sus tres h\u00e9lices flota en el aire, como si hubiera sufrido un shock. El inhibidor ha funcionado.<\/p>\n<h2>El lanzador \u00abSky Wall 100\u00bb<\/h2>\n<p>Si el peligro persiste, se desplegar\u00e1 el \u00abSky Wall 100\u00bb. Con este lanzador, se podr\u00eda disparar una delicada red al cielo para atrapar el dron y bajarlo a tierra con un paraca\u00eddas.<\/p>\n<p>Dobrindt se muestra visiblemente impresionado y promete apoyo adicional: \u00abSeguiremos refortaleciendo este \u00e1mbito\u00bb. Esto significa m\u00e1s financiaci\u00f3n para tecnolog\u00eda y personal. \u00abNuestra tarea es desarrollar competencias de las que otros tambi\u00e9n puedan beneficiarse\u00bb. La Oficina Federal de Polic\u00eda Criminal (BKA) es pionera en la defensa contra drones, afirma el ministro de\u00a0Interior, y agradece a cada especialista con un apret\u00f3n de manos su \u00absobresaliente\u00bb trabajo.<\/p>\n<p><span data-slot-id=\"Article_InContent-1\" class=\"rich-text-ad\"\/><\/p>\n<h2>Tambi\u00e9n se trata de la protecci\u00f3n civil y militar<\/h2>\n<p>Dobrindt habla expl\u00edcitamente de una \u00abdefensa total de Alemania\u00bb, que incluye tanto la protecci\u00f3n militar como la civil. Al mismo tiempo, anunci\u00f3 su intenci\u00f3n de ampliar la protecci\u00f3n de las personas vulnerables en el extranjero. Cuando pol\u00edticos de alto rango viajan por el mundo, la BKA siempre est\u00e1 ah\u00ed.<\/p>\n<p>\u00abEspecialmente en regiones que no son destinos vacacionales tradicionales\u00bb, afirma Dobrindt. Su comentario fr\u00edvolo es perfectamente coherente con el hecho de que en ese momento est\u00e1 flanqueado por fuerzas especiales enmascaradas con uniformes de camuflaje. Los hombres fuertemente armados apenas se distinguen de los soldados.<\/p>\n<figure class=\"placeholder-image master_landscape big\"><img data-format=\"MASTER_LANDSCAPE\" data-id=\"73125174\" data-url=\"https:\/\/static.dw.com\/image\/73125174_${formatId}.jpg\" data-aspect-ratio=\"16\/9\" alt=\"El ministro, con traje azul y camisa blanca, junto a los polic\u00edas, con uniforme marr\u00f3n y cascos de camuflaje, fuertemente armados.\" style=\"padding-bottom: 56.25%; height: 0; max-height: 0;\"\/><figcaption class=\"img-caption\">El ministro alem\u00e1n del Interior, Alexander Dobrindt, flanqueado por agentes de un grupo especial de la BKA para misiones en el exterior.<small class=\"copyright\">Imagen: Kay Nietfeld\/dpa\/picture alliance<\/small><\/figcaption><\/figure>\n<h2>Socialdem\u00f3cratas y verdes quer\u00edan modificar la Ley de Seguridad A\u00e9rea<\/h2>\n<p>Las fuerzas policiales regionales (de los <em>Pa\u00edses <\/em>o estados federados) suelen ser responsables de la prevenci\u00f3n de amenazas internas. Carecen, en gran medida, del equipo y la capacidad para derribar drones sospechosos. Por lo tanto, la coalici\u00f3n de socialdem\u00f3cratas (SPD) y verdes, que a\u00fan exist\u00eda a principios de 2025, quer\u00eda modificar la Ley de Seguridad A\u00e9rea.<\/p>\n<p>El objetivo era poder solicitar apoyo a la Bundeswehr, el Ej\u00e9rcito federal, en caso necesario, si la polic\u00eda no pudiera hacer frente a la defensa contra drones por carencias t\u00e9cnicas o de personal. Sin embargo, debido a las elecciones federales anticipadas del 23 de febrero, el Parlamento alem\u00e1n, el Bundestag, ya no pudo considerar la enmienda prevista a la ley.<\/p>\n<h2>La BKA no deber\u00eda tener de qu\u00e9 preocuparse<\/h2>\n<p>En el acuerdo de coalici\u00f3n entre los partidos de la uni\u00f3n conservadora (CDU\/CSU) y el SPD ya no se menciona ninguna enmienda a la Ley de Seguridad A\u00e9rea. En cambio, se reforzar\u00e1n a\u00fan m\u00e1s las autoridades de seguridad federales y estatales. La BKA, al parecer, no tiene de qu\u00e9 preocuparse en lo que respecta a la defensa contra drones. El ministro de\u00a0Interior, Dobrindt, promete encargarse de ello.<\/p>\n<p>(LGC\/)<\/p>\n<\/div>\n\n","protected":false},"excerpt":{"rendered":"<p>Los drones: el tema es importante para \u00e9l, por lo que se ha involucrado personalmente desde que asumi\u00f3 el cargo en mayo. Como ministro de\u00a0Interior de Alemania, Alexander Dobrindt\u00a0quiere saber c\u00f3mo se pueden repeler ataques con estos objetos voladores potencialmente peligrosos en caso de emergencia. Por eso visita la Oficina Federal de Polic\u00eda Criminal en &hellip;<\/p>\n","protected":false},"author":1,"featured_media":34528,"comment_status":"open","ping_status":"open","sticky":false,"template":"","format":"standard","meta":{"fifu_image_url":"https:\/\/static.dw.com\/image\/72033333_6.jpg","fifu_image_alt":"","footnotes":""},"categories":[13],"tags":[],"class_list":["post-34527","post","type-post","status-publish","format-standard","has-post-thumbnail","","category-mundo"],"_links":{"self":[{"href":"https:\/\/noticiasveraces.com\/index.php?rest_route=\/wp\/v2\/posts\/34527","targetHints":{"allow":["GET"]}}],"collection":[{"href":"https:\/\/noticiasveraces.com\/index.php?rest_route=\/wp\/v2\/posts"}],"about":[{"href":"https:\/\/noticiasveraces.com\/index.php?rest_route=\/wp\/v2\/types\/post"}],"author":[{"embeddable":true,"href":"https:\/\/noticiasveraces.com\/index.php?rest_route=\/wp\/v2\/users\/1"}],"replies":[{"embeddable":true,"href":"https:\/\/noticiasveraces.com\/index.php?rest_route=%2Fwp%2Fv2%2Fcomments&post=34527"}],"version-history":[{"count":0,"href":"https:\/\/noticiasveraces.com\/index.php?rest_route=\/wp\/v2\/posts\/34527\/revisions"}],"wp:featuredmedia":[{"embeddable":true,"href":"https:\/\/noticiasveraces.com\/index.php?rest_route=\/wp\/v2\/media\/34528"}],"wp:attachment":[{"href":"https:\/\/noticiasveraces.com\/index.php?rest_route=%2Fwp%2Fv2%2Fmedia&parent=34527"}],"wp:term":[{"taxonomy":"category","embeddable":true,"href":"https:\/\/noticiasveraces.com\/index.php?rest_route=%2Fwp%2Fv2%2Fcategories&post=34527"},{"taxonomy":"post_tag","embeddable":true,"href":"https:\/\/noticiasveraces.com\/index.php?rest_route=%2Fwp%2Fv2%2Ftags&post=34527"}],"curies":[{"name":"wp","href":"https:\/\/api.w.org\/{rel}","templated":true}]}}