{"id":34500,"date":"2025-07-04T11:13:54","date_gmt":"2025-07-04T15:13:54","guid":{"rendered":"https:\/\/noticiasveraces.com\/?p=34500"},"modified":"2025-07-04T11:13:54","modified_gmt":"2025-07-04T15:13:54","slug":"el-ex-jugador-de-futbol-del-arsenal-partey-acusado-de-cinco-cargos-de-violacion","status":"publish","type":"post","link":"https:\/\/noticiasveraces.com\/?p=34500","title":{"rendered":"El ex jugador de f\u00fatbol del Arsenal, Partey, acusado de cinco cargos de violaci\u00f3n"},"content":{"rendered":"<p> \n<br \/><img decoding=\"async\" src=\"https:\/\/media-cldnry.s-nbcnews.com\/image\/upload\/t_fit_1500w\/rockcms\/2025-07\/250704-thomas-partey-mb-1512-21f5d3.jpg\" \/><\/p>\n<div>\n<p id=\"anchor-099a9f\" class=\"body-graf\">LONDRES &#8211; Thomas Partey, quien anteriormente jug\u00f3 para el club de f\u00fatbol de la Premier League inglesa Arsenal, fue acusado de violaci\u00f3n y agresi\u00f3n sexual, dijo el viernes la polic\u00eda metropolitana de Londres.<\/p>\n<p id=\"anchor-797f37\" class=\"body-graf\">Partey, un internacional de Ghana, fue acusado de cinco cargos de violaci\u00f3n y un cargo de agresi\u00f3n sexual, con los cargos relacionados con tres mujeres y los delitos que se informaron que tuvieron lugar entre 2021 y 2022, seg\u00fan el comunicado.<\/p>\n<p id=\"anchor-4f5d2a\" class=\"body-graf\">La gerencia de Partey no respondi\u00f3 de inmediato a una solicitud de comentarios.<\/p>\n<p id=\"anchor-5aea52\" class=\"body-graf\">Debe comparecer ante el Tribunal de Magistrados de Westminster de Londres el 5 de agosto.<\/p>\n<p id=\"anchor-c88c1c\" class=\"body-graf\">Partey, de 32 a\u00f1os, fue firmado por el Arsenal del Atl\u00e9tico de Madrid por 50 millones de euros ($ 59 millones) en octubre de 2020 y se convirti\u00f3 en un miembro clave del primer equipo del Arsenal.<\/p>\n<p id=\"anchor-564820\" class=\"endmark body-graf\">Fue arrestado por primera vez en julio de 2022, aunque no fue nombrado en ese momento y continu\u00f3 jugando para el Arsenal mientras las investigaciones estaban en curso.<\/p>\n<\/div>\n\n","protected":false},"excerpt":{"rendered":"<p>LONDRES &#8211; Thomas Partey, quien anteriormente jug\u00f3 para el club de f\u00fatbol de la Premier League inglesa Arsenal, fue acusado de violaci\u00f3n y agresi\u00f3n sexual, dijo el viernes la polic\u00eda metropolitana de Londres. Partey, un internacional de Ghana, fue acusado de cinco cargos de violaci\u00f3n y un cargo de agresi\u00f3n sexual, con los cargos relacionados &hellip;<\/p>\n","protected":false},"author":1,"featured_media":34502,"comment_status":"open","ping_status":"open","sticky":false,"template":"","format":"standard","meta":{"fifu_image_url":"https:\/\/media-cldnry.s-nbcnews.com\/image\/upload\/t_nbcnews-fp-1200-630,f_auto,q_auto:best\/rockcms\/2025-07\/250704-thomas-partey-mb-1512-21f5d3.jpg","fifu_image_alt":"","footnotes":""},"categories":[4],"tags":[],"class_list":["post-34500","post","type-post","status-publish","format-standard","has-post-thumbnail","","category-historias-destacadas"],"_links":{"self":[{"href":"https:\/\/noticiasveraces.com\/index.php?rest_route=\/wp\/v2\/posts\/34500","targetHints":{"allow":["GET"]}}],"collection":[{"href":"https:\/\/noticiasveraces.com\/index.php?rest_route=\/wp\/v2\/posts"}],"about":[{"href":"https:\/\/noticiasveraces.com\/index.php?rest_route=\/wp\/v2\/types\/post"}],"author":[{"embeddable":true,"href":"https:\/\/noticiasveraces.com\/index.php?rest_route=\/wp\/v2\/users\/1"}],"replies":[{"embeddable":true,"href":"https:\/\/noticiasveraces.com\/index.php?rest_route=%2Fwp%2Fv2%2Fcomments&post=34500"}],"version-history":[{"count":0,"href":"https:\/\/noticiasveraces.com\/index.php?rest_route=\/wp\/v2\/posts\/34500\/revisions"}],"wp:featuredmedia":[{"embeddable":true,"href":"https:\/\/noticiasveraces.com\/index.php?rest_route=\/wp\/v2\/media\/34502"}],"wp:attachment":[{"href":"https:\/\/noticiasveraces.com\/index.php?rest_route=%2Fwp%2Fv2%2Fmedia&parent=34500"}],"wp:term":[{"taxonomy":"category","embeddable":true,"href":"https:\/\/noticiasveraces.com\/index.php?rest_route=%2Fwp%2Fv2%2Fcategories&post=34500"},{"taxonomy":"post_tag","embeddable":true,"href":"https:\/\/noticiasveraces.com\/index.php?rest_route=%2Fwp%2Fv2%2Ftags&post=34500"}],"curies":[{"name":"wp","href":"https:\/\/api.w.org\/{rel}","templated":true}]}}