{"id":34485,"date":"2025-07-04T08:18:09","date_gmt":"2025-07-04T12:18:09","guid":{"rendered":"https:\/\/noticiasveraces.com\/?p=34485"},"modified":"2025-07-04T08:18:09","modified_gmt":"2025-07-04T12:18:09","slug":"segundo-dia-de-huelga-golpea-fuerte-a-aeropuertos-franceses-dw-04-07-2025","status":"publish","type":"post","link":"https:\/\/noticiasveraces.com\/?p=34485","title":{"rendered":"Segundo d\u00eda de huelga golpea fuerte a aeropuertos franceses \u2013 DW \u2013 04\/07\/2025"},"content":{"rendered":"<p> \n<\/p>\n<div>\n<p>Las autoridades francesas pidieron este viernes (04.07.2025) a las aerol\u00edneas la anulaci\u00f3n de centenares de vuelos en la segunda jornada de la huelga de controladores a\u00e9reos, en la que resultaron afectados de manera notable los dos principales centros a\u00e9reos del pa\u00eds, los parisinos de Charles de Gaulle y Orly, adem\u00e1s de otros recintos del sur del pa\u00eds.<\/p>\n<p>La Direcci\u00f3n General de la Aviaci\u00f3n Civil pidi\u00f3 a las compa\u00f1\u00edas a\u00e9reas que reduzcan el 40 por ciento de sus programas en Charles de Gaulle\/Roissy y Orly, en la jornada en la que el flujo de pasajeros aumenta por el comienzo las vacaciones escolares en Francia. Ambos recintos hab\u00edan resultado menos afectados en la primera jornada, en comparaci\u00f3n con el aeropuerto de Niza, que suprimi\u00f3 la mitad de sus vuelos.<\/p>\n<p>Tras el notable impacto de la primera jornada de paro, con la anulaci\u00f3n de casi 1.000 rutas, la asociaci\u00f3n europea de las compa\u00f1\u00edas a\u00e9reas Airlines for Europe calcula que en todo el continente el n\u00famero de pasajeros afectados se eleva a 300.000. En una entrevista con el canal CNews, el ministro de Transportes, Philippe Tabarot, asegur\u00f3 que no ceder\u00e1 \u00abal chantaje\u00bb de los sindicatos que convocan la huelga de controladores.<\/p>\n<h2>Franceses como \u00abrehenes\u00bb<\/h2>\n<p>El primer ministro franc\u00e9s, Fran\u00e7ois Bayrou, calific\u00f3 el jueves el paro de \u00absorprendente\u00bb, y acus\u00f3 a los huelguistas de \u00abtomar a los franceses como rehenes\u00bb en un d\u00eda en el que \u00abtodo el mundo se va de vacaciones\u00bb. Los controladores paralizados, un colectivo que est\u00e1 entre los mejor pagados del sector p\u00fablico con unos 8.000 euros brutos mensuales, protesta por lo que considera \u00abuna gesti\u00f3n t\u00f3xica\u00bb de sus superiores por obligarles a fichar pr\u00e1cticamente por cada salida de sus puestos de trabajo.<\/p>\n<p>\u00abEsta huelga es intolerable. El control a\u00e9reo franc\u00e9s ya es responsable de algunos de los peores retrasos en Europa, y ahora, las acciones de una minor\u00eda de controladores a\u00e9reos franceses van a perturbar los planes de vacaciones de miles de personas en Francia y Europa\u00bb, afirm\u00f3 la directora general de Airlines for Europe, Ourania Georgoutsakou, en un comunicado.<\/p>\n<p>Ryanair, la mayor aerol\u00ednea europea por n\u00famero de pasajeros, dijo que hab\u00eda cancelado m\u00e1s de 400 vuelos. El paro fue seguido por el 26,2 por ciento de los controladores, todos miembros de dos sindicatos minoritarios, UNSA-ICNA y USAC-CGT.<\/p>\n<p>DZC (EFE, AFP)<\/p>\n<\/div>\n\n","protected":false},"excerpt":{"rendered":"<p>Las autoridades francesas pidieron este viernes (04.07.2025) a las aerol\u00edneas la anulaci\u00f3n de centenares de vuelos en la segunda jornada de la huelga de controladores a\u00e9reos, en la que resultaron afectados de manera notable los dos principales centros a\u00e9reos del pa\u00eds, los parisinos de Charles de Gaulle y Orly, adem\u00e1s de otros recintos del sur &hellip;<\/p>\n","protected":false},"author":1,"featured_media":34486,"comment_status":"open","ping_status":"open","sticky":false,"template":"","format":"standard","meta":{"fifu_image_url":"https:\/\/static.dw.com\/image\/73141056_6.jpg","fifu_image_alt":"","footnotes":""},"categories":[13],"tags":[],"class_list":["post-34485","post","type-post","status-publish","format-standard","has-post-thumbnail","","category-mundo"],"_links":{"self":[{"href":"https:\/\/noticiasveraces.com\/index.php?rest_route=\/wp\/v2\/posts\/34485","targetHints":{"allow":["GET"]}}],"collection":[{"href":"https:\/\/noticiasveraces.com\/index.php?rest_route=\/wp\/v2\/posts"}],"about":[{"href":"https:\/\/noticiasveraces.com\/index.php?rest_route=\/wp\/v2\/types\/post"}],"author":[{"embeddable":true,"href":"https:\/\/noticiasveraces.com\/index.php?rest_route=\/wp\/v2\/users\/1"}],"replies":[{"embeddable":true,"href":"https:\/\/noticiasveraces.com\/index.php?rest_route=%2Fwp%2Fv2%2Fcomments&post=34485"}],"version-history":[{"count":0,"href":"https:\/\/noticiasveraces.com\/index.php?rest_route=\/wp\/v2\/posts\/34485\/revisions"}],"wp:featuredmedia":[{"embeddable":true,"href":"https:\/\/noticiasveraces.com\/index.php?rest_route=\/wp\/v2\/media\/34486"}],"wp:attachment":[{"href":"https:\/\/noticiasveraces.com\/index.php?rest_route=%2Fwp%2Fv2%2Fmedia&parent=34485"}],"wp:term":[{"taxonomy":"category","embeddable":true,"href":"https:\/\/noticiasveraces.com\/index.php?rest_route=%2Fwp%2Fv2%2Fcategories&post=34485"},{"taxonomy":"post_tag","embeddable":true,"href":"https:\/\/noticiasveraces.com\/index.php?rest_route=%2Fwp%2Fv2%2Ftags&post=34485"}],"curies":[{"name":"wp","href":"https:\/\/api.w.org\/{rel}","templated":true}]}}