{"id":34482,"date":"2025-07-04T07:25:12","date_gmt":"2025-07-04T11:25:12","guid":{"rendered":"https:\/\/noticiasveraces.com\/?p=34482"},"modified":"2025-07-04T07:25:12","modified_gmt":"2025-07-04T11:25:12","slug":"20-anos-de-matrimonio-igualitario-y-mas-de-75-000-bodas-yo-era-de-los-que-no-me-queria-casar-y-me-casaria-manana-otra-vez-lgtbiq","status":"publish","type":"post","link":"https:\/\/noticiasveraces.com\/?p=34482","title":{"rendered":"20 a\u00f1os de matrimonio igualitario y m\u00e1s de 75.000 bodas: \u201cYo era de los que no me quer\u00eda casar, y me casar\u00eda ma\u00f1ana otra vez\u201d | LGTBIQ+"},"content":{"rendered":"<p> \n<br \/><img decoding=\"async\" src=\"https:\/\/imagenes.elpais.com\/resizer\/v2\/QH2CCJIEBBEEBIAZR3HLWNJKOY.jpg?auth=958c5eaec1c99147bbea97ba8836165d9a13db0c4ae573e0cbce103d0395960e\" \/><\/p>\n<div data-dtm-region=\"articulo_cuerpo\">\n<p class=\"\">El 3 de julio se ha convertido en una fecha referencial para los derechos LGTBIQ+ en Espa\u00f1a. Ese d\u00eda de hace 20 a\u00f1os entr\u00f3 en vigor la ley de matrimonio igualitario, siendo el tercer pa\u00eds del mundo donde ocurr\u00eda. \u201cEl matrimonio igualitario cambi\u00f3 Espa\u00f1a, nos hizo m\u00e1s decentes\u201d, afirma el expresidente socialista Jos\u00e9 Luis Rodr\u00edguez Zapatero, cuyo Gobierno impuls\u00f3 la legislaci\u00f3n. Desde su legalizaci\u00f3n, se han casado 75.561 parejas del mismo sexo, seg\u00fan los \u00faltimos datos oficiales. La primera fue la de Carlos y Emilio, que oficializaron su matrimonio el 11 de julio de 2005 en Tres Cantos. \u201cFue uno de los d\u00edas m\u00e1s felices de mi vida. Una culminaci\u00f3n. Como llegar a una meta\u201d. Son las palabras de Emilio Men\u00e9ndez, de 71 a\u00f1os, que qued\u00f3 viudo el a\u00f1o pasado, tras medio siglo junto a Carlos Batur\u00edn: \u201cCuando tienes una relaci\u00f3n tan larga, el que se va, se queda contigo\u201d.<\/p>\n<p class=\"\">Emilio y Carlos se conocieron en 1975, durante el tardofranquismo, una \u00e9poca en la que todo era clandestino, en la que cada cita deb\u00eda venir acompa\u00f1ada de justificaciones, coartadas y mentiras. Para Emilio \u201cera algo agotador\u201d. De ah\u00ed que se casaran en cuanto fue legal. A su boda acudi\u00f3 el activista y pol\u00edtico del PSOE Pedro Zerolo, uno de los impulsores de la norma. <\/p>\n<p class=\"\">\u201cAl poco de eso, nos conocimos t\u00fa y yo\u201d, le dice Javier Mart\u00edn a Guillermo Escribano, periodista en RTVE, de 36 a\u00f1os, y guionista, de 37, respectivamente. En 2005, ambos eran muy j\u00f3venes. Vieron las im\u00e1genes de la boda de Carlos y Emilio en la tele. \u201cRecuerdo que lo viv\u00ed con emoci\u00f3n, con el sentimiento de que se estaba haciendo justicia\u201d, explica Javi el d\u00eda que est\u00e1 cas\u00e1ndose con Guillermo (a finales de marzo de este a\u00f1o). Han decidido hacerlo en Campillo de Ranas: \u201cEs un lugar ic\u00f3nico porque su alcalde se ofreci\u00f3 a casar a parejas homosexuales cuando hab\u00eda otros, en ciudades y pueblos mucho m\u00e1s grandes, que se negaban a hacerlo. Nos pareci\u00f3 el sitio perfecto\u201d, explican los novios. <\/p>\n<figure class=\"a_m\"><span class=\"_db a_m_c _rt _rt-16x9 a_m_c-v\"\/><\/figure>\n<p class=\"\">En 2005, cuando se aprob\u00f3 la ley de matrimonio igualitario, se organiz\u00f3 una furibunda respuesta a lomos del Partido Popular (que llev\u00f3 la norma al Constitucional), la Iglesia, que organiz\u00f3 manifestaciones y rezos, pasando por muchos medios conservadores que cargaron las tintas de homofobia. \u201cA m\u00ed me acusaron de ser m\u00e1s o menos el diablo porque iba a acabar con las familias\u201d, recuerda Zapatero: \u201cHab\u00eda muchos obispos [en contra de la norma] de la mano del PP. Nunca vi tantos obispos en mi vida\u201d. <\/p>\n<p class=\"\">En ese clima, el alcalde de Campillo, Francisco Maroto, dijo que \u00e9l casaba a todo el que fuese a su pueblo. \u201cNunca pens\u00e9 que ese acto de visibilidad y militancia pudiera tener tal recorrido\u201d, apunta Maroto tras casar a la pareja de chicos, pues sigue ejerciendo como alcalde de su pueblo (por el PSOE). Tambi\u00e9n se cas\u00f3 \u2015con otro hombre\u2015 y se divorci\u00f3: \u201cYo era de los que no quer\u00eda casarme y hoy soy de los que reivindica el matrimonio 100%. Me casar\u00eda ma\u00f1ana otra vez\u201d.<\/p>\n<p class=\"\">Maroto cuenta que comenz\u00f3 a militar en el movimiento por los derechos LGTBIQ+ a los 16 a\u00f1os. \u201cEstuve represaliado en la Direcci\u00f3n General de Seguridad por la Ley de vagos y maleantes cuando montamos el primer Frente de Liberaci\u00f3n Gay\u201d, rememora. \u201cPor suerte, con el tiempo, la sociedad espa\u00f1ola se ha trasformado: ha abrazado el matrimonio igualitario como algo propio\u201d. Actualmente, casi ocho de cada diez espa\u00f1oles (79%) ve el matrimonio igualitario como \u201cuna conquista positiva para el conjunto de la sociedad\u201d, seg\u00fan el \u00faltimo bar\u00f3metro del CIS (Centro de Investigaciones Sociol\u00f3gicas). <\/p>\n<h3 class=\"\">Una instituci\u00f3n \u201ccriticable\u201d<\/h3>\n<p class=\"\">Ana Garriga y Nerea P\u00e9rez de las Heras, de 35 y 43 a\u00f1os, hab\u00edan hablado alguna vez de casarse. Pero hubo algo que lo precipit\u00f3 todo: un grave accidente que puso la vida de P\u00e9rez de las Heras en peligro y a consecuencia del que perdi\u00f3 parte de una pierna. \u201cCuando en la vida se te atraviesa algo tan inmenso y tan dif\u00edcil de encajar, te reconfigura tambi\u00e9n a ti\u201d, resume Ana. Les ocurri\u00f3 tambi\u00e9n con los v\u00ednculos: las impuls\u00f3 a \u201cformalizar\u201d su relaci\u00f3n. \u201cQuieres tener legalmente una persona responsable de lo que te pueda pasar. Y poder elegirla porque te das cuenta de que en la vida hay situaciones en las que, de repente, necesitas que alguien tome decisiones por ti y amparada por la ley. Eso nos hizo dar el paso\u201d, a\u00f1ade la investigadora y <i>podcaster <\/i>(cocreadora de <i>Las hijas de Felipe<\/i>) un mes despu\u00e9s de casarse (lo celebraron en mayo de este a\u00f1o).<\/p>\n<figure class=\"a_m\"><span class=\"_db a_m_c _rt _rt-16x9 a_m_c-v\"\/><\/figure>\n<p class=\"\">\u201cEl matrimonio sigue siendo una instituci\u00f3n criticable, ha estado llena de autoridad, de jerarqu\u00eda, para las mujeres ha sido hist\u00f3ricamente terrible\u201d, matiza Nerea, que es periodista y copresentadora de los podcasts <i>Saldremos mejores<\/i>, <i>Lo normal <\/i>Y <i>Est\u00e1 el horno para bollos<\/i>. \u201cSin embargo, estas grandes instituciones, que han estado sumergidas en el sumidero heterosexual, se resignifican cuando son tomadas por las bolleras o los maricas. No es lo mismo\u201d, contin\u00faa. Celebra que la norma las convierte a ella y a su esposa en \u201cciudadanas de pleno derecho\u201d. \u201cCuando se aprob\u00f3, no quer\u00edan llamarlo matrimonio. No hay nada m\u00e1s importante en las leyes que los nombres\u201d. <\/p>\n<p class=\"\">Antes de la aprobaci\u00f3n del matrimonio igualitario, el activismo LGTBIQ+ ya peleaba por una norma que reconociese sus uniones. En la \u00e9poca de Jose Mar\u00eda Aznar (PP) como presidente del Gobierno, ya hubo conversaciones. El Ejecutivo conservador ofrec\u00eda una garantista ley de parejas de hecho siempre que se renunciase a la palabra matrimonio. \u201cDijimos que no, que quer\u00edamos los mismos derechos que el resto de ciudadanos, que quer\u00edamos el matrimonio\u201d, recuerda Boti Garc\u00eda Rodrigo, lesbiana, activista de 80 a\u00f1os y expresidenta de la Federaci\u00f3n Estatal LGTBI+ (Felgtbi+), adem\u00e1s de exdirectora general de Diversidad Sexual y Derechos LGTBIQ+ del Ministerio de Igualdad. \u201cDecidimos que ten\u00edamos que pelear por ese sue\u00f1o\u201d, agrega. Al poco tuvieron una primera reuni\u00f3n con Zapatero. <\/p>\n<p class=\"\">En septiembre de 2005, solo unos meses despu\u00e9s de la aprobaci\u00f3n del matrimonio igualitario, el PP present\u00f3 un recurso ante el Tribunal Constitucional. Consideraban que con la ley \u201cdesnaturalizaba\u201d la instituci\u00f3n del matrimonio. Siete a\u00f1os despu\u00e9s, el 6 de noviembre de 2012, el recurso fue rechazado. \u201cCasarse como marica o como bollera es absolutamente activista, porque es decirle a la sociedad que somos iguales, que tenemos los mismos derechos\u201d, contin\u00faa Garc\u00eda Rodrigo. \u201cLuego ya puedes divorciarte, que es otra conquista social. Yo he usado ambos derechos\u201d, a\u00f1ade. Como ella, 13.119 parejas del mismo sexo se han separado en la d\u00e9cada 2013 a 2023 (\u00faltimo a\u00f1o con registros publicados por el Instituto Nacional de Estad\u00edstica). <\/p>\n<p class=\"\">Las mujeres se casan, de media, un poco antes que los hombres: 38 frente a 43 a\u00f1os. As\u00ed, dos de cada tres parejas de mujeres se casaron entre los 20 y los 40 a\u00f1os, mientras que la mitad de los hombres lo hizo a partir de los 40. Alpe Conceptes (67) y Lluci\u00e1 Aimsa (64) dieron el \u201cs\u00ed, quiero\u201d pasados los 50. <\/p>\n<p class=\"\">Llevan casados desde 2012 y dicen que contrajeron matrimonio \u201ctarde\u201d. La raz\u00f3n es que esperaron a que se resolviera el recurso que hab\u00eda planteado el PP contra la ley. \u201cNo quer\u00edamos estar en un limbo legal\u201d, afirma Alpe. En cuanto se desestim\u00f3, organizaron su boda. Ambos est\u00e1n jubilados y viven en Sitges. A Alpe no le gusta la palabra <i>queer<\/i>: \u201cEn ingl\u00e9s quiere decir extra\u00f1o. Yo me he pasado toda la vida intentando ser normal: un se\u00f1or normal al que le gustan los se\u00f1ores\u201d. <\/p>\n<p class=\"\">Uno de los motivo para que Alpe y Lluci\u00e0 se casaran fue el paso del tiempo, el hacerse mayor, el por lo que pueda pasar. \u201cAparte de la ilusi\u00f3n, de hacer p\u00fablica nuestra relaci\u00f3n y festejarlo, implica estar acogido por la ley, tener los mismos derechos, que es lo m\u00e1s importante\u201d, remarca Lluci\u00e1. Adem\u00e1s, en su caso, tambi\u00e9n fue un ejercicio de visibilizaci\u00f3n en algunos \u00e1mbitos de su vida como el laboral. <\/p>\n<p class=\"\">A pesar de los avances sociales que han vivido a lo largo de su vida, lamentan que \u201cincluso en la Espa\u00f1a hoy en d\u00eda hay miradas\u201d. Recuerdan un viaje que hicieron recientemente con el Imserso y la \u201csorpresa\u201d que hubo cuando constataron que eran marido y marido: \u201cNo es nada grave; s\u00ed, un poco inc\u00f3modo\u201d. <\/p>\n<figure class=\"a_m\"><span class=\"_db a_m_c _rt _rt-16x9 a_m_c-v\"\/><\/figure>\n<p class=\"\">\u201cDesde 2005, m\u00e1s de ocho millones [de personas] han nacido en Espa\u00f1a y para ellos es normal que se puedan casar dos personas del mismo sexo. Pero antes hubo quienes sufrieron insultos, golpes, quienes fueron condenados\u201d, dijo el presidente de Espa\u00f1a, Pedro S\u00e1nchez, en el acto de conmemoraci\u00f3n del matrimonio igualitario, la semana pasada. \u201cHoy podemos mirar a los ojos del pasado y decir que no se rompi\u00f3 nada. Al contrario. Fortalecimos nuestra sociedad, ensanchamos el significado de las familias\u201d, agreg\u00f3. <\/p>\n<p class=\"\">Actualmente, en Espa\u00f1a hay 14,1 matrimonios igualitarios por cada 100.000 habitantes, seg\u00fan el INE. Las comunidades con mayor proporci\u00f3n son Canarias, Baleares y Madrid (todas con 21,7). Las que menos, Castilla y Le\u00f3n (7,5), Galicia (7,9) y Extremadura (8,1). Catalu\u00f1a, con 13,4 est\u00e1 en medio. Ah\u00ed tambi\u00e9n residen \u00c0ngels Torregrosa (65) y Laura Soto (66). Se casaron hace una d\u00e9cada, solo un par de a\u00f1os despu\u00e9s de empezar a salir. <\/p>\n<p class=\"\">\u201cYo pensaba que era algo imposible\u201d, apunta Laura, a punto de jubilarse de su trabajo en ayuda a domicilio para personas dependientes. Explica que siempre vivi\u00f3 su homosexualidad \u201cescondida\u201d. \u201cTen\u00eda muchas ganas de ser madre y nunca se me ocurri\u00f3 pensar que pudiera hacerlo con una mujer. Cuando yo era joven, era imposible\u201d. Se convirti\u00f3 en madre en 1989, tras emparejarse con un hombre. Tuvo que pasar bastante tiempo, \u201ca\u00f1os\u201d, para que pudiera expresar su orientaci\u00f3n con total libertad. <\/p>\n<p class=\"\">Ambas recuerdan la aprobaci\u00f3n de la ley de matrimonio igualitario como una fiesta, una victoria. Ahora les inquieta la internacional reaccionaria que recorre el mundo. \u201cNo creo que aqu\u00ed puedan llegar a anular los matrimonios\u201d, afirma \u00c0ngels, m\u00e9dico jubilada, aunque le inquieta que en Estados Unidos haya movimientos ultraconservadores y religiosos que buscan derogar la sentencia (Obergefell vs. Hodges) que ampara las uniones entre personas del mismo sexo. Un movimiento que se ha visto reforzado tras abolir en EE UU la protecci\u00f3n estatal al derecho al aborto. <\/p>\n<p class=\"\">\u201cAntes, hab\u00eda un sentimiento de lucha bastante m\u00e1s marcado\u201d, incide la mujer: \u201cSi no luchamos para ir para adelante, pues vas para atr\u00e1s, \u00bfno?\u201d. <\/p>\n<\/div>\n\n","protected":false},"excerpt":{"rendered":"<p>El 3 de julio se ha convertido en una fecha referencial para los derechos LGTBIQ+ en Espa\u00f1a. Ese d\u00eda de hace 20 a\u00f1os entr\u00f3 en vigor la ley de matrimonio igualitario, siendo el tercer pa\u00eds del mundo donde ocurr\u00eda. \u201cEl matrimonio igualitario cambi\u00f3 Espa\u00f1a, nos hizo m\u00e1s decentes\u201d, afirma el expresidente socialista Jos\u00e9 Luis Rodr\u00edguez &hellip;<\/p>\n","protected":false},"author":1,"featured_media":34484,"comment_status":"open","ping_status":"open","sticky":false,"template":"","format":"standard","meta":{"fifu_image_url":"https:\/\/imagenes.elpais.com\/resizer\/v2\/QH2CCJIEBBEEBIAZR3HLWNJKOY.jpg?auth=958c5eaec1c99147bbea97ba8836165d9a13db0c4ae573e0cbce103d0395960e&width=1200","fifu_image_alt":"","footnotes":""},"categories":[11],"tags":[],"class_list":["post-34482","post","type-post","status-publish","format-standard","has-post-thumbnail","","category-viaje"],"_links":{"self":[{"href":"https:\/\/noticiasveraces.com\/index.php?rest_route=\/wp\/v2\/posts\/34482","targetHints":{"allow":["GET"]}}],"collection":[{"href":"https:\/\/noticiasveraces.com\/index.php?rest_route=\/wp\/v2\/posts"}],"about":[{"href":"https:\/\/noticiasveraces.com\/index.php?rest_route=\/wp\/v2\/types\/post"}],"author":[{"embeddable":true,"href":"https:\/\/noticiasveraces.com\/index.php?rest_route=\/wp\/v2\/users\/1"}],"replies":[{"embeddable":true,"href":"https:\/\/noticiasveraces.com\/index.php?rest_route=%2Fwp%2Fv2%2Fcomments&post=34482"}],"version-history":[{"count":0,"href":"https:\/\/noticiasveraces.com\/index.php?rest_route=\/wp\/v2\/posts\/34482\/revisions"}],"wp:featuredmedia":[{"embeddable":true,"href":"https:\/\/noticiasveraces.com\/index.php?rest_route=\/wp\/v2\/media\/34484"}],"wp:attachment":[{"href":"https:\/\/noticiasveraces.com\/index.php?rest_route=%2Fwp%2Fv2%2Fmedia&parent=34482"}],"wp:term":[{"taxonomy":"category","embeddable":true,"href":"https:\/\/noticiasveraces.com\/index.php?rest_route=%2Fwp%2Fv2%2Fcategories&post=34482"},{"taxonomy":"post_tag","embeddable":true,"href":"https:\/\/noticiasveraces.com\/index.php?rest_route=%2Fwp%2Fv2%2Ftags&post=34482"}],"curies":[{"name":"wp","href":"https:\/\/api.w.org\/{rel}","templated":true}]}}