{"id":34410,"date":"2025-07-03T20:55:15","date_gmt":"2025-07-04T00:55:15","guid":{"rendered":"https:\/\/noticiasveraces.com\/?p=34410"},"modified":"2025-07-03T20:55:15","modified_gmt":"2025-07-04T00:55:15","slug":"ee-uu-llama-a-consultas-a-su-maximo-diplomatico-en-colombia-dw-03-07-2025","status":"publish","type":"post","link":"https:\/\/noticiasveraces.com\/?p=34410","title":{"rendered":"EE.UU. llama a consultas a su m\u00e1ximo diplom\u00e1tico en Colombia \u2013 DW \u2013 03\/07\/2025"},"content":{"rendered":"<p> \n<\/p>\n<div>\n<p>Estados Unidos llam\u00f3 a \u00abconsultas urgentes\u00bb a su m\u00e1ximo representante diplom\u00e1tico en Colombia, en medio de \u00abprofundas preocupaciones\u00bb por la relaci\u00f3n entre los dos pa\u00edses, indic\u00f3 el Departamento de Estado este jueves (03.07.2025).<\/p>\n<p>El encargado de negocios John McNamara fue convocado \u00abluego de repudiables e infundadas declaraciones de los m\u00e1s altos cargos del gobierno de Colombia\u00bb, declar\u00f3 la portavoz Tammy Bruce, sin aclarar a qu\u00e9 se refer\u00eda.\u00a0Adem\u00e1s, Estados Unidos tomar\u00e1 otras medidas \u00abpara que quede clara\u00bb su \u00abprofunda preocupaci\u00f3n por el estado actual de la relaci\u00f3n bilateral\u00bb, agreg\u00f3.<\/p>\n<p>Poco despu\u00e9s, el presidente de Colombia, Gustavo Petro, llam\u00f3 a consultas a su embajador en Estados Unidos, Daniel Garc\u00eda-Pe\u00f1a, en reciprocidad a la misma acci\u00f3n de Washington. El mandatario izquierdista asegur\u00f3 en la red X que el embajador debe informarle \u00abdel desarrollo de la agenda bilateral\u00bb con su principal socio.<\/p>\n<p>La fiscal\u00eda de Colombia abri\u00f3 una investigaci\u00f3n por un supuesto complot para derrocar a Petro con ayuda de pol\u00edticos colombianos y estadounidenses, luego de que el diario espa\u00f1ol <em>El Pa\u00eds<\/em> publicara el domingo audios que implicar\u00edan a su excanciller \u00c1lvaro Leyva en una trama golpista.<\/p>\n<blockquote class=\"tweet embed\" data-id=\"1940837822371373204\"\/>\n<p>\u00abNo es m\u00e1s que una conspiraci\u00f3n (de Leyva) con el narcotr\u00e1fico y con la extrema derecha aparentemente colombiana y norteamericana\u00bb, asegur\u00f3 Petro el lunes.<\/p>\n<p>Adem\u00e1s, Estados Unidos tomar\u00e1 otras medidas \u00abpara que quede clara\u00bb su \u00abprofunda preocupaci\u00f3n por el estado actual de la relaci\u00f3n bilateral\u00bb, dijo Bruce.<\/p>\n<p>La portavoz no detall\u00f3 que acciones tomar\u00eda Washington, pero subray\u00f3 que Colombia sigue siendo \u00abun socio estrat\u00e9gico esencial\u00bb m\u00e1s all\u00e1 de las diferencias con el actual gobierno de Petro.<\/p>\n<p>La relaci\u00f3n bilateral entre Colombia y Estados Unidos se ha visto afectada por choques entre Petro y su hom\u00f3logo estadounidense Donald Trump, con episodios de crisis diplom\u00e1tica por la guerra arancelaria y la deportaci\u00f3n de migrantes.\u00a0Colombia ha sido tradicionalmente el principal socio de Estados Unidos en Am\u00e9rica Latina.<\/p>\n<p>RR AFP\/AP<\/p>\n<\/div>\n\n","protected":false},"excerpt":{"rendered":"<p>Estados Unidos llam\u00f3 a \u00abconsultas urgentes\u00bb a su m\u00e1ximo representante diplom\u00e1tico en Colombia, en medio de \u00abprofundas preocupaciones\u00bb por la relaci\u00f3n entre los dos pa\u00edses, indic\u00f3 el Departamento de Estado este jueves (03.07.2025). El encargado de negocios John McNamara fue convocado \u00abluego de repudiables e infundadas declaraciones de los m\u00e1s altos cargos del gobierno de &hellip;<\/p>\n","protected":false},"author":1,"featured_media":34411,"comment_status":"open","ping_status":"open","sticky":false,"template":"","format":"standard","meta":{"fifu_image_url":"https:\/\/static.dw.com\/image\/71852827_6.jpg","fifu_image_alt":"","footnotes":""},"categories":[13],"tags":[],"class_list":["post-34410","post","type-post","status-publish","format-standard","has-post-thumbnail","","category-mundo"],"_links":{"self":[{"href":"https:\/\/noticiasveraces.com\/index.php?rest_route=\/wp\/v2\/posts\/34410","targetHints":{"allow":["GET"]}}],"collection":[{"href":"https:\/\/noticiasveraces.com\/index.php?rest_route=\/wp\/v2\/posts"}],"about":[{"href":"https:\/\/noticiasveraces.com\/index.php?rest_route=\/wp\/v2\/types\/post"}],"author":[{"embeddable":true,"href":"https:\/\/noticiasveraces.com\/index.php?rest_route=\/wp\/v2\/users\/1"}],"replies":[{"embeddable":true,"href":"https:\/\/noticiasveraces.com\/index.php?rest_route=%2Fwp%2Fv2%2Fcomments&post=34410"}],"version-history":[{"count":0,"href":"https:\/\/noticiasveraces.com\/index.php?rest_route=\/wp\/v2\/posts\/34410\/revisions"}],"wp:featuredmedia":[{"embeddable":true,"href":"https:\/\/noticiasveraces.com\/index.php?rest_route=\/wp\/v2\/media\/34411"}],"wp:attachment":[{"href":"https:\/\/noticiasveraces.com\/index.php?rest_route=%2Fwp%2Fv2%2Fmedia&parent=34410"}],"wp:term":[{"taxonomy":"category","embeddable":true,"href":"https:\/\/noticiasveraces.com\/index.php?rest_route=%2Fwp%2Fv2%2Fcategories&post=34410"},{"taxonomy":"post_tag","embeddable":true,"href":"https:\/\/noticiasveraces.com\/index.php?rest_route=%2Fwp%2Fv2%2Ftags&post=34410"}],"curies":[{"name":"wp","href":"https:\/\/api.w.org\/{rel}","templated":true}]}}