{"id":34401,"date":"2025-07-03T17:50:12","date_gmt":"2025-07-03T21:50:12","guid":{"rendered":"https:\/\/noticiasveraces.com\/?p=34401"},"modified":"2025-07-03T17:50:12","modified_gmt":"2025-07-03T21:50:12","slug":"rusia-primer-pais-en-reconocer-a-talibanes-en-afganistan-dw-03-07-2025","status":"publish","type":"post","link":"https:\/\/noticiasveraces.com\/?p=34401","title":{"rendered":"Rusia, primer pa\u00eds en reconocer a talibanes en Afganist\u00e1n \u2013 DW \u2013 03\/07\/2025"},"content":{"rendered":"<p> \n<\/p>\n<div>\n<p>Rusia se convirti\u00f3 este jueves (03.07.2025) en el primer pa\u00eds en reconocer formalmente al gobierno talib\u00e1n en Afganist\u00e1n desde que tom\u00f3 el poder en 2021, despu\u00e9s de que Mosc\u00fa eliminara al grupo de su lista de organizaciones ilegales.<\/p>\n<p>\u00abReconocido\u00bb, dijo simplemente el representante especial del presidente ruso para Afganist\u00e1n, Zamir Kabulov, a la agencia estatal Ria Novosti. La informaci\u00f3n fue confirmada por el Ministerio de Relaciones Exteriores de Rusia a la agencia de noticias TASS.<\/p>\n<p>Seg\u00fan TASS, la bandera afgana creada por los talibanes se iz\u00f3 por primera vez este jueves en la embajada de Afganist\u00e1n en Mosc\u00fa. El Ministerio de Exteriores ruso anunci\u00f3 haber recibido las credenciales del nuevo embajador en Rusia, Gul Hasan Hasan.<\/p>\n<p>\u00abEsta valiente decisi\u00f3n ser\u00e1 un ejemplo para otros (&#8230;) Ahora que comenz\u00f3 el proceso de reconocimiento, Rusia ha estado por delante de todos\u00bb, dijo el ministro afgano de Relaciones Exteriores, Amir Khan Muttaqi, en un video publicado en la red social X.<\/p>\n<p>Seg\u00fan el ministerio ruso de Exteriores, Rusia tiene la intenci\u00f3n de \u00abcontinuar ayudando a Kabul a fortalecer la seguridad regional y luchar contra las amenazas del terrorismo y el narcotr\u00e1fico\u00bb.<\/p>\n<p>En abril. el Tribunal Supremo ruso retir\u00f3 al movimiento talib\u00e1n de la lista de organizaciones calificadas como terroristas en Rusia, en un contexto de acercamiento con Afganist\u00e1n, aislado de la escena internacional.<\/p>\n<p>RR AFP\/AP\/Reuters<\/p>\n<\/div>\n\n","protected":false},"excerpt":{"rendered":"<p>Rusia se convirti\u00f3 este jueves (03.07.2025) en el primer pa\u00eds en reconocer formalmente al gobierno talib\u00e1n en Afganist\u00e1n desde que tom\u00f3 el poder en 2021, despu\u00e9s de que Mosc\u00fa eliminara al grupo de su lista de organizaciones ilegales. \u00abReconocido\u00bb, dijo simplemente el representante especial del presidente ruso para Afganist\u00e1n, Zamir Kabulov, a la agencia estatal &hellip;<\/p>\n","protected":false},"author":1,"featured_media":34402,"comment_status":"open","ping_status":"open","sticky":false,"template":"","format":"standard","meta":{"fifu_image_url":"https:\/\/static.dw.com\/image\/70010872_6.jpg","fifu_image_alt":"","footnotes":""},"categories":[13],"tags":[],"class_list":["post-34401","post","type-post","status-publish","format-standard","has-post-thumbnail","","category-mundo"],"_links":{"self":[{"href":"https:\/\/noticiasveraces.com\/index.php?rest_route=\/wp\/v2\/posts\/34401","targetHints":{"allow":["GET"]}}],"collection":[{"href":"https:\/\/noticiasveraces.com\/index.php?rest_route=\/wp\/v2\/posts"}],"about":[{"href":"https:\/\/noticiasveraces.com\/index.php?rest_route=\/wp\/v2\/types\/post"}],"author":[{"embeddable":true,"href":"https:\/\/noticiasveraces.com\/index.php?rest_route=\/wp\/v2\/users\/1"}],"replies":[{"embeddable":true,"href":"https:\/\/noticiasveraces.com\/index.php?rest_route=%2Fwp%2Fv2%2Fcomments&post=34401"}],"version-history":[{"count":0,"href":"https:\/\/noticiasveraces.com\/index.php?rest_route=\/wp\/v2\/posts\/34401\/revisions"}],"wp:featuredmedia":[{"embeddable":true,"href":"https:\/\/noticiasveraces.com\/index.php?rest_route=\/wp\/v2\/media\/34402"}],"wp:attachment":[{"href":"https:\/\/noticiasveraces.com\/index.php?rest_route=%2Fwp%2Fv2%2Fmedia&parent=34401"}],"wp:term":[{"taxonomy":"category","embeddable":true,"href":"https:\/\/noticiasveraces.com\/index.php?rest_route=%2Fwp%2Fv2%2Fcategories&post=34401"},{"taxonomy":"post_tag","embeddable":true,"href":"https:\/\/noticiasveraces.com\/index.php?rest_route=%2Fwp%2Fv2%2Ftags&post=34401"}],"curies":[{"name":"wp","href":"https:\/\/api.w.org\/{rel}","templated":true}]}}